{"id":366688,"date":"2026-01-28T22:12:08","date_gmt":"2026-01-28T22:12:08","guid":{"rendered":"https:\/\/www.europesays.com\/es\/366688\/"},"modified":"2026-01-28T22:12:08","modified_gmt":"2026-01-28T22:12:08","slug":"patrick-reed-abandona-liv-golf-y-volvera-al-pga-tour-en-2027","status":"publish","type":"post","link":"https:\/\/www.europesays.com\/es\/366688\/","title":{"rendered":"Patrick Reed abandona LIV Golf y volver\u00e1 al PGA Tour en 2027"},"content":{"rendered":"<p>            <a href=\"https:\/\/ten-golf.com\/wp-content\/uploads\/2026\/01\/reeddubaiganajarra26.webp\" data-caption=\"Patrick Reed posa divertido con el trofeo del Desert Classic bajo la lluvia.\" rel=\"nofollow noopener\" target=\"_blank\"><img decoding=\"async\" loading=\"lazy\" width=\"666\" height=\"375\" class=\"entry-thumb td-modal-image\" src=\"https:\/\/www.europesays.com\/es\/wp-content\/uploads\/2026\/01\/reeddubaiganajarra26-666x375.webp.webp\"   alt=\"Patrick Reed posa divertido con el trofeo del Desert Classic bajo la lluvia.\" title=\"Patrick Reed posa divertido con el trofeo del Desert Classic bajo la lluvia.\"\/><\/a>Patrick Reed posa divertido con el trofeo del Desert Classic bajo la lluvia.<\/p>\n<p><strong>Patrick Reed<\/strong> ha anunciado este mi\u00e9rcoles que deja <strong>LIV Golf<\/strong>. Sus palabras el domingo tras ganar el <strong>Hero Dubai Desert Classic<\/strong> han sido premonitorias. Es el segundo abandono de la liga saud\u00ed tras <strong>Brooks Koepka<\/strong>. Otro ganador de Grande que se marcha despu\u00e9s de cuatro a\u00f1os formando equipo con <strong>Dustin Johnson<\/strong>. Otro golpe duro a la l\u00ednea de flotaci\u00f3n del circuito financiado por el <strong>PIF<\/strong>.<\/p>\n<p>Reed no ha ofrecido m\u00e1s explicaci\u00f3n que la siguiente: \u00abTras una profunda deliberaci\u00f3n, mi familia y yo hemos tomado la decisi\u00f3n de no competir m\u00e1s en LIV Golf. Me emociona anunciar que regresar\u00e9 al PGA Tour el pr\u00f3ximo a\u00f1o con la categor\u00eda de antiguo campe\u00f3n y que ser\u00e9 elegible para competir all\u00ed\u00bb. No hay m\u00e1s razones. Adem\u00e1s ha dicho lo siguiente:<\/p>\n<p data-start=\"0\" data-end=\"124\">\u00abSoy un tradicionalista de coraz\u00f3n y nac\u00ed para jugar en el PGA TOUR, que es donde empez\u00f3 mi historia con mi esposa, Justine. Me siento muy afortunado por las oportunidades que se me han presentado y agradecido por la vida que hemos construido. Sigo avanzando en mi carrera y estoy deseando competir en el PGA TOUR y en el DP World Tour. Estoy deseando regresar a algunos de los mejores lugares del planeta.<\/p>\n<p data-start=\"435\" data-end=\"667\">Quiero dar las gracias a todas las personas implicadas por ayudarme a tomar esta decisi\u00f3n. Durante los \u00faltimos cuatro a\u00f1os he aprendido mucho sobre m\u00ed mismo, sobre qui\u00e9n soy y qui\u00e9n no soy, y por ello estar\u00e9 eternamente agradecido. A Dustin Johnson, a The Aces y a LIV Golf, quiero daros las gracias por los recuerdos que compartimos y creamos juntos.<\/p>\n<p data-start=\"790\" data-end=\"1076\">A los aficionados al golf de todo el mundo solo quiero daros las gracias a todos por vuestro apoyo continuo a lo largo de los a\u00f1os. Solo os pido que respet\u00e9is la decisi\u00f3n que hemos tomado por nuestra familia, por nuestros hijos y por nuestro futuro. Gracias por vuestro apoyo continuo\u00bb.<\/p>\n<p>Obviamente, es muy f\u00e1cil concluir que Reed y LIV Golf no han llegado a un acuerdo econ\u00f3mico, m\u00e1s all\u00e1 de otras razones que se puedan esgrimir en el futuro. Es una especulaci\u00f3n, pero todo apunta a ello cuando el pasado domingo, despu\u00e9s de ganar en el <strong>Emirates Golf Club<\/strong> de Dubai, el propio Reed aseguraba que s\u00ed, que no hab\u00eda firmado todav\u00eda su renovaci\u00f3n, pero que le sorprender\u00eda no estar en Riad el pr\u00f3ximo mi\u00e9rcoles empezando la temporada de LIV.<\/p>\n<p>Poco despu\u00e9s del comunicado de Reed, hac\u00eda lo propio el PGA Tour. A trav\u00e9s de las redes sociales, dec\u00eda lo siguiente: \u00abPatrick Reed ha informado al PGA Tour sobre su deseo de volver\u00bb.<\/p>\n<p>Ganador de nueve torneos del PGA Tour, solicita la readmisi\u00f3n de su membres\u00eda en el PGA Tour para la temporada 2027, compitiendo bajo la categor\u00eda de ex campeones. Dado que renunci\u00f3 a su membres\u00eda en 2022 antes de infringir cualquier normativa del TOUR, podr\u00eda regresar a la competici\u00f3n del TOUR el 25 de agosto de 2026, como no miembro, siempre que cumpla la normativa del TOUR y no participe en nuevos eventos no autorizados. En ese momento, Reed ser\u00eda elegible para participar como no miembro en los torneos del <strong>FedExCup Fall<\/strong> y podr\u00eda aceptar invitaciones de patrocinador o participar en las clasificatorias de los torneos.<\/p>\n<p>Despu\u00e9s, Reed podr\u00e1 restablecer su membres\u00eda para la temporada 2027 del TOUR, en la que competir\u00eda bajo la categor\u00eda de ex campe\u00f3n. El jugador de 35 a\u00f1os jugar\u00e1 este a\u00f1o en el <strong>DP World Tour<\/strong>. Reed podr\u00eda mejorar su estatus de cara a 2027 si acaba entre los diez primeros clasificados del ranking de la Race to Dubai, en el que actualmente ocupa la segunda posici\u00f3n. Disputar\u00e1 la temporada 2027 del PGA Tour bajo la categor\u00eda de elegibilidad m\u00e1s alta que consiga.<\/p>\n<p data-start=\"1374\" data-end=\"1738\">\u201cMe entusiasma anunciar que regreso al PGA TOUR como miembro ex campe\u00f3n para la temporada 2027 y que soy elegible para comenzar a competir en eventos del PGA TOUR a finales de este a\u00f1o\u201d, dijo Reed en un comunicado. \u201cSeguir\u00e9 compitiendo y jugando como Miembro Honorario Vitalicio en el DP World Tour, algo que es un verdadero honor para m\u00ed y que me ilusiona mucho\u201d. Al igual que cualquier jugador readmitido bajo el Returning Member Program, Reed no podr\u00e1 participar en el Player Equity Program (reparto de acciones) hasta 2030.<\/p>\n<p data-start=\"1883\" data-end=\"2400\">\u201cConsideramos que se trata de un castigo financiera suficientemente significativo \u2014y justificado\u2014 para los ex miembros del PGA TOUR que son readmitidos\u201d, se\u00f1alaron el Jefe de Competiciones, <strong>Tyler Dennis<\/strong>, y el Jefe de los Jugadores, <strong>Jason Gore<\/strong>, en un memorando enviado el mi\u00e9rcoles a los miembros del TOUR. \u201cSeguimos comprometidos con fortalecer el PGA TOUR, servir a nuestros aficionados y dar la bienvenida de nuevo a los jugadores que deseen regresar, mediante un proceso coherente\u201d.<\/p>\n<p data-start=\"2402\" data-end=\"2867\">Reed no cumpl\u00eda los criterios del Returning Member Program que fue establecido a principios de este mes por el CEO del TOUR, <strong>Brian Rolapp<\/strong>, y que se aplicaba a jugadores que hubieran ganado un major o THE PLAYERS desde 2022 (s\u00f3lo entraban Koepka, que se acogi\u00f3, DeChambeau, Rahm y Cameron Smith). Aunque el plazo del Returning Member Program vence el lunes 2 de febrero, los responsables del TOUR entineden que Brooks Koepka \u2014que participar\u00e1 esta semana en el Farmers Insurance Open\u2014 ser\u00e1 el \u00fanico jugador que regrese a trav\u00e9s de este programa.<\/p>\n<p data-start=\"2869\" data-end=\"3176\">Aunque Reed conserva estatus exento por victorias previas en el TOUR hasta la temporada 2026, esa categor\u00eda no puede utilizarse este a\u00f1o para entrar en torneos como no miembro. Su estatus este oto\u00f1o le har\u00eda potencialmente elegible para recibir una elecci\u00f3n del capit\u00e1n para la <strong>Presidents Cup<\/strong> en septiembre.<\/p>\n<p data-start=\"3178\" data-end=\"3457\">Reed, cuya victoria m\u00e1s reciente en el TOUR lleg\u00f3 en el Farmers Insurance Open de 2021, compiti\u00f3 por \u00faltima vez en un evento del TOUR fuera de los majors en junio de 2022. Su victoria del domingo en Dub\u00e1i en el DP World Tour lo coloc\u00f3 en el puesto 29 del ranking mundial.<\/p>\n<blockquote class=\"wp-embedded-content\" data-secret=\"KEBVm0Orou\">\n<p><a href=\"https:\/\/ten-golf.com\/es\/grandes-circuitos\/dp-world-tour\/patrick-reed-asegura-que-aun-no-ha-renovado-para-este-ano-con-liv-golf\/\" rel=\"nofollow noopener\" target=\"_blank\">Reed sorprende y desvela que ahora mismo no tiene contrato con LIV Golf<\/a><\/p>\n<\/blockquote>\n<p data-start=\"3178\" data-end=\"3457\">Ahora toca ver c\u00f3mo rellena LIV Golf el hueco que deja <strong>Patrick Reed<\/strong>, puesto que en teor\u00eda todos los equipos estaban cerrados. Definitivamente, no ha ido un buen invierno para la liga saud\u00ed. S\u00ed es una buena noticia para el DP World Tourm que tendr\u00e1 a Reed todo el a\u00f1o, y para el PGA Tour, que lo recuperar\u00e1 el pr\u00f3ximo mes de septiembre.<\/p>\n<p data-start=\"3178\" data-end=\"3457\">LIV Golf, por su parte, ha comunicado que no ha llegado a un acuerdo con Reed y que siempre han apostado porque los jugadores puedan jugar donde quieran en cada momento. Eso s\u00ed, salvo los que tienen contrato que deben jugar los 14 torneos en LIV\u2026<\/p>\n","protected":false},"excerpt":{"rendered":"Patrick Reed posa divertido con el trofeo del Desert Classic bajo la lluvia. Patrick Reed ha anunciado este&hellip;\n","protected":false},"author":2,"featured_media":366689,"comment_status":"","ping_status":"","sticky":false,"template":"","format":"standard","meta":{"footnotes":""},"categories":[275],"tags":[168,7316,25,24,329,968,336,21479,1960,339,340,1909,1910,23,167],"class_list":["post-366688","post","type-post","status-publish","format-standard","has-post-thumbnail","category-golf","tag-deportes","tag-dp-world-tour","tag-es","tag-espana","tag-golf","tag-liv-golf","tag-notificacion","tag-patrick-reed","tag-pga-tour","tag-portada-america","tag-portada-global","tag-portada-top","tag-portada-top-america","tag-spain","tag-sports"],"share_on_mastodon":{"url":"https:\/\/pubeurope.com\/@es\/115975025065188213","error":""},"_links":{"self":[{"href":"https:\/\/www.europesays.com\/es\/wp-json\/wp\/v2\/posts\/366688","targetHints":{"allow":["GET"]}}],"collection":[{"href":"https:\/\/www.europesays.com\/es\/wp-json\/wp\/v2\/posts"}],"about":[{"href":"https:\/\/www.europesays.com\/es\/wp-json\/wp\/v2\/types\/post"}],"author":[{"embeddable":true,"href":"https:\/\/www.europesays.com\/es\/wp-json\/wp\/v2\/users\/2"}],"replies":[{"embeddable":true,"href":"https:\/\/www.europesays.com\/es\/wp-json\/wp\/v2\/comments?post=366688"}],"version-history":[{"count":0,"href":"https:\/\/www.europesays.com\/es\/wp-json\/wp\/v2\/posts\/366688\/revisions"}],"wp:featuredmedia":[{"embeddable":true,"href":"https:\/\/www.europesays.com\/es\/wp-json\/wp\/v2\/media\/366689"}],"wp:attachment":[{"href":"https:\/\/www.europesays.com\/es\/wp-json\/wp\/v2\/media?parent=366688"}],"wp:term":[{"taxonomy":"category","embeddable":true,"href":"https:\/\/www.europesays.com\/es\/wp-json\/wp\/v2\/categories?post=366688"},{"taxonomy":"post_tag","embeddable":true,"href":"https:\/\/www.europesays.com\/es\/wp-json\/wp\/v2\/tags?post=366688"}],"curies":[{"name":"wp","href":"https:\/\/api.w.org\/{rel}","templated":true}]}}