{"id":366849,"date":"2026-01-29T00:11:14","date_gmt":"2026-01-29T00:11:14","guid":{"rendered":"https:\/\/www.europesays.com\/es\/366849\/"},"modified":"2026-01-29T00:11:14","modified_gmt":"2026-01-29T00:11:14","slug":"fallecio-en-tulcan-ana-luisa-montenegro-madre-del-ciclista-ecuatoriano-richard-carapaz","status":"publish","type":"post","link":"https:\/\/www.europesays.com\/es\/366849\/","title":{"rendered":"Falleci\u00f3 en Tulc\u00e1n Ana Luisa Montenegro, madre del ciclista ecuatoriano Richard Carapaz"},"content":{"rendered":"<p wf_formattings=\"extended\" class=\"c-text\"><b>Ana Luisa Monetenegro<\/b>, madre del ciclista ecuatoriano<b> Richard Carapaz<\/b> ha fallecido en Tulc\u00e1n este mi\u00e9rcoles 28 de enero de 2026.<\/p>\n<p wf_formattings=\"extended\" class=\"c-text\">Esta informaci\u00f3n fue confirmada a trav\u00e9s de un chat de prensa de la <b>&#8216;Locomotora del Carchi&#8217;<\/b>, quien arrancaba este d\u00eda en el <b>Trofeo\u00a0Calvi\u00e0<\/b>, en Mallorca, pero no se present\u00f3 en la l\u00ednea de partida.<\/p>\n<p wf_formattings=\"extended\" class=\"c-text\">\u00ab<b>Richard <\/b>y su familia les agradecen sus <b>condolencias <\/b>y, al mismo tiempo, les pedimos <b>respeto <\/b>en sus publicaciones\u00bb, precis\u00f3 su representante.<\/p>\n<p wf_formattings=\"extended\" class=\"c-text\">El ciclista ecuatoriano comparti\u00f3 una fotograf\u00eda junto a su madre y un corto mensaje en redes sociales. \u00abMi <b>amor <\/b>por ti existe desde que tengo <b>memoria <\/b>y perdurar\u00e1 hasta que mi existencia vuelva a unirse con la tuya. <b>TE AMO, MAMITA<\/b>\u00ab, escribi\u00f3 Carapaz.<\/p>\n<p wf_formattings=\"extended\" class=\"c-text\">Las causas de la muerte de <b>Montenegro <\/b>no han sido difundidas, pero se sabe que ha padecido algunos <b>quebrantos <\/b>en su <b>salud <\/b>en los \u00faltimos a\u00f1os.<\/p>\n<p wf_formattings=\"extended\" class=\"c-text\">En <b>2022 <\/b>la madre de <b>Carapaz <\/b>estuvo internada varios d\u00edas en un hospital, incluso se emprendi\u00f3 una campa\u00f1a de <b>donaci\u00f3n <\/b>de <b>sangre <\/b>que ella necesitaba.<\/p>\n","protected":false},"excerpt":{"rendered":"Ana Luisa Monetenegro, madre del ciclista ecuatoriano Richard Carapaz ha fallecido en Tulc\u00e1n este mi\u00e9rcoles 28 de enero&hellip;\n","protected":false},"author":2,"featured_media":366850,"comment_status":"","ping_status":"","sticky":false,"template":"","format":"standard","meta":{"footnotes":""},"categories":[273],"tags":[683,313,312,168,25,24,13764,31581,7219,23,167,81369],"class_list":["post-366849","post","type-post","status-publish","format-standard","has-post-thumbnail","category-ciclismo","tag-ana","tag-ciclismo","tag-cycling","tag-deportes","tag-es","tag-espana","tag-fallecio","tag-luisa","tag-montenegro","tag-spain","tag-sports","tag-tulcan"],"share_on_mastodon":{"url":"https:\/\/pubeurope.com\/@es\/115975492906781568","error":""},"_links":{"self":[{"href":"https:\/\/www.europesays.com\/es\/wp-json\/wp\/v2\/posts\/366849","targetHints":{"allow":["GET"]}}],"collection":[{"href":"https:\/\/www.europesays.com\/es\/wp-json\/wp\/v2\/posts"}],"about":[{"href":"https:\/\/www.europesays.com\/es\/wp-json\/wp\/v2\/types\/post"}],"author":[{"embeddable":true,"href":"https:\/\/www.europesays.com\/es\/wp-json\/wp\/v2\/users\/2"}],"replies":[{"embeddable":true,"href":"https:\/\/www.europesays.com\/es\/wp-json\/wp\/v2\/comments?post=366849"}],"version-history":[{"count":0,"href":"https:\/\/www.europesays.com\/es\/wp-json\/wp\/v2\/posts\/366849\/revisions"}],"wp:featuredmedia":[{"embeddable":true,"href":"https:\/\/www.europesays.com\/es\/wp-json\/wp\/v2\/media\/366850"}],"wp:attachment":[{"href":"https:\/\/www.europesays.com\/es\/wp-json\/wp\/v2\/media?parent=366849"}],"wp:term":[{"taxonomy":"category","embeddable":true,"href":"https:\/\/www.europesays.com\/es\/wp-json\/wp\/v2\/categories?post=366849"},{"taxonomy":"post_tag","embeddable":true,"href":"https:\/\/www.europesays.com\/es\/wp-json\/wp\/v2\/tags?post=366849"}],"curies":[{"name":"wp","href":"https:\/\/api.w.org\/{rel}","templated":true}]}}