{"id":366908,"date":"2026-01-29T01:02:12","date_gmt":"2026-01-29T01:02:12","guid":{"rendered":"https:\/\/www.europesays.com\/es\/366908\/"},"modified":"2026-01-29T01:02:12","modified_gmt":"2026-01-29T01:02:12","slug":"su-cerebro-no-es-capaz","status":"publish","type":"post","link":"https:\/\/www.europesays.com\/es\/366908\/","title":{"rendered":"\u201cSu cerebro no es capaz\u201d"},"content":{"rendered":"<p id=\"eeWHhKosOX\" data-wc=\"107\">Cada gesto de<a class=\"hm-link ho-link\" href=\"https:\/\/www.hola.com\/actualidad\/20260107876649\/bruce-willis-comentario-mujer-no-ha-muerto\/\" data-mrf-recirculation=\"article-body-link\" rel=\"nofollow noopener\" target=\"_blank\">\u00a0la familia de Bruce Willis es examinado al detalle.<\/a> Una muestra de ello ocurri\u00f3 el mes pasado, cuando su mujer comparti\u00f3 un carrusel con algunos de sus mejores momentos juntos y alarm\u00f3 a sus seguidores al referirse a \u00e9l en pasado. \u201cSus comentarios, su risa\u2026 siempre lograba que todo fuera divertido. As\u00ed era \u00e9l: pura diversi\u00f3n\u201d, escribi\u00f3. Unas palabras que hicieron saltar todas las alarmas, aunque finalmente todo qued\u00f3 en un susto, ya que el actor sigue con vida. Ahora<strong>, Emma Heming vuelve a acaparar titulares tras revelar qu\u00e9 aspectos de su enfermedad conoce y cu\u00e1les no el protagonista de\u00a0La jungla de cristal.<\/strong><\/p>\n<p> <img src=\"https:\/\/www.europesays.com\/es\/wp-content\/uploads\/2025\/12\/5b7e42a96a70-aniversario.jpg\"   width=\"1024\" height=\"1024\" loading=\"lazy\" decoding=\"async\" alt=\"Bruce Willis junto a su mujer en una imagen de archivo\" fetchpriority=\"auto\" class=\"image ho-image\"\/>\u00a9 emmahemingwillisBruce Willis junto a su mujer en una imagen de archivo<\/p>\n<p id=\"eaJLwX1kjk\" data-wc=\"91\">Emma Heming ha concedido una entrevista a Cameron Oaks Rogers en el episodio del 28 de enero de su p\u00f3dcast\u00a0Conversations with Cam, en la que ha ofrecido una actualizaci\u00f3n sobre el estado de salud de Bruce Willis. Durante la conversaci\u00f3n, la mujer del actor explic\u00f3 c\u00f3mo vive el int\u00e9rprete su enfermedad y aclar\u00f3 que no es consciente del diagn\u00f3stico que padece: <strong>\u00abNo sabe que tiene demencia frontotemporal. No es que lo niegue ni que lo evite; simplemente, su cerebro ya no es capaz de reconocerlo. Nunca lleg\u00f3 a atar cabos\u00bb.<\/strong><\/p>\n<p> <img src=\"https:\/\/www.europesays.com\/es\/wp-content\/uploads\/2025\/11\/7087ffe4acd2-emma-heming1-z.jpg\"   width=\"1024\" height=\"1024\" loading=\"lazy\" decoding=\"async\" alt=\"Bruce Willis y Emma Heming \" fetchpriority=\"auto\" class=\"image ho-image\"\/>\u00a9 emmahemingwillisBruce Willis y Emma Heming <\/p>\n<p id=\"ecB4LT7_mi\" data-wc=\"90\">\u201c<strong>Bruce nunca, nunca se rindi\u00f3<\/strong>. Creo que ah\u00ed reside tanto la bendici\u00f3n como la maldici\u00f3n de esta enfermedad: que nunca fue consciente de que la padec\u00eda, y, sinceramente, me alegra mucho que sea as\u00ed. Me tranquiliza saber que no lo sabe<a class=\"hm-link ho-link\" href=\"https:\/\/www.hola.com\/actualidad\/20251126869762\/familia-de-bruce-willis-donara-su-cerebro-a-la-ciencia\/\" data-mrf-recirculation=\"article-body-link\" rel=\"nofollow noopener\" target=\"_blank\">\u201d, continu\u00f3 explicando Emma Heming\u00a0<\/a>en el citado programa. Adem\u00e1s, quiso detallar el motivo de esta falta de conciencia sobre su estado: \u00abExiste una afecci\u00f3n neurol\u00f3gica asociada a la DFT y a otros tipos de demencia, llamada anosognosia, en la que su cerebro no puede identificar lo que le sucede\u00bb.<\/p>\n<p id=\"ey178GskkO\" data-wc=\"73\">Seg\u00fan a\u00f1adi\u00f3, tanto el actor como otras personas que sufren demencia frontotemporal \u00ab<strong>perciben esa situaci\u00f3n como su normalidad,\u00a0<\/strong>sin ser conscientes de que algo ha cambiado. La gente piensa que esto podr\u00eda ser negaci\u00f3n, como si no quisieran ir al m\u00e9dico porque piensan: &#8216;Estoy bien, estoy bien&#8217;. En realidad, es la anosognosia la que entra en juego. No es negaci\u00f3n. Es solo que su cerebro est\u00e1 cambiando. Esto es parte de la enfermedad\u00bb.\u00a0<\/p>\n<p> <img src=\"https:\/\/www.europesays.com\/es\/wp-content\/uploads\/2025\/11\/efcd76e4a2af-emma-heming2.jpg\"   width=\"819\" height=\"1024\" loading=\"lazy\" decoding=\"async\" alt=\"&quot;No necesito que Bruce sepa que soy su esposa, solo quiero sentir que tengo conexi\u00f3n con \u00e9l. Y la tengo&quot;, asegura Emma\" fetchpriority=\"auto\" class=\"image ho-image\"\/>\u00a9 emmahemingwillis\u00bbNo necesito que Bruce sepa que soy su esposa, solo quiero sentir que tengo conexi\u00f3n con \u00e9l. Y la tengo\u00bb, asegura Emma<\/p>\n<p id=\"eSwPzyHIzX\" data-wc=\"77\">Tambi\u00e9n ha explicado que ahora se relacionan con \u00e9l de otra forma: <strong>\u00abSe conecta conmigo y con nuestras hijas de una manera distinta, pero sigue siendo una manera hermosa.<\/strong> Sigue siendo muy significativa. Simplemente es diferente\u00bb. Emma tambi\u00e9n ha detallado que el int\u00e9rprete de Sexto sentido \u00abtiene m\u00e1s problemas de lenguaje que de comportamiento y no quiero decir que tengamos suerte con eso, pero por lo que he o\u00eddo sobre los s\u00edntomas de comportamiento, son realmente dif\u00edciles\u00bb.<\/p>\n<p> <img src=\"https:\/\/www.europesays.com\/es\/wp-content\/uploads\/2025\/07\/24423f424aa5-sunday-funday-at-grams-grateful-1.jpg\"   width=\"1024\" height=\"1023\" loading=\"lazy\" decoding=\"async\" alt=\"Bruce Willis y su hija Tallulah\" fetchpriority=\"auto\" class=\"image ho-image\"\/>\u00a9 buuskiBruce Willis y su hija Tallulah<\/p>\n<p> <img src=\"https:\/\/www.europesays.com\/es\/wp-content\/uploads\/2026\/01\/d0b66ee26d0c-demi-moore-emma-getty.jpg\"   width=\"1024\" height=\"682\" loading=\"lazy\" decoding=\"async\" alt=\"Emma Heming, Bruce Willis, Tallulah Willis y Demi Moore en 2008 en Nueva York \" fetchpriority=\"auto\" class=\"image ho-image\"\/>\u00a9 Getty ImagesEmma Heming, Bruce Willis, Tallulah Willis y Demi Moore en 2008 en Nueva York <\/p>\n<p id=\"eJfx9ybtz0w\" data-wc=\"91\"><a class=\"hm-link ho-link\" href=\"https:\/\/www.hola.com\/actualidad\/20251126869762\/familia-de-bruce-willis-donara-su-cerebro-a-la-ciencia\/\" data-mrf-recirculation=\"article-body-link\" rel=\"nofollow noopener\" target=\"_blank\">Fue en 2022 cuando el actor fue diagnosticado con afasia<\/a> y, posteriormente, con demencia frontotemporal (FTD), una enfermedad que lo oblig\u00f3 a abandonar su carrera profesional. Desde entonces, el inolvidable protagonista de\u00a0La jungla de cristal\u00a0se refugi\u00f3 en su mansi\u00f3n de Brentwood Park, en el oeste de California, donde permanece arropado por sus seres queridos, que no se separan de \u00e9l en ning\u00fan momento. Sus seguidores se mantienen muy atentos a las informaciones que comparte su familia sobre c\u00f3mo se encuentra el int\u00e9rprete y sobre la evoluci\u00f3n de su estado.\u00a0<\/p>\n","protected":false},"excerpt":{"rendered":"Cada gesto de\u00a0la familia de Bruce Willis es examinado al detalle. Una muestra de ello ocurri\u00f3 el mes&hellip;\n","protected":false},"author":2,"featured_media":366909,"comment_status":"","ping_status":"","sticky":false,"template":"","format":"standard","meta":{"footnotes":""},"categories":[174],"tags":[517,4489,255,4488,146,147,25,24,256,23],"class_list":["post-366908","post","type-post","status-publish","format-standard","has-post-thumbnail","category-famosos","tag-actualidad","tag-bruce-willis","tag-celebrities","tag-emma-heming","tag-entertainment","tag-entretenimiento","tag-es","tag-espana","tag-famosos","tag-spain"],"share_on_mastodon":{"url":"https:\/\/pubeurope.com\/@es\/115975693594520658","error":""},"_links":{"self":[{"href":"https:\/\/www.europesays.com\/es\/wp-json\/wp\/v2\/posts\/366908","targetHints":{"allow":["GET"]}}],"collection":[{"href":"https:\/\/www.europesays.com\/es\/wp-json\/wp\/v2\/posts"}],"about":[{"href":"https:\/\/www.europesays.com\/es\/wp-json\/wp\/v2\/types\/post"}],"author":[{"embeddable":true,"href":"https:\/\/www.europesays.com\/es\/wp-json\/wp\/v2\/users\/2"}],"replies":[{"embeddable":true,"href":"https:\/\/www.europesays.com\/es\/wp-json\/wp\/v2\/comments?post=366908"}],"version-history":[{"count":0,"href":"https:\/\/www.europesays.com\/es\/wp-json\/wp\/v2\/posts\/366908\/revisions"}],"wp:featuredmedia":[{"embeddable":true,"href":"https:\/\/www.europesays.com\/es\/wp-json\/wp\/v2\/media\/366909"}],"wp:attachment":[{"href":"https:\/\/www.europesays.com\/es\/wp-json\/wp\/v2\/media?parent=366908"}],"wp:term":[{"taxonomy":"category","embeddable":true,"href":"https:\/\/www.europesays.com\/es\/wp-json\/wp\/v2\/categories?post=366908"},{"taxonomy":"post_tag","embeddable":true,"href":"https:\/\/www.europesays.com\/es\/wp-json\/wp\/v2\/tags?post=366908"}],"curies":[{"name":"wp","href":"https:\/\/api.w.org\/{rel}","templated":true}]}}