{"id":366984,"date":"2026-01-29T02:14:09","date_gmt":"2026-01-29T02:14:09","guid":{"rendered":"https:\/\/www.europesays.com\/es\/366984\/"},"modified":"2026-01-29T02:14:09","modified_gmt":"2026-01-29T02:14:09","slug":"broncano-mando-un-mensaje-a-hector-de-miguel-queque-en-la-revuelta-tras-su-retirada-temporal-es-el-mejor","status":"publish","type":"post","link":"https:\/\/www.europesays.com\/es\/366984\/","title":{"rendered":"Broncano mand\u00f3 un mensaje a H\u00e9ctor de Miguel (Qu\u00e9qu\u00e9) en &#8216;La Revuelta&#8217; tras su retirada temporal: \u00abEs el mejor\u00bb"},"content":{"rendered":"<p class=\"article-text\">\n        Este mi\u00e9rcoles, 28 de enero, <strong>La Revuelta <\/strong>cont\u00f3 con<strong> Chenoa<\/strong> como invitada para promocionar el estreno de <strong>The Floor<\/strong>. La presentadora acudi\u00f3 para hablar de la segunda temporada del concurso de <strong>TVE<\/strong>, que llegaba justo despu\u00e9s de la emisi\u00f3n del programa de <strong>David Broncano. <\/strong>\n    <\/p>\n<p>    <a href=\"https:\/\/www.eldiario.es\/vertele\/noticias\/queque-hector-de-miguel-anuncia-retirada-temporal-polemica-parodia-nacho-abad-no-apetece-martir_1_12935172.html\" data-mrf-recirculation=\"saber-mas\" data-dl-event=\"saber-mas\" rel=\"nofollow noopener\" target=\"_blank\"><\/p>\n<p class=\"know-more__title\">H\u00e9ctor de Miguel (Quequ\u00e9) anuncia su retirada temporal tras la pol\u00e9mica con su parodia de Nacho Abad: \u00abNo me apetece ser un m\u00e1rtir\u00bb<\/p>\n<p>            <img decoding=\"async\" class=\"lazy\" loading=\"lazy\" data-src=\"https:\/\/static.eldiario.es\/clip\/bf4964c1-6303-4b33-a7f4-9b61bc39f8da_16-9-aspect-ratio_default_0.jpg\" src=\"data:image\/svg+xml,%3Csvg xmlns=\" http:=\"\" viewbox=\"0 0 880 495\" alt=\"H\u00e9ctor de Miguel (Quequ\u00e9) anuncia su retirada temporal tras la pol\u00e9mica con su parodia de Nacho Abad: &quot;No me apetece ser un m\u00e1rtir&quot;\"\/><\/p>\n<p>                        <\/a><\/p>\n<p class=\"article-text\">\n        Pero antes de que entrara Chenoa al escenario, <strong>Sergio Bezos<\/strong> sorprendi\u00f3 al presentador al informarle de que estaban <strong>Celtas Cortos <\/strong>entre el p\u00fablico. Al verles, agradeci\u00f3 su presencia y hasta propuso invitarles un d\u00eda para que fueran entrevistados.\n    <\/p>\n<p class=\"article-text\">\n        Los artistas accedieron y explicaron a Broncano que eran fans suyos desde hac\u00eda a\u00f1os: \u201cEstabas en primero de preescolar de Broncano, estabas en La vida moderna con <strong>Quequ\u00e9 e Ignatius<\/strong> y dijiste que te gustaba Extremoduro y Celtas Cortos\u201d, record\u00f3 Jes\u00fas Cifuentes.\n    <\/p>\n<blockquote class=\"twitter-tweet\" data-lang=\"es\"><p><a href=\"https:\/\/twitter.com\/X\/status\/2016617779840111047?ref_src=twsrc%5Etfw\" rel=\"nofollow noopener\" target=\"_blank\"><\/p><\/blockquote>\n<p class=\"article-text\">\n        Y al escuchar esas palabras, Broncano interrumpi\u00f3 el discurso del cantante para mandar un mensaje a su excompa\u00f1ero: \u201c<strong>Perd\u00f3n, aprovecho para mandar un abrazo enorme a H\u00e9ctor, a Quequ\u00e9, que es el mejor\u201d,<\/strong> expres\u00f3 con relaci\u00f3n al anuncio de su <a href=\"https:\/\/www.eldiario.es\/vertele\/noticias\/queque-hector-de-miguel-anuncia-retirada-temporal-polemica-parodia-nacho-abad-no-apetece-martir_1_12935172.html\" target=\"_blank\" data-mrf-recirculation=\"links-noticia\" class=\"link\" rel=\"nofollow noopener\">retirada temporal tras la pol\u00e9mica con su parodia de <\/a><a href=\"https:\/\/www.eldiario.es\/vertele\/noticias\/queque-hector-de-miguel-anuncia-retirada-temporal-polemica-parodia-nacho-abad-no-apetece-martir_1_12935172.html\" target=\"_blank\" data-mrf-recirculation=\"links-noticia\" class=\"link\" rel=\"nofollow noopener\"><strong>Nacho Abad<\/strong><\/a><strong>. <\/strong>\n    <\/p>\n<p class=\"article-text\">\n        El p\u00fablico aplaudi\u00f3 y el presentador continu\u00f3 expresando su asombro por tener a los m\u00fasicos (a los que fue a ver en el primer concierto de su vida) ahora entre el p\u00fablico: \u201cMe ha dado mucha alegr\u00eda real porque jam\u00e1s me esperar\u00eda esto. <strong>Para m\u00ed es un honor que veng\u00e1is\u201d. <\/strong>\n    <\/p>\n<p>    De las Campanadas de Chenoa, a sus nervios con Broncano<\/p>\n<p class=\"article-text\">\n        Ya con Chenoa en el escenario, Broncano aprovech\u00f3 para felicitarla por su labor en las <strong>Campanadas<\/strong> y las <a href=\"https:\/\/www.eldiario.es\/vertele\/audiencias-tv\/audiencias-campanadas-2025-2026-nochevieja-la-1-rtve-afianza-liderazgo-chenoa-estopa-ganan-doble-efecto-pedroche_1_12879355.html\" target=\"_blank\" data-mrf-recirculation=\"links-noticia\" class=\"link\" rel=\"nofollow noopener\">buenas cifras de audiencia<\/a> que lograron junto a <strong>Estopa<\/strong>. Unas Campanadas de las que nos cont\u00f3 la <a href=\"https:\/\/www.eldiario.es\/vertele\/entrevistas\/chenoa-intrahistoria-campanadas-rtve-retomar-the-floor-estuve-mala-dias_1_12927737.html\" target=\"_blank\" data-mrf-recirculation=\"links-noticia\" class=\"link\" rel=\"nofollow noopener\">intrahistoria en esta entrevista con verTele!<\/a>\n    <\/p>\n<p class=\"article-text\">\n        La cantante se lo agradeci\u00f3: <strong>\u201cPara nosotros fue algo m\u00e1s improvisado porque tuvimos muy poquito tiempo\u201d <\/strong>record\u00f3 refiri\u00e9ndose al cambio de presentadores, tras la <a href=\"https:\/\/www.eldiario.es\/vertele\/noticias\/buenafuente-anuncia-silvia-abril-no-presentaran-campanadas-rtve-no-acelerar-recuperacion_1_12839590.html\" target=\"_blank\" data-mrf-recirculation=\"links-noticia\" class=\"link\" rel=\"nofollow noopener\">baja de Andreu Buenafuente y S\u00edlvia Abril<\/a>.\n    <\/p>\n<p class=\"article-text\">\n        \u201cEl vestido me lo prob\u00e9 un d\u00eda antes. Soy muy dejada para maquillaje y peluquer\u00eda y funcion\u00f3. Y con los chicos muy bien, dijimos &#8216;vamos a charlar de cosas naturales y normales&#8217;.<strong> Lo \u00fanico malo fue que cuando nos dieron las uvas eran como pelotas<\/strong>. No me las com\u00ed, solo brind\u00e9\u201d desvel\u00f3 entre risas.\n    <\/p>\n<p>    <a href=\"https:\/\/www.eldiario.es\/vertele\/noticias\/sarah-santaolalla-apoya-hector-de-miguel-rtve-retirada-fascistas-complices_1_12937202.html\" data-mrf-recirculation=\"saber-mas-abajo\" data-dl-event=\"saber-mas-abajo\" rel=\"nofollow noopener\" target=\"_blank\"><\/p>\n<p class=\"know-more__title\">Sarah Santaolalla apoya a H\u00e9ctor de Miguel desde RTVE tras su retirada: \u201cLos fascistas han tenido muchos c\u00f3mplices\u201d<\/p>\n<p>            <img decoding=\"async\" class=\"lazy\" loading=\"lazy\" data-src=\"https:\/\/static.eldiario.es\/clip\/e092c5ef-bde2-4520-9b75-3a77d9a47f14_16-9-aspect-ratio_default_0.jpg\" src=\"data:image\/svg+xml,%3Csvg xmlns=\" http:=\"\" viewbox=\"0 0 880 495\" alt=\"Sarah Santaolalla apoya a H\u00e9ctor de Miguel desde RTVE tras su retirada: &quot;Los fascistas han tenido muchos c\u00f3mplices&quot;\"\/><\/p>\n<p>                        <\/a><\/p>\n<blockquote class=\"twitter-tweet\" data-lang=\"es\"><p><a href=\"https:\/\/twitter.com\/X\/status\/2016633130934051031?ref_src=twsrc%5Etfw\" rel=\"nofollow noopener\" target=\"_blank\"><\/p><\/blockquote>\n<p class=\"article-text\">\n        Al acabar, asegur\u00f3 haberse sentido m\u00e1s tranquila que la primera vez que acudi\u00f3 a La Revuelta: \u201cVine rara y estaba nerviosa por tus preguntas. Cuando vienes aqu\u00ed, <strong>da la sensaci\u00f3n de que tienes que tener r\u00e1pidos reflejos y ser graciosa\u201d<\/strong>. A lo que Broncano respondi\u00f3 todo lo contrario: \u201cAl rev\u00e9s, <strong>lo \u00fanico problem\u00e1tico es cuando intentas forzar la m\u00e1quina<\/strong> y aqu\u00ed no hace falta porque buscamos una conversaci\u00f3n tranquila\u201d.\n    <\/p>\n<p>                                        <script async src=\"https:\/\/platform.twitter.com\/widgets.js\" charset=\"utf-8\"><\/script><\/p>\n","protected":false},"excerpt":{"rendered":"Este mi\u00e9rcoles, 28 de enero, La Revuelta cont\u00f3 con Chenoa como invitada para promocionar el estreno de The&hellip;\n","protected":false},"author":2,"featured_media":366985,"comment_status":"","ping_status":"","sticky":false,"template":"","format":"standard","meta":{"footnotes":""},"categories":[171],"tags":[13289,146,147,25,24,20830,19391,1684,8079,4098,45484,1367,528,23,19255,214],"class_list":["post-366984","post","type-post","status-publish","format-standard","has-post-thumbnail","category-tv","tag-broncano","tag-entertainment","tag-entretenimiento","tag-es","tag-espana","tag-hector","tag-mando","tag-mejor","tag-mensaje","tag-miguel","tag-queque","tag-retirada","tag-revuelta","tag-spain","tag-temporal","tag-tv"],"share_on_mastodon":{"url":"https:\/\/pubeurope.com\/@es\/115975976599579549","error":""},"_links":{"self":[{"href":"https:\/\/www.europesays.com\/es\/wp-json\/wp\/v2\/posts\/366984","targetHints":{"allow":["GET"]}}],"collection":[{"href":"https:\/\/www.europesays.com\/es\/wp-json\/wp\/v2\/posts"}],"about":[{"href":"https:\/\/www.europesays.com\/es\/wp-json\/wp\/v2\/types\/post"}],"author":[{"embeddable":true,"href":"https:\/\/www.europesays.com\/es\/wp-json\/wp\/v2\/users\/2"}],"replies":[{"embeddable":true,"href":"https:\/\/www.europesays.com\/es\/wp-json\/wp\/v2\/comments?post=366984"}],"version-history":[{"count":0,"href":"https:\/\/www.europesays.com\/es\/wp-json\/wp\/v2\/posts\/366984\/revisions"}],"wp:featuredmedia":[{"embeddable":true,"href":"https:\/\/www.europesays.com\/es\/wp-json\/wp\/v2\/media\/366985"}],"wp:attachment":[{"href":"https:\/\/www.europesays.com\/es\/wp-json\/wp\/v2\/media?parent=366984"}],"wp:term":[{"taxonomy":"category","embeddable":true,"href":"https:\/\/www.europesays.com\/es\/wp-json\/wp\/v2\/categories?post=366984"},{"taxonomy":"post_tag","embeddable":true,"href":"https:\/\/www.europesays.com\/es\/wp-json\/wp\/v2\/tags?post=366984"}],"curies":[{"name":"wp","href":"https:\/\/api.w.org\/{rel}","templated":true}]}}