{"id":367183,"date":"2026-01-29T05:25:09","date_gmt":"2026-01-29T05:25:09","guid":{"rendered":"https:\/\/www.europesays.com\/es\/367183\/"},"modified":"2026-01-29T05:25:09","modified_gmt":"2026-01-29T05:25:09","slug":"el-evento-ise-2026-estrenara-un-espectaculo-de-drones-y-pantalla-led-transparente-en-barcelona-esmartcity","status":"publish","type":"post","link":"https:\/\/www.europesays.com\/es\/367183\/","title":{"rendered":"El evento ISE 2026 estrenar\u00e1 un espect\u00e1culo de drones y pantalla LED transparente en Barcelona \u2022 ESMARTCITY"},"content":{"rendered":"<p>La feria <a href=\"https:\/\/www.iseurope.org\/\" target=\"_blank\" rel=\"noopener nofollow\">ISE 2026<\/a> llevar\u00e1 la innovaci\u00f3n a nuevas alturas con el ISE Drone Show, un espect\u00e1culo que iluminar\u00e1 el cielo de Barcelona con 600 drones. Este evento, que tendr\u00e1 lugar desde el 3 al 5 de febrero, ser\u00e1 uno de los principales atractivos de la feria, y se celebrar\u00e1 sobre el Acceso Sur de Fira de Barcelona Gran V\u00eda, donde los asistentes podr\u00e1n disfrutar de un despliegue visual espectacular.<\/p>\n<p><img loading=\"lazy\" decoding=\"async\" class=\"wp-image-126160 size-full lazy\" src=\"https:\/\/www.europesays.com\/es\/wp-content\/uploads\/2026\/01\/espectaculo-drones-revoluciona-ise-2026-coreografias-audiovisuales-inmersivas-barcelona-ok.png\" alt=\"ISE\" width=\"801\" height=\"534\"  data-\/>ISE 2026 llevar\u00e1 por primera vez su actividad al cielo de Barcelona con un show protagonizado por 600 drones.<\/p>\n<p>Por primera vez en la historia de ISE, la feria tecnol\u00f3gica m\u00e1s importante del sector audiovisual extiende su actividad m\u00e1s all\u00e1 de los pabellones para crear una experiencia \u00fanica. El ISE Drone Show ser\u00e1 una propuesta que une tecnolog\u00eda, creatividad y dise\u00f1o audiovisual en un solo evento, donde la sincronizaci\u00f3n de los drones, junto a la m\u00fasica y el sonido en vivo, promete una experiencia multisensorial.<\/p>\n<p>Producido por LANG AG, el espect\u00e1culo combina una coreograf\u00eda de drones perfectamente sincronizada con una pantalla LED transparente de 193 m\u00b2 proporcionada por MUXWAVE y RealTime Department, que actuar\u00e1 como fondo din\u00e1mico. Los gr\u00e1ficos proyectados en la pantalla se sincronizan con los movimientos de los drones, mientras que m\u00fasicos en directo, una cantante de \u00f3pera y un artista digital interact\u00faan con el contenido, creando una atm\u00f3sfera \u00fanica para los asistentes.<\/p>\n<p>\u201cISE es un evento clave para nosotros cada a\u00f1o, pero la edici\u00f3n de 2026 ser\u00e1 realmente especial\u201d, comenta Marta Germes, directora de Event Drones en LANG AG. \u201cEl dise\u00f1o creativo, la se\u00f1alizaci\u00f3n digital y los vuelos sincronizados de drones se integran de forma natural para crear una experiencia inspiradora, apostando por la innovaci\u00f3n y la colaboraci\u00f3n en la comunicaci\u00f3n en vivo\u201d.<\/p>\n<p>Un espect\u00e1culo de tecnolog\u00eda avanzada<\/p>\n<p>Desde el punto de vista t\u00e9cnico, el ISE 2026 Drone Show pone en marcha algunas de las tecnolog\u00edas audiovisuales m\u00e1s avanzadas del momento. Se utilizar\u00e1n sistemas de control de drones de alta precisi\u00f3n, procesamiento de datos en tiempo real y visualizaci\u00f3n inmersiva para dar vida a este evento. La pantalla LED transparente, instalada en el Acceso Sur, complementar\u00e1 el espect\u00e1culo con gr\u00e1ficos en tiempo real y actuar\u00e1 como fondo para las coreograf\u00edas de los drones, que se mover\u00e1n con una precisi\u00f3n impecable.<\/p>\n<p>Christoph Gockel, director general de RealTime Department, resalta el principal reto del espect\u00e1culo: \u201cLa sincronizaci\u00f3n en directo. Tanto los drones como el contenido visual y la m\u00fasica deb\u00edan estar perfectamente alineados, especialmente con actuaciones en vivo como la soprano, el pianista y el violinista. La coordinaci\u00f3n entre todos los equipos fue fundamental\u201d.<\/p>\n<p>El ISE Drone Show ser\u00e1 tambi\u00e9n un ejemplo de colaboraci\u00f3n con algunos de los actores m\u00e1s relevantes en la industria audiovisual, con el apoyo t\u00e9cnico de DAMM y el patrocinio de Absen, Christie, MA Lighting y Clay Paky.<\/p>\n<p>Un paso m\u00e1s hacia la innovaci\u00f3n<\/p>\n<p>El ISE 2026 Drone Show es un reflejo del esp\u00edritu innovador que caracteriza a ISE. Mike Blackman, director general de Integrated Systems Events, afirma: \u201cDurante m\u00e1s de veinte a\u00f1os, ISE ha trabajado para ampliar los l\u00edmites de lo posible dentro de nuestra industria. En 2026 damos un paso m\u00e1s, literalmente, llevando nuestra visi\u00f3n al cielo por primera vez en la historia del evento\u201d.<\/p>\n<p>Adem\u00e1s del espectacular show a\u00e9reo, <a href=\"https:\/\/www.esmartcity.es\/2026\/01\/20\/feria-ise-2026-refuerza-formacion-av-nuevos-summits-conferencias-especializadas\" rel=\"nofollow noopener\" target=\"_blank\">ISE 2026<\/a> ser\u00e1 una celebraci\u00f3n completa de la innovaci\u00f3n, la cultura y la conexi\u00f3n. Los asistentes podr\u00e1n disfrutar de eventos inmersivos, herramientas digitales, activaciones repartidas por toda la ciudad y muchas m\u00e1s experiencias, tanto dentro como fuera del recinto ferial, en pleno coraz\u00f3n de Barcelona. Para descubrir los \u00faltimos avances en espacios inteligentes y tecnolog\u00eda aplicada a edificios, los lectores de ESMARTCITY pueden registrarse gratuitamente en el siguiente <a href=\"https:\/\/www.iseurope.org\/welcome\/registration\" target=\"_blank\" rel=\"noopener nofollow\">enlace<\/a> al usar el c\u00f3digo \u2018esmartcity\u2019.<\/p>\n","protected":false},"excerpt":{"rendered":"La feria ISE 2026 llevar\u00e1 la innovaci\u00f3n a nuevas alturas con el ISE Drone Show, un espect\u00e1culo que&hellip;\n","protected":false},"author":2,"featured_media":367184,"comment_status":"","ping_status":"","sticky":false,"template":"","format":"standard","meta":{"footnotes":""},"categories":[80],"tags":[82,8232,95,94,25,24,81449,81450,15034,77126,23],"class_list":["post-367183","post","type-post","status-publish","format-standard","has-post-thumbnail","category-economia","tag-business","tag-drones","tag-economia","tag-economy","tag-es","tag-espana","tag-ferias-y-congresos","tag-industrias-creativas","tag-led","tag-senalizacion-digital","tag-spain"],"share_on_mastodon":{"url":"https:\/\/pubeurope.com\/@es\/115976727726847131","error":""},"_links":{"self":[{"href":"https:\/\/www.europesays.com\/es\/wp-json\/wp\/v2\/posts\/367183","targetHints":{"allow":["GET"]}}],"collection":[{"href":"https:\/\/www.europesays.com\/es\/wp-json\/wp\/v2\/posts"}],"about":[{"href":"https:\/\/www.europesays.com\/es\/wp-json\/wp\/v2\/types\/post"}],"author":[{"embeddable":true,"href":"https:\/\/www.europesays.com\/es\/wp-json\/wp\/v2\/users\/2"}],"replies":[{"embeddable":true,"href":"https:\/\/www.europesays.com\/es\/wp-json\/wp\/v2\/comments?post=367183"}],"version-history":[{"count":0,"href":"https:\/\/www.europesays.com\/es\/wp-json\/wp\/v2\/posts\/367183\/revisions"}],"wp:featuredmedia":[{"embeddable":true,"href":"https:\/\/www.europesays.com\/es\/wp-json\/wp\/v2\/media\/367184"}],"wp:attachment":[{"href":"https:\/\/www.europesays.com\/es\/wp-json\/wp\/v2\/media?parent=367183"}],"wp:term":[{"taxonomy":"category","embeddable":true,"href":"https:\/\/www.europesays.com\/es\/wp-json\/wp\/v2\/categories?post=367183"},{"taxonomy":"post_tag","embeddable":true,"href":"https:\/\/www.europesays.com\/es\/wp-json\/wp\/v2\/tags?post=367183"}],"curies":[{"name":"wp","href":"https:\/\/api.w.org\/{rel}","templated":true}]}}