{"id":367303,"date":"2026-01-29T07:09:11","date_gmt":"2026-01-29T07:09:11","guid":{"rendered":"https:\/\/www.europesays.com\/es\/367303\/"},"modified":"2026-01-29T07:09:11","modified_gmt":"2026-01-29T07:09:11","slug":"arbeloa-se-carga-el-legado-de-xabi-alonso-en-dos-semanas","status":"publish","type":"post","link":"https:\/\/www.europesays.com\/es\/367303\/","title":{"rendered":"Arbeloa se carga el legado de Xabi Alonso en dos semanas"},"content":{"rendered":"<p class=\"ft-text\"><strong>Dos semanas. <\/strong>Ese es el tiempo que ha necesitado el nuevo Real Madrid de <strong>\u00c1lvaro<\/strong> <strong>Arbeloa<\/strong> para dinamitar lo poco que hab\u00eda dejado Xabi Alonso en la casa blanca. La apuesta de la directiva por un cambio en el banquillo no solo no ha mejorado el rumbo del equipo, sino que ha provocado <strong>una ca\u00edda abrupta en las competiciones del KO. <\/strong>El balance es demoledor: <strong>eliminados de la Copa del Rey y fuera del top-8 de la Champions League <\/strong>en apenas catorce d\u00edas.<\/p>\n<p><img decoding=\"async\" src=\"https:\/\/www.europesays.com\/es\/wp-content\/uploads\/2026\/01\/51a33216-fae6-4b17-9cb8-0848913db7fc_alta-libre-aspect-ratio_default_0.jpg\" width=\"1200\" height=\"800\" alt=\"\u00c1lvaro Arbeloa, en el banquillo de La Cer\u00e1mica.\" class=\"ft-helper-img-rd\" loading=\"lazy\"\/><\/p>\n<p class=\"ft-helper-fontColor-quaternary ft-helper-fontSize-body-S ft-helper-spacer-t-xxs\">\u00c1lvaro Arbeloa, en el banquillo de La Cer\u00e1mica.  \/ Alberto Saiz \/ AP<\/p>\n<p class=\"ft-text\">Xabi Alonso fue despedido en un contexto discutible<strong>, pero el Real Madrid estaba vivo en la Copa del Rey y ten\u00eda encarrilada la clasificaci\u00f3n directa para los octavos<\/strong> de final de la Champions, instalado en el top-8 a falta de una jornada. La sensaci\u00f3n era mala y la comunicaci\u00f3n con el vestuario peor, pero el equipo estaba vivo.<\/p>\n<p>Ese margen ha desaparecido con Arbeloa<\/p>\n<p class=\"ft-text\">El estreno del nuevo t\u00e9cnico fue traum\u00e1tico. En Copa del Rey,<strong> el Real Madrid cay\u00f3 eliminado ante el Albacete<\/strong>, equipo de Segunda Divisi\u00f3n, en un partido que pasar\u00e1 a la lista negra del club blanco. Un golpe hist\u00f3rico, tanto por el rival como por las formas. Xabi Alonso consigui\u00f3 pasar la primera ronda, aunque fuera ante un equipo de Primera Federaci\u00f3n, <strong>pero Arbeloa se confi\u00f3 y termin\u00f3 cayendo ante un conjunto de una divisi\u00f3n menos.<\/strong><\/p>\n<p class=\"ft-text\">El segundo mazazo lleg\u00f3 en Europa. En la \u00faltima jornada de la fase de grupos de la Champions, el Real Madrid depend\u00eda de s\u00ed mismo para sellar el pase directo al top-8. El escenario era exigente \u2014<strong>Lisboa<\/strong>\u2014 y el rival, inc\u00f3modo: <strong>el Benfica de Jos\u00e9 Mourinho.<\/strong> El resultado fue un 4-2 en contra que dej\u00f3 al conjunto blanco fuera de los ocho mejores y condenado a una repesca innecesaria, <strong>con m\u00e1s desgaste y presi\u00f3n a\u00f1adida<\/strong>. A pesar del buen rendimiento de los blancos ante el M\u00f3naco, la versi\u00f3n que mostraron en la que fue su casa el a\u00f1o de la d\u00e9cima dej\u00f3 mucho que desear.<\/p>\n<p><img decoding=\"async\" src=\"https:\/\/www.europesays.com\/es\/wp-content\/uploads\/2026\/01\/0974239e-1484-451e-a354-9df261acf049_alta-libre-aspect-ratio_default_0_x960y360.jpg\" width=\"1200\" height=\"675\" alt=\"Xabi Alonso, en una sesi\u00f3n de estrategia con el Real Madrid\" class=\"ft-helper-img-rd\" loading=\"lazy\"\/><\/p>\n<p class=\"ft-helper-fontColor-quaternary ft-helper-fontSize-body-S ft-helper-spacer-t-xxs\">Xabi Alonso, en una sesi\u00f3n de estrategia con el Real Madrid  \/ SPORT.es<\/p>\n<p class=\"ft-text\">M\u00e1s all\u00e1 de los resultados, las sensaciones son incluso m\u00e1s preocupantes. El equipo ha perdido solidez defensiva y claridad en el plan de partido. Ante los lusos fue evidente. <strong>No ganaron un duelo en el centro del campo y el equipo de Mourinho domin\u00f3 completamente la escena<\/strong>. Las decisiones desde el banquillo han sido cuestionadas y el discurso no termina de conectar, a pesar de que la plantilla vive mejor que con Xabi.<\/p>\n<p class=\"ft-text\">La destituci\u00f3n del tolosarra fue un mensaje de la directiva. <strong>Muy positivo para los futbolistas, pero muy malo para el Real Madrid.<\/strong> En el conjunto blanco se hace lo que ellos quieren y Arbeloa, por ahora, no ha conseguido unir a nadie a su causa. <strong>Mientras el vestuario lo gobiernen los futbolistas, dar\u00e1 igual qui\u00e9n est\u00e9 sentado en el banquillo<\/strong>. Xabi dej\u00f3 un pase a octavos encarrilados a pesar de las malas sensaciones, pues ahora solo quedan las malas sensaciones y una repesca innecesaria para cargar el calendario del conjunto blanco.<\/p>\n","protected":false},"excerpt":{"rendered":"Dos semanas. Ese es el tiempo que ha necesitado el nuevo Real Madrid de \u00c1lvaro Arbeloa para dinamitar&hellip;\n","protected":false},"author":2,"featured_media":367304,"comment_status":"","ping_status":"","sticky":false,"template":"","format":"standard","meta":{"footnotes":""},"categories":[268],"tags":[3732,13033,61414,6514,168,25,24,280,282,363,281,23,167,1781,10344],"class_list":["post-367303","post","type-post","status-publish","format-standard","has-post-thumbnail","category-futbol","tag-alonso","tag-alvaro-arbeloa","tag-arbeloa","tag-carga","tag-deportes","tag-es","tag-espana","tag-football","tag-futbol","tag-legado","tag-soccer","tag-spain","tag-sports","tag-xabi","tag-xabi-alonso"],"share_on_mastodon":{"url":"https:\/\/pubeurope.com\/@es\/115977136658387806","error":""},"_links":{"self":[{"href":"https:\/\/www.europesays.com\/es\/wp-json\/wp\/v2\/posts\/367303","targetHints":{"allow":["GET"]}}],"collection":[{"href":"https:\/\/www.europesays.com\/es\/wp-json\/wp\/v2\/posts"}],"about":[{"href":"https:\/\/www.europesays.com\/es\/wp-json\/wp\/v2\/types\/post"}],"author":[{"embeddable":true,"href":"https:\/\/www.europesays.com\/es\/wp-json\/wp\/v2\/users\/2"}],"replies":[{"embeddable":true,"href":"https:\/\/www.europesays.com\/es\/wp-json\/wp\/v2\/comments?post=367303"}],"version-history":[{"count":0,"href":"https:\/\/www.europesays.com\/es\/wp-json\/wp\/v2\/posts\/367303\/revisions"}],"wp:featuredmedia":[{"embeddable":true,"href":"https:\/\/www.europesays.com\/es\/wp-json\/wp\/v2\/media\/367304"}],"wp:attachment":[{"href":"https:\/\/www.europesays.com\/es\/wp-json\/wp\/v2\/media?parent=367303"}],"wp:term":[{"taxonomy":"category","embeddable":true,"href":"https:\/\/www.europesays.com\/es\/wp-json\/wp\/v2\/categories?post=367303"},{"taxonomy":"post_tag","embeddable":true,"href":"https:\/\/www.europesays.com\/es\/wp-json\/wp\/v2\/tags?post=367303"}],"curies":[{"name":"wp","href":"https:\/\/api.w.org\/{rel}","templated":true}]}}