{"id":367362,"date":"2026-01-29T07:52:12","date_gmt":"2026-01-29T07:52:12","guid":{"rendered":"https:\/\/www.europesays.com\/es\/367362\/"},"modified":"2026-01-29T07:52:12","modified_gmt":"2026-01-29T07:52:12","slug":"casero-de-ganar-la-vuelta-a-traer-de-regreso-a-la-elite-a-la-comunitat","status":"publish","type":"post","link":"https:\/\/www.europesays.com\/es\/367362\/","title":{"rendered":"Casero, de ganar la Vuelta a traer de regreso a la \u00e9lite a la Comunitat"},"content":{"rendered":"<p><a class=\"v-mdl-ath__fig-a\" href=\"https:\/\/www.lasprovincias.es\/autor\/moises-rodriguez-838.html\" title=\"Mois\u00e9s Rodr\u00edguez\" rel=\"nofollow noopener\" target=\"_blank\"><br \/>\n<img decoding=\"async\" class=\"v-mdl-ath__img\" src=\"https:\/\/www.europesays.com\/es\/wp-content\/uploads\/2026\/01\/autor-838-foto-2.jpeg\" alt=\"Mois\u00e9s Rodr\u00edguez\"\/><br \/>\n<\/a><\/p>\n<p class=\"v-mdl-ath__p v-mdl-ath__p--6\">\nJueves, 29 de enero 2026, 00:55<\/p>\n<p>| Actualizado 01:57h.<\/p>\n<p class=\"v-p\">\u00c1ngel Casero sonr\u00ede cada vez que se le pregunta, tras la etapa de Valencia, si en la siguiente edici\u00f3n de la Volta a la Comunitat habr\u00e1 contrarreloj. Y en 2025 ese gesto fue amplio, de oreja a oreja. Porque en la ronda que se desarrollar\u00e1 del 4 al 8 de febrero habr\u00e1 lucha individual contra el crono. Quiz\u00e1s la disciplina favorita del exciclista de Albalat dels Tarongers, pero seguro la que lo erigi\u00f3 en leyenda de la Comunitat de l&#8217;Esport en 2001.<\/p>\n<p class=\"v-p\">La crono de Madrid por las calles de Sevilla sirvi\u00f3 como desenlace de aquella Vuelta a Espa\u00f1a que se disputaban el valenciano y \u00d3scar Sevilla, que llegaba con el maillot amarillo. Casero era el favorito, pero en una contrarreloj cualquier imprevisto puede echar por tierra cualquier opci\u00f3n. No fall\u00f3 y se convirti\u00f3, hasta la fecha, en el \u00faltimo ciclista en la Comunitat en adjudicarse una gran ronda. Es el mayor \u00e9xito de su palmar\u00e9s, que tambi\u00e9n contempla el Tour del Porvenir y dos oros en el Campeonato de Espa\u00f1a en ruta.<\/p>\n<p class=\"v-p\">\u00abLos que hemos corrido en la \u00e9lite queremos que haya valencianos que nos sucedan\u00bb, se\u00f1ala \u00c1ngel Casero. Espera, como cualquier aficionado de la Comunitat, que ese \u00e9xito le llegue m\u00e1s pronto que tarde a Juan Ayuso \u2013que estrena nueva etapa en el Lidl-Trek\u2013 y H\u00e9ctor \u00c1lvarez, la siguiente joya del ciclismo valenciano. <\/p>\n<p><a href=\"http:\/\/www.lasprovincias.es\/marina-alta\/adolescente-logra-volta-pase-empinada-calle-pou-20260120212408-nt.html#vtm_modulosEngag=mod-rel:deportes:noticia:1:cmp:1-not\" class=\"v-a-link\" aria-label=\"Imagen\" rel=\"nofollow noopener\" target=\"_blank\"><\/p>\n<p><img decoding=\"async\" loading=\"lazy\" src=\"https:\/\/www.europesays.com\/es\/wp-content\/uploads\/2026\/01\/joanvidalbenitatxell.jpg\" class=\"v-a-img\" alt=\"\" data-voc-vtm-id=\"in-text-traffic\" width=\"624\" height=\"350\"\/><\/p>\n<p><\/a><\/p>\n<p class=\"v-p\">Ninguno de ellos estar\u00e1 en la Volta a la Comunitat de este 2026. \u00abJuan Ayuso empieza la temporada m\u00e1s tarde y en el caso de H\u00e9ctor \u00c1lvarez lo ten\u00eda pr\u00e1cticamente confirmado, pero a \u00faltima hora el equipo le ha cambiado el plan\u00bb, se\u00f1ala Casero. La Volta es su siguiente reto, y no una contrarreloj como la de 2001, sino una carrera de fondo. Decidi\u00f3 reflotarla, traer de vuelta el ciclismo de \u00e9lite a las carreteras de la Comunitat. Fue en 2016 y una d\u00e9cada despu\u00e9s, el exciclista valenciano tiene un plan a tres a\u00f1os.<\/p>\n<p class=\"v-p\">Ahora la carrera es de la categor\u00eda Pro Series, y el sue\u00f1o desde siempre es alcanzar la m\u00e1xima, la de World Tour. \u00abLo primero que queremos es encontrar la financiaci\u00f3n para poder solicitar a la UCI una etapa m\u00e1s para que haya dos en la provincia de Castell\u00f3n\u00bb, desliza Casero. Y seguir mejorando para, en la siguiente remodelaci\u00f3n del calendario, tratar de dar el salto.<\/p>\n<p class=\"v-p\">Mientras, cuando puede, \u00c1ngel Casero sigue saliendo en bicicleta. No perdona los 20 kil\u00f3metros del s\u00e1bado o domingo con Aquiles, su hijo. \u00abLe gusta mucho correr, ir r\u00e1pido, pero con 11 a\u00f1os tiene edad de disfrutar\u00bb, comenta. Palabra de campe\u00f3n de la Vuelta. <\/p>\n<p class=\"v-p\">Con la colaboraci\u00f3n de:<\/p>\n<p class=\"v-p\">&#8211;<strong>Comunitat de l&#8217;Esport<\/strong>.<\/p>\n<p class=\"v-p\">&#8211;<strong>Generalitat Valenciana<\/strong>.<\/p>\n<p class=\"v-p\">&#8211;<strong>Fundaci\u00f3n Trinidad Alfonso<\/strong>.<\/p>\n<p>Reporta un error<\/p>\n","protected":false},"excerpt":{"rendered":"Jueves, 29 de enero 2026, 00:55 | Actualizado 01:57h. \u00c1ngel Casero sonr\u00ede cada vez que se le pregunta,&hellip;\n","protected":false},"author":2,"featured_media":367363,"comment_status":"","ping_status":"","sticky":false,"template":"","format":"standard","meta":{"footnotes":""},"categories":[273],"tags":[60329,313,23242,312,168,1755,25,24,2000,2596,23,167,51129,1357],"class_list":["post-367362","post","type-post","status-publish","format-standard","has-post-thumbnail","category-ciclismo","tag-casero","tag-ciclismo","tag-comunitat","tag-cycling","tag-deportes","tag-elite","tag-es","tag-espana","tag-ganar","tag-regreso","tag-spain","tag-sports","tag-traer","tag-vuelta"],"share_on_mastodon":{"url":"https:\/\/pubeurope.com\/@es\/115977305684501300","error":""},"_links":{"self":[{"href":"https:\/\/www.europesays.com\/es\/wp-json\/wp\/v2\/posts\/367362","targetHints":{"allow":["GET"]}}],"collection":[{"href":"https:\/\/www.europesays.com\/es\/wp-json\/wp\/v2\/posts"}],"about":[{"href":"https:\/\/www.europesays.com\/es\/wp-json\/wp\/v2\/types\/post"}],"author":[{"embeddable":true,"href":"https:\/\/www.europesays.com\/es\/wp-json\/wp\/v2\/users\/2"}],"replies":[{"embeddable":true,"href":"https:\/\/www.europesays.com\/es\/wp-json\/wp\/v2\/comments?post=367362"}],"version-history":[{"count":0,"href":"https:\/\/www.europesays.com\/es\/wp-json\/wp\/v2\/posts\/367362\/revisions"}],"wp:featuredmedia":[{"embeddable":true,"href":"https:\/\/www.europesays.com\/es\/wp-json\/wp\/v2\/media\/367363"}],"wp:attachment":[{"href":"https:\/\/www.europesays.com\/es\/wp-json\/wp\/v2\/media?parent=367362"}],"wp:term":[{"taxonomy":"category","embeddable":true,"href":"https:\/\/www.europesays.com\/es\/wp-json\/wp\/v2\/categories?post=367362"},{"taxonomy":"post_tag","embeddable":true,"href":"https:\/\/www.europesays.com\/es\/wp-json\/wp\/v2\/tags?post=367362"}],"curies":[{"name":"wp","href":"https:\/\/api.w.org\/{rel}","templated":true}]}}