{"id":367721,"date":"2026-01-29T12:27:11","date_gmt":"2026-01-29T12:27:11","guid":{"rendered":"https:\/\/www.europesays.com\/es\/367721\/"},"modified":"2026-01-29T12:27:11","modified_gmt":"2026-01-29T12:27:11","slug":"la-ue-allana-el-camino-para-designar-a-la-guardia-revolucionaria-de-iran-como-grupo-terrorista-internacional","status":"publish","type":"post","link":"https:\/\/www.europesays.com\/es\/367721\/","title":{"rendered":"La UE allana el camino para designar a la Guardia Revolucionaria de Ir\u00e1n como grupo terrorista | Internacional"},"content":{"rendered":"<p class=\"\">La Uni\u00f3n Europea quiere hacer su parte para reforzar la presi\u00f3n contra el r\u00e9gimen de Ir\u00e1n. Mientras el presidente de Estados Unidos, Donald Trump, amenaz\u00f3 de nuevo el mi\u00e9rcoles con un ataque militar a ese pa\u00eds \u2014tras movilizar una potente <a href=\"https:\/\/elpais.com\/internacional\/2026-01-28\/trump-amenaza-a-iran-con-un-ataque-militar-similar-al-que-lanzo-en-venezuela-con-violencia-si-es-necesario.html\" target=\"_self\" rel=\"nofollow noopener\" title=\"https:\/\/elpais.com\/internacional\/2026-01-28\/trump-amenaza-a-iran-con-un-ataque-militar-similar-al-que-lanzo-en-venezuela-con-violencia-si-es-necesario.html\">flota militar rumbo a aguas<\/a> cercanas al Golfo P\u00e9rsico\u2014, en Bruselas todo apunta a que los Veintisiete acordar\u00e1n este mismo jueves la inclusi\u00f3n de la Guardia Revolucionaria iran\u00ed en su lista negra de organizaciones terroristas, un paso que ha tardado a\u00f1os en dar. <\/p>\n<p class=\"\">\u201cVamos a imponer nuevas sanciones a Ir\u00e1n y espero que incluyamos a la Guardia Revolucionaria en la lista terrorista\u201d, ha adelantado la alta representante para Pol\u00edtica Exterior de la UE, Kaja Kallas, a su llegada a la primera cita de ministros de Exteriores en Bruselas del a\u00f1o, donde la situaci\u00f3n en Ir\u00e1n, con miles de muertos en las protestas de las \u00faltimas semanas, est\u00e1 en lo m\u00e1s alto de la agenda. \u201cViendo la cifra de muertos en las protestas y la acci\u00f3n del r\u00e9gimen, [con estas nuevas sanciones] <a href=\"https:\/\/elpais.com\/internacional\/2026-01-13\/la-ue-acelera-el-paso-para-imponer-mas-sanciones-a-iran-tras-el-aterrador-incremento-de-victimas-por-las-protestas.html\" target=\"_self\" rel=\"nofollow noopener\" title=\"https:\/\/elpais.com\/internacional\/2026-01-13\/la-ue-acelera-el-paso-para-imponer-mas-sanciones-a-iran-tras-el-aterrador-incremento-de-victimas-por-las-protestas.html\">enviamos un mensaje claro<\/a> de que reprimir al pueblo tiene un precio y que ser\u00e1s sancionado por ello\u201d, ha subrayado la estonia.<\/p>\n<p class=\"\">La Guardia Revolucionaria de Ir\u00e1n es un ej\u00e9rcito paralelo cuyo cometido es proteger al r\u00e9gimen isl\u00e1mico. Incluirla en la lista de organizaciones terroristas de la UE tendr\u00e1 pocos efectos pr\u00e1cticos, puesto que muchos de sus miembros, y la propia entidad, est\u00e1n ya incluidos en otras categor\u00edas de afectados por las sanciones europeas. Pero ahora se prev\u00e9 incorporar a esas listas m\u00e1s nombres de responsables de la represi\u00f3n brutal de las protestas de las \u00faltimas semanas.<\/p>\n<p class=\"\">El ej\u00e9rcito paralelo de los ayatol\u00e1s figura ya, por ejemplo, en la lista europea de individuos y entidades responsables de violaciones de derechos humanos, lo que impide a sus miembros ingresar en territorio europeo y supone adem\u00e1s la congelaci\u00f3n de sus activos; tambi\u00e9n est\u00e1 entre los colectivos sancionados por ayudar a Rusia en su guerra contra Ucrania.<\/p>\n<p class=\"\">No obstante, el paso previsible de este jueves \u2014ante el cual, hasta este mismo mi\u00e9rcoles, varias capitales manifestaban a\u00fan dudas\u2014 <a href=\"https:\/\/elpais.com\/internacional\/2026-01-29\/el-regimen-irani-se-aferra-al-poder-pese-a-la-amenazas-de-trump-la-crisis-economica-y-las-protestas.html\" target=\"_self\" rel=\"nofollow noopener\" title=\"https:\/\/elpais.com\/internacional\/2026-01-29\/el-regimen-irani-se-aferra-al-poder-pese-a-la-amenazas-de-trump-la-crisis-economica-y-las-protestas.html\">est\u00e1 considerado un gesto pol\u00edtico muy contundente<\/a> frente al r\u00e9gimen de Teher\u00e1n. La medida pondr\u00e1 a la Guardia Revolucionaria iran\u00ed \u201cal mismo nivel que Al Qaeda, Ham\u00e1s o Daesh\u201d, ha recordado Kallas. \u201cSi act\u00faas como un terrorista, deber\u00edas ser tratado como un terrorista\u201d, ha zanjado.<\/p>\n<p class=\"\">Hasta casi la v\u00edspera de esta cita de ministros de Exteriores hab\u00eda dudas sobre si los Veintisiete lograr\u00edan la unanimidad requerida para dar el paso. Teher\u00e1n ha advertido de \u201cconsecuencias devastadoras\u201d para la UE si Bruselas castiga a su brazo militar, considerado el responsable de orquestar <a href=\"https:\/\/elpais.com\/internacional\/2026-01-17\/el-lider-supremo-de-iran-ali-jamenei-reconoce-miles-de-muertes-en-las-protestas-y-culpa-a-trump-de-instigarlas.html\" target=\"_self\" rel=\"nofollow noopener\" title=\"https:\/\/elpais.com\/internacional\/2026-01-17\/el-lider-supremo-de-iran-ali-jamenei-reconoce-miles-de-muertes-en-las-protestas-y-culpa-a-trump-de-instigarlas.html\">la represi\u00f3n de las protestas.<\/a> Hay ya m\u00e1s de 6.000 muertos, seg\u00fan la ONG iran\u00ed en el exilio HRANA, que investiga otras posibles 17.000 v\u00edctimas mortales. La propia Rep\u00fablica Isl\u00e1mica de Ir\u00e1n reconoce m\u00e1s de 3.117 muertes, que atribuye a la acci\u00f3n de \u201cterroristas\u201d infiltrados en las manifestaciones. <\/p>\n<p class=\"\">Mientras Alemania presionaba para incluir en la lista a la Guardia Revolucionaria, otros pa\u00edses alertaban de las posibles consecuencias que podr\u00eda tener en materia de romper los \u00faltimos espacios de di\u00e1logo con el Gobierno iran\u00ed. Kallas, sin embargo, ha asegurado que se han \u201ccalculado\u201d los riesgos cuidadosamente: \u201cEstimamos que los canales diplom\u00e1ticos permanecer\u00e1n abiertos incluso despu\u00e9s de la inclusi\u00f3n de la Guardia Revolucionaria como organizaci\u00f3n terrorista\u201d, ha indicado.<\/p>\n<p class=\"\">Las tornas empezaron a cambiar cuando dos de los pa\u00edses que m\u00e1s dudas planteaban, Francia y Espa\u00f1a, dejaron claro el mi\u00e9rcoles que apoyar\u00edan la medida, algo que han confirmado sus ministros de Exteriores tambi\u00e9n a su llegada a Bruselas.<\/p>\n<p><img decoding=\"auto\" class=\"_re lazyload a_m-h\" height=\"276\"  width=\"414\"  src=\"https:\/\/www.europesays.com\/es\/wp-content\/uploads\/2026\/01\/NJHP3NICKFKDVINZZSQ4S7HTCM.jpg\" loading=\"lazy\"\/>El ministro espa\u00f1ol de Asuntos Exteriores, Jos\u00e9 Manuel Albares, se dirige a la prensa antes de comenzar la reuni\u00f3n con sus pares de la UE, este jueves en Bruselas. OLIVIER HOSLET (EFE)<\/p>\n<p class=\"\">\u201cEspa\u00f1a apoya todas las acciones contra Ir\u00e1n en estos momentos y, por supuesto, aquellas que se refieren a su inclusi\u00f3n en la lista de grupos terroristas de la Guardia Revolucionaria\u201d, ha declarado el jefe de la diplomacia espa\u00f1ola, Jos\u00e9 Manuel Albares. <\/p>\n<p class=\"\">Ante la \u201crepresi\u00f3n ciega e indiscriminada\u201d contra la poblaci\u00f3n, constituye una \u201cresponsabilidad y obligaci\u00f3n de la UE el hacer uso de todos los instrumentos que tiene\u201d para apoyar al pueblo iran\u00ed en sus demandas de un mayor \u201cmargen de libertad\u201d, ha indicado Albares. Para Espa\u00f1a, ha remarcado, \u201ccualquier ejecuci\u00f3n\u201d de manifestantes \u201cser\u00eda una aut\u00e9ntica l\u00ednea roja\u201d.<\/p>\n<p class=\"\">\u201cFrancia apoyar\u00e1 la inclusi\u00f3n del Cuerpo de Guardianes de la Revoluci\u00f3n Isl\u00e1mica en la lista europea de organizaciones terroristas\u201d, hab\u00eda adelantado tambi\u00e9n la pasada noche su par franc\u00e9s, Jean-No\u00ebl Barrot, en un mensaje en la red social X. A su llegada a Bruselas, ha explicado el paso como \u201cun llamamiento a las autoridades iran\u00edes\u201d para que liberen a miles de presos, pongan fin a las ejecuciones tras la \u201crepresi\u00f3n m\u00e1s violenta de la historia reciente de Ir\u00e1n\u201d, restablezcan Internet y \u201cden al pueblo iran\u00ed el derecho a decidir por s\u00ed mismo su futuro\u201d.<\/p>\n","protected":false},"excerpt":{"rendered":"La Uni\u00f3n Europea quiere hacer su parte para reforzar la presi\u00f3n contra el r\u00e9gimen de Ir\u00e1n. Mientras el&hellip;\n","protected":false},"author":2,"featured_media":367722,"comment_status":"","ping_status":"","sticky":false,"template":"","format":"standard","meta":{"footnotes":""},"categories":[42],"tags":[17,18,24,700,13,14,317,81527,11,61,62,63,64,3137,11706,29999,19,20,9,10,15,16,77307,18264,2575,6540,12,21,22,1617,65,66,67],"class_list":["post-367721","post","type-post","status-publish","format-standard","has-post-thumbnail","category-internacional","tag-breaking-news","tag-breakingnews","tag-espana","tag-europa","tag-featured-news","tag-featurednews","tag-francia","tag-guardia-revolucionaria","tag-headlines","tag-internacional","tag-international","tag-international-news","tag-internationalnews","tag-iran","tag-jose-manuel-albares","tag-kaja-kallas","tag-latest-news","tag-latestnews","tag-news","tag-noticias","tag-noticias-destacadas","tag-noticiasdestacadas","tag-protestas-iran","tag-protestas-sociales","tag-represion-politica","tag-sanciones","tag-titulares","tag-ultimas-noticias","tag-ultimasnoticias","tag-union-europea","tag-world","tag-world-news","tag-worldnews"],"share_on_mastodon":{"url":"","error":"Validation failed: Text character limit of 500 exceeded"},"_links":{"self":[{"href":"https:\/\/www.europesays.com\/es\/wp-json\/wp\/v2\/posts\/367721","targetHints":{"allow":["GET"]}}],"collection":[{"href":"https:\/\/www.europesays.com\/es\/wp-json\/wp\/v2\/posts"}],"about":[{"href":"https:\/\/www.europesays.com\/es\/wp-json\/wp\/v2\/types\/post"}],"author":[{"embeddable":true,"href":"https:\/\/www.europesays.com\/es\/wp-json\/wp\/v2\/users\/2"}],"replies":[{"embeddable":true,"href":"https:\/\/www.europesays.com\/es\/wp-json\/wp\/v2\/comments?post=367721"}],"version-history":[{"count":0,"href":"https:\/\/www.europesays.com\/es\/wp-json\/wp\/v2\/posts\/367721\/revisions"}],"wp:featuredmedia":[{"embeddable":true,"href":"https:\/\/www.europesays.com\/es\/wp-json\/wp\/v2\/media\/367722"}],"wp:attachment":[{"href":"https:\/\/www.europesays.com\/es\/wp-json\/wp\/v2\/media?parent=367721"}],"wp:term":[{"taxonomy":"category","embeddable":true,"href":"https:\/\/www.europesays.com\/es\/wp-json\/wp\/v2\/categories?post=367721"},{"taxonomy":"post_tag","embeddable":true,"href":"https:\/\/www.europesays.com\/es\/wp-json\/wp\/v2\/tags?post=367721"}],"curies":[{"name":"wp","href":"https:\/\/api.w.org\/{rel}","templated":true}]}}