{"id":36793,"date":"2025-08-09T21:24:15","date_gmt":"2025-08-09T21:24:15","guid":{"rendered":"https:\/\/www.europesays.com\/es\/36793\/"},"modified":"2025-08-09T21:24:15","modified_gmt":"2025-08-09T21:24:15","slug":"bad-omens-vuelven-con-el-single-specter","status":"publish","type":"post","link":"https:\/\/www.europesays.com\/es\/36793\/","title":{"rendered":"Bad Omens vuelven con el single &#8216;Specter&#8217;"},"content":{"rendered":"<p>        <a href=\"https:\/\/entradas.codetickets.com\/entradas\/tropical-riot-fest-2025\/68704\/tropical-riot\/online\" target=\"_blank\" rel=\"nofollow noopener\"><img decoding=\"async\" src=\"https:\/\/www.europesays.com\/es\/wp-content\/uploads\/2025\/07\/Banner-Tropical-Riot-2025-Rockzone-copia.gif\"\/><\/a><\/p>\n<p><strong>Tras cancelar en mayo todas su gira por Europa, incluida su aparici\u00f3n en el Resurrection Fest, <a href=\"https:\/\/www.rockzonemag.com\/tag\/bad-omens\/\" rel=\"nofollow noopener\" target=\"_blank\">Bad Omens<\/a> vuelven con \u2018Specter\u2019, un nuevo single que podr\u00eda indicar que su pr\u00f3ximo disco est\u00e1 en camino, sin bien por ahora no lo han confirmado.<\/strong><\/p>\n<p><a href=\"https:\/\/www.ticketmaster.es\/artist\/linkin-park-entradas\/10021?int_cmp_name=LINKIN-PARK&amp;int_cmp_id=ES-Home-501&amp;int_cmp_creative=Home-main-4.0&amp;tm_link=tm_ccp_Home_main_LINKIN-PARK\" target=\"_blank\" rel=\"nofollow noopener\"><img decoding=\"async\" src=\"https:\/\/www.europesays.com\/es\/wp-content\/uploads\/2025\/07\/Banner-Linkin-Park-2-Rock-Zone-1060x200-1.png\"\/><\/a><\/p>\n<p>La canci\u00f3n empieza como una balada al piano a la que poco a poco se van sumando m\u00e1s elementos creando una atm\u00f3sfera inquietante con tonalidades de electr\u00f3nica y guitarras metal.<\/p>\n<p>\u2018Specter\u2019 es su primer lanzamiento desde el \u00e1lbum THE DEATH OF PEACE OF MIND de 2022, que los posicion\u00f3 como uno de los grupos de metal alternativo de m\u00e1s \u00e9xito con m\u00e1s de 2700 millones de reproducciones a nivel mundial, un single n\u00famero 1 en la radio alternativa (\u2018Just Pretend\u2019) con certificaci\u00f3n Platino y dos sencillos de Oro (\u2018Like A Villain\u2019 y \u2018Death of Peace of Mind\u2019). En 2024, la banda lanz\u00f3 CONCRETE JUNGLE [THE OST], una revisi\u00f3n experimental de su aclamado \u00e1lbum.<strong><br \/><\/strong>Bad Omens han publicado el videoclip en el que Ryan Hurst (Sons of Anarchy, The Walking Dead) interpreta a un psiquiatra. Puedes verlo a continuaci\u00f3n:<\/p>\n","protected":false},"excerpt":{"rendered":"Tras cancelar en mayo todas su gira por Europa, incluida su aparici\u00f3n en el Resurrection Fest, Bad Omens&hellip;\n","protected":false},"author":2,"featured_media":36794,"comment_status":"","ping_status":"","sticky":false,"template":"","format":"standard","meta":{"footnotes":""},"categories":[170],"tags":[18381,146,147,25,24,18382,184,185,10,23,18383,2338],"class_list":{"0":"post-36793","1":"post","2":"type-post","3":"status-publish","4":"format-standard","5":"has-post-thumbnail","7":"category-musica","8":"tag-bad-omens","9":"tag-entertainment","10":"tag-entretenimiento","11":"tag-es","12":"tag-espana","13":"tag-metal-alternativo","14":"tag-music","15":"tag-musica","16":"tag-noticias","17":"tag-spain","18":"tag-sumerian-records","19":"tag-video"},"share_on_mastodon":{"url":"","error":""},"_links":{"self":[{"href":"https:\/\/www.europesays.com\/es\/wp-json\/wp\/v2\/posts\/36793","targetHints":{"allow":["GET"]}}],"collection":[{"href":"https:\/\/www.europesays.com\/es\/wp-json\/wp\/v2\/posts"}],"about":[{"href":"https:\/\/www.europesays.com\/es\/wp-json\/wp\/v2\/types\/post"}],"author":[{"embeddable":true,"href":"https:\/\/www.europesays.com\/es\/wp-json\/wp\/v2\/users\/2"}],"replies":[{"embeddable":true,"href":"https:\/\/www.europesays.com\/es\/wp-json\/wp\/v2\/comments?post=36793"}],"version-history":[{"count":0,"href":"https:\/\/www.europesays.com\/es\/wp-json\/wp\/v2\/posts\/36793\/revisions"}],"wp:featuredmedia":[{"embeddable":true,"href":"https:\/\/www.europesays.com\/es\/wp-json\/wp\/v2\/media\/36794"}],"wp:attachment":[{"href":"https:\/\/www.europesays.com\/es\/wp-json\/wp\/v2\/media?parent=36793"}],"wp:term":[{"taxonomy":"category","embeddable":true,"href":"https:\/\/www.europesays.com\/es\/wp-json\/wp\/v2\/categories?post=36793"},{"taxonomy":"post_tag","embeddable":true,"href":"https:\/\/www.europesays.com\/es\/wp-json\/wp\/v2\/tags?post=36793"}],"curies":[{"name":"wp","href":"https:\/\/api.w.org\/{rel}","templated":true}]}}