{"id":368309,"date":"2026-01-29T20:06:13","date_gmt":"2026-01-29T20:06:13","guid":{"rendered":"https:\/\/www.europesays.com\/es\/368309\/"},"modified":"2026-01-29T20:06:13","modified_gmt":"2026-01-29T20:06:13","slug":"los-grammy-2026-rendiran-homenaje-a-ozzy-osbourne-con-un-tributo-a-cargo-de-figuras-del-rock","status":"publish","type":"post","link":"https:\/\/www.europesays.com\/es\/368309\/","title":{"rendered":"Los Grammy 2026 rendir\u00e1n homenaje a Ozzy Osbourne con un tributo a cargo de figuras del rock"},"content":{"rendered":"<p>La ceremonia de los Grammy 2026 rendir\u00e1 homenaje a Ozzy Osbourne con un tributo estelar en Los \u00c1ngeles<\/p>\n<p class=\"paragraph\"><b>La ceremonia de los <\/b><a rel=\"noopener noreferrer nofollow\" href=\"https:\/\/www.infobae.com\/peru\/2026\/01\/29\/premios-grammy-2026-cuando-es-la-gala-de-premiacion-mas-importante-a-la-musica\/\" target=\"_blank\" title=\"https:\/\/www.infobae.com\/peru\/2026\/01\/29\/premios-grammy-2026-cuando-es-la-gala-de-premiacion-mas-importante-a-la-musica\/\"><b>Premios Grammy 2026<\/b><\/a> tendr\u00e1 lugar este domingo 1 de febrero en Los \u00c1ngeles y contar\u00e1 con un homenaje especial a <a rel=\"noopener noreferrer nofollow\" href=\"https:\/\/www.infobae.com\/entretenimiento\/2026\/01\/14\/ya-hay-actor-confirmado-para-interpretar-a-ozzy-osbourne-en-su-biopic\/\" target=\"_blank\" title=\"https:\/\/www.infobae.com\/entretenimiento\/2026\/01\/14\/ya-hay-actor-confirmado-para-interpretar-a-ozzy-osbourne-en-su-biopic\/\"><b>Ozzy Osbourne<\/b><\/a>, fallecido el 22 de julio de 2025. La presentaci\u00f3n reunir\u00e1 a figuras destacadas del rock y del heavy metal para rendir tributo al ic\u00f3nico m\u00fasico brit\u00e1nico. El evento comenzar\u00e1 a las 22:00 y ser\u00e1 transmitido por TNT y HBO Max para toda Am\u00e9rica Latina y Estados Unidos.<\/p>\n<p class=\"paragraph\">Ozzy Osbourne, quien muri\u00f3 a los 76 a\u00f1os en su casa de Birmingham, marc\u00f3 la historia de la m\u00fasica con una carrera que influy\u00f3 en varias generaciones. <\/p>\n<p><img alt=\"El tributo a Ozzy Osbourne\" class=\"global-image\" decoding=\"async\" fetchpriority=\"low\" height=\"1151\" loading=\"lazy\" src=\"https:\/\/www.europesays.com\/es\/wp-content\/uploads\/2026\/01\/Z2DN5E5IHFHNTJ6WME2BJNUWNE.JPG\" width=\"2046\"\/>El tributo a Ozzy Osbourne reunir\u00e1 a figuras ic\u00f3nicas del rock y el heavy metal para celebrar su legado musical REUTERS\/Fredrik Sandberg\/Scanpix Sweden   (SWEDEN)  SWEDEN OUT. NO COMMERCIAL SALES\/File Photo<\/p>\n<p class=\"paragraph\"><b>El tributo se suma a la tradicional secci\u00f3n \u201cIn Memoriam\u201d de los Grammy<\/b>, que este a\u00f1o cobrar\u00e1 especial relevancia. Adem\u00e1s de Osbourne, la organizaci\u00f3n confirm\u00f3 homenajes a Roberta Flack y D\u2019Angelo, as\u00ed como un segmento especial a cargo de Reba McEntire, Brandy Clark y Lukas Nelson para recordar a otros m\u00fasicos y trabajadores fallecidos.<\/p>\n<p class=\"paragraph\">La Recording Academy confirm\u00f3 que<b> la ceremonia tendr\u00e1 un tono emotivo y celebrar\u00e1 el legado de artistas fundamentales para la industria musical.<\/b> El evento promete ofrecer momentos de intensa emoci\u00f3n y reunir a reconocidos m\u00fasicos sobre el escenario.<\/p>\n<p><img alt=\"Post Malone, Slash, Duff McKagan\" class=\"global-image\" decoding=\"async\" fetchpriority=\"low\" height=\"1080\" loading=\"lazy\" src=\"https:\/\/www.europesays.com\/es\/wp-content\/uploads\/2026\/01\/VXRKMJ7EUNGELDY4HD3SBX6Z5E.jpg\" width=\"1920\"\/>Post Malone, Slash, Duff McKagan y Chad Smith participar\u00e1n en el homenaje a Ozzy Osbourne durante los Premios Grammy (Cr\u00e9ditos: A&amp;E\/v\u00eda DGO)<\/p>\n<p class=\"paragraph\">Seg\u00fan la informaci\u00f3n difundida por la <b>Recording Academy<\/b>, el tributo a Ozzy Osbourne contar\u00e1 con la participaci\u00f3n de <b>Post Malone<\/b>, quien colabor\u00f3 con el cantante en sus \u00faltimos a\u00f1os. Tambi\u00e9n estar\u00e1n presentes <b>Slash y Duff McKagan<\/b>, integrantes de Guns N\u2019 Roses, el baterista de Red Hot Chili Peppers Chad Smith y el productor Andrew Watt, responsable de los dos \u00faltimos discos de estudio del artista: Ordinary Man (2020) y Patient Number 9 (2022).<\/p>\n<p class=\"paragraph\">De acuerdo con el cronograma oficial difundido por Indie Hoy, este homenaje busca destacar la influencia de Osbourne en el rock y el heavy metal. <b>Sus compa\u00f1eros y colaboradores se reunir\u00e1n para interpretar algunos de los temas m\u00e1s representativos de su carrera<\/b>, en una puesta en escena que promete ser uno de los puntos m\u00e1s altos de la noche.<\/p>\n<p><img alt=\"La transmisi\u00f3n del homenaje a\" class=\"global-image\" decoding=\"async\" fetchpriority=\"low\" height=\"1080\" loading=\"lazy\" src=\"https:\/\/www.europesays.com\/es\/wp-content\/uploads\/2026\/01\/X2XKID57JVDKNCLT3UPNIJJXUQ.jpg\" width=\"1920\"\/>La transmisi\u00f3n del homenaje a Ozzy por TNT y HBO Max permitir\u00e1 que fan\u00e1ticos de Am\u00e9rica Latina y Estados Unidos vivan el evento en directo REUTERS\/Lucas Jackson\/File Photo<\/p>\n<p class=\"paragraph\">El tributo se integra a una ceremonia que pondr\u00e1 el foco en el recuerdo y la celebraci\u00f3n de figuras hist\u00f3ricas. Lauryn Hill se encargar\u00e1 de rendir homenaje a Roberta Flack y D\u2019Angelo, mientras que el segmento \u201cIn Memoriam\u201d contar\u00e1 con la presencia de otras voces reconocidas del panorama musical.<\/p>\n<p class=\"paragraph\"><b>Ozzy Osbourne muri\u00f3 tras sufrir un infarto, luego de casi 16 a\u00f1os luchando contra la enfermedad de Parkinson<\/b>. Su fallecimiento se produjo en Birmingham, a menos de tres semanas de su hist\u00f3rico concierto de despedida, \u201cBack to the Beginning\u201d, realizado el 5 de julio de 2025 en el estadio Villa Park. Este recital reuni\u00f3 a miles de fan\u00e1ticos y marc\u00f3 el cierre de una larga trayectoria sobre los escenarios.<\/p>\n<p><img alt=\"Ozzy Osbourne falleci\u00f3 el 22\" class=\"global-image\" decoding=\"async\" fetchpriority=\"low\" height=\"455\" loading=\"lazy\" src=\"https:\/\/www.europesays.com\/es\/wp-content\/uploads\/2026\/01\/1769717172_38_G4GR7SOVVNB63LWWFW2AKEQQXU.jpeg\" width=\"554\"\/>Ozzy Osbourne falleci\u00f3 el 22 de julio de 2025 en Birmingham tras un infarto y una larga batalla contra el Parkinson (Instagram\/Ozzy Osbourne)<\/p>\n<p class=\"paragraph\">El impacto de su muerte se reflej\u00f3 en las multitudinarias despedidas organizadas en Inglaterra. El 30 de julio, el cortejo f\u00fanebre parti\u00f3 desde Villa Park y recorri\u00f3 sitios emblem\u00e1ticos de la vida de Osbourne: su casa de la infancia, el puente y el mural dedicados a Black Sabbath, y el pub The Crown, donde la banda toc\u00f3 por primera vez. Miles de seguidores acompa\u00f1aron el recorrido, que se transmiti\u00f3 en vivo por streaming, mostrando la profunda huella que dej\u00f3 en la cultura popular.<\/p>\n<p class=\"paragraph\">Al d\u00eda siguiente, <b>la familia y figuras centrales del rock se reunieron en un funeral privado<\/b>. Entre los asistentes estuvieron Marilyn Manson, Rob Zombie, Zakk Wylde, James Hetfield y los miembros de Black Sabbath. Osbourne fue enterrado cerca del lago de Welders House, la residencia familiar en Buckinghamshire, cumpliendo as\u00ed su \u00faltimo deseo, seg\u00fan informaron allegados.<\/p>\n<p><img alt=\"Miles de seguidores despidieron a\" class=\"global-image\" decoding=\"async\" fetchpriority=\"low\" height=\"1080\" loading=\"lazy\" src=\"https:\/\/www.europesays.com\/es\/wp-content\/uploads\/2026\/01\/1769717172_463_O6VKYG6UVFGVTEDQRFL54X2Y6U.jpg\" width=\"1920\"\/>Miles de seguidores despidieron a Ozzy Osbourne en un multitudinario cortejo f\u00fanebre transmitido por streaming desde Villa Park REUTERS\/Mario Anzuoni\/File Photo<\/p>\n<p class=\"paragraph\">De acuerdo con la Recording Academy, Ozzy Osbourne transform\u00f3 el panorama del rock y el heavy metal desde sus inicios con Black Sabbath y su carrera solista. Su estilo y actitud marcaron una \u00e9poca, y su m\u00fasica influy\u00f3 en artistas de diversas generaciones. <b>El tributo durante los Grammy representa el reconocimiento a una figura que redefini\u00f3 los l\u00edmites del g\u00e9nero <\/b>y abri\u00f3 puertas para nuevas propuestas musicales.<\/p>\n<p class=\"paragraph\">El homenaje reunir\u00e1 a m\u00fasicos que compartieron escenario y estudio con Osbourne, en un acto de celebraci\u00f3n y recuerdo. La transmisi\u00f3n del evento permitir\u00e1 que sus seguidores en todo el mundo sean parte de un adi\u00f3s colectivo, reflejando la vigencia y el cari\u00f1o que gener\u00f3 a lo largo de m\u00e1s de cinco d\u00e9cadas de trayectoria.<\/p>\n<p><img alt=\"La Recording Academy destaca la\" class=\"global-image\" decoding=\"async\" fetchpriority=\"low\" height=\"2393\" loading=\"lazy\" src=\"https:\/\/www.europesays.com\/es\/wp-content\/uploads\/2026\/01\/LWYMYODN35GFZPDBHJJU6WLYVY.JPG\" width=\"3500\"\/>La Recording Academy destaca la influencia de Ozzy Osbourne en el rock mundial y la emotividad de su homenaje en los Grammy 2026  REUTERS\/Andrew Winning\/File Photo<\/p>\n<p class=\"paragraph\"><b>La ceremonia de los Grammy 2026<\/b> se anticipa como uno de los eventos musicales m\u00e1s destacados del a\u00f1o. El tributo a Ozzy Osbourne se perfila como un momento central de la noche y una despedida a la altura de una leyenda que dej\u00f3 una marca indeleble en la historia del rock.<\/p>\n","protected":false},"excerpt":{"rendered":"La ceremonia de los Grammy 2026 rendir\u00e1 homenaje a Ozzy Osbourne con un tributo estelar en Los \u00c1ngeles&hellip;\n","protected":false},"author":2,"featured_media":368310,"comment_status":"","ping_status":"","sticky":false,"template":"","format":"standard","meta":{"footnotes":""},"categories":[170],"tags":[3118,146,147,25,24,406,25576,81632,184,185,4101,23],"class_list":["post-368309","post","type-post","status-publish","format-standard","has-post-thumbnail","category-musica","tag-arts-culture-entertainment","tag-entertainment","tag-entretenimiento","tag-es","tag-espana","tag-europe","tag-headshot","tag-hultsfred","tag-music","tag-musica","tag-obituaries","tag-spain"],"share_on_mastodon":{"url":"https:\/\/pubeurope.com\/@es\/115980192077101251","error":""},"_links":{"self":[{"href":"https:\/\/www.europesays.com\/es\/wp-json\/wp\/v2\/posts\/368309","targetHints":{"allow":["GET"]}}],"collection":[{"href":"https:\/\/www.europesays.com\/es\/wp-json\/wp\/v2\/posts"}],"about":[{"href":"https:\/\/www.europesays.com\/es\/wp-json\/wp\/v2\/types\/post"}],"author":[{"embeddable":true,"href":"https:\/\/www.europesays.com\/es\/wp-json\/wp\/v2\/users\/2"}],"replies":[{"embeddable":true,"href":"https:\/\/www.europesays.com\/es\/wp-json\/wp\/v2\/comments?post=368309"}],"version-history":[{"count":0,"href":"https:\/\/www.europesays.com\/es\/wp-json\/wp\/v2\/posts\/368309\/revisions"}],"wp:featuredmedia":[{"embeddable":true,"href":"https:\/\/www.europesays.com\/es\/wp-json\/wp\/v2\/media\/368310"}],"wp:attachment":[{"href":"https:\/\/www.europesays.com\/es\/wp-json\/wp\/v2\/media?parent=368309"}],"wp:term":[{"taxonomy":"category","embeddable":true,"href":"https:\/\/www.europesays.com\/es\/wp-json\/wp\/v2\/categories?post=368309"},{"taxonomy":"post_tag","embeddable":true,"href":"https:\/\/www.europesays.com\/es\/wp-json\/wp\/v2\/tags?post=368309"}],"curies":[{"name":"wp","href":"https:\/\/api.w.org\/{rel}","templated":true}]}}