{"id":368419,"date":"2026-01-29T21:32:08","date_gmt":"2026-01-29T21:32:08","guid":{"rendered":"https:\/\/www.europesays.com\/es\/368419\/"},"modified":"2026-01-29T21:32:08","modified_gmt":"2026-01-29T21:32:08","slug":"el-peloton-profesional-espanol-se-cita-en-la-clasica-jaen-paraiso-interior-el-16-de-febrero-esciclismo","status":"publish","type":"post","link":"https:\/\/www.europesays.com\/es\/368419\/","title":{"rendered":"El pelot\u00f3n profesional espa\u00f1ol se cita en la Cl\u00e1sica Ja\u00e9n Para\u00edso Interior, el 16 de febrero &#8211; Esciclismo"},"content":{"rendered":"<ol>\n<li><a href=\"https:\/\/news.google.com\/rss\/articles\/CBMiakFVX3lxTE8zeng4NHdFY2hVUkxqcFBPNFpCV0o3Z1VkNUp6YnFyU1p4bEtPWWVZNGU1OGhaVEJ0UFhUS0x1dU5jTmFOYm5MaTUyc095ZVVGTk1TZk1Kdl9aQlNiY3NXWTlrZ3AtWGM0YUE?oc=5\" target=\"_blank\" rel=\"nofollow noopener\">El pelot\u00f3n profesional espa\u00f1ol se cita en la Cl\u00e1sica Ja\u00e9n Para\u00edso Interior, el 16 de febrero<\/a>&nbsp;&nbsp;Esciclismo<\/li>\n<li><a href=\"https:\/\/news.google.com\/rss\/articles\/CBMiygFBVV95cUxQYjN5S2owNUFpZXZ1Qy1TbWZXb1FrWHluN2lkYXdBOHdURm9RMGdQRkh5U0FaZlVGYUdIbVc3LTctQXFwdHpPRTNxQm1PdDdnY2ZBb3kza3pNdUZrQWdZRkY2T05MNzR0Ymgya3lSVXhsRE1lUURWWHNZSVd1aFJiZ1d5bWdZWi01WmI1THFSa3ZnSGFuNTI2U0pCM2szT0lyRGpiMG1pT3dOWWM1QXlWdXRLVnJxUVZTWTFBMTBPc0JoN3czOXBwVE530gHKAUFVX3lxTE9sMWQzMHZROUZpdTJ1WXltQjNKbkh2N0ZUSzlMcGNlRldWdUZQcnpqZGV4UlQxRXlENHhuTlFfWmV5NnNzUmZkQTVOXzM2N2R3bktpYmlQdnlFd3ljTVNvOVZ6em8zNDNPRTl2c1FYVmlyQVNLSkF3MXp6dUFFRnI1YnBGZmNaMVlYTG14Nk1BbGx4eENQbDNfcUJDQ1c2ZjdNeThzNGFtcTJuYm15SHJCQkNkaURqZHpHdnhkUHNHRzZPa1lLMmplT1E?oc=5\" target=\"_blank\" rel=\"nofollow noopener\">Todos los equipos espa\u00f1oles, y la selecci\u00f3n Sub-23, estar\u00e1n en la Cl\u00e1sica Ja\u00e9n Para\u00edso Interior 2026<\/a>&nbsp;&nbsp;MARCA<\/li>\n<li><a href=\"https:\/\/news.google.com\/rss\/articles\/CBMi3gFBVV95cUxQeFFIemN2LTQ3TnNPQTNrYmhscGRQeDBHb1RRZ2EtNVZOSDlSb1lzaDZaeVk4WEtodzBJdmN2RjN5Mm55QVlQSWNXTU5YWWhvWTYydS1oclVKWG13dWRuQ0hYU2pHWmIzZS1qWGdSX1VkcU9fR3VtZ2p6cDFiNzdQaHU4YTVTOE9wU2VnN3owMjVLLXhyQ1FhY0poLTBaRlBJcXFGS19aZ3hEQ1FzWFExYmxyclA3bGNucHpUaW1FOGduV2h0U2w1MkY3aHVIZ3pid3NScWxMMFJVN0dXVlE?oc=5\" target=\"_blank\" rel=\"nofollow noopener\">La Cl\u00e1sica Ja\u00e9n Para\u00edso Interior 2026 contar\u00e1 con todos los equipos espa\u00f1oles<\/a>&nbsp;&nbsp;Europa Press<\/li>\n<li><a href=\"https:\/\/news.google.com\/rss\/articles\/CBMi0AFBVV95cUxNQm9sekFuT1ZaOU10cVZaRGdseXo5X2VUbE1mMUVINGtJSDZwQW54dE1CYTJDOHRBdTBLeXRFZ09HWXpkOG8wRkZXNHZ5SWVObUdBVzdvNC1fRjlVeF9rU3NzNWNiRDBvVHJBLU0yay1mOGd2MEFxWlpha1FHM2tkX2JIcU5pR2Rxcm1pTVVTOGtFNFUtMkFpSVFIUmFqcmllU1dyb0FlX3hjVFRSOFVNVDlrNVVQQU9EX0Z6OVdkWV84Q1RLd1pjMFFUNHlia3g20gHWAUFVX3lxTE9pUW5laVVMYVlIYWR0V2hKQnM2N0tzd0FNZDRTcTc2eFo3eG9HSUUzUktzelFWc3RVRnhOUlVNa1ZHVFAzVkxUWHlKck5rNUxhTUljb3FLS2xPT21MZklWTEpfSUl5RFlKSWliUjBGckVpZlo2MWRmWkJvaXRkMnhtUjE4YXZhTEVjSDAzamc4QnFkZ1RTQkYwMm1hbnljUDNzOHhjZWpzSTJXUFNIaW5ROUNIU1V5LVFrZ2JrQ3NMMHpEOXdjdkJsbTlLbU5SNEFyOG1vd1E?oc=5\" target=\"_blank\" rel=\"nofollow noopener\">\u00dabeda se prepara para una nueva edici\u00f3n de la Cl\u00e1sica Ja\u00e9n Para\u00edso Interior<\/a>&nbsp;&nbsp;andaluciainformacion.es<\/li>\n<li><a href=\"https:\/\/news.google.com\/rss\/articles\/CBMiogFBVV95cUxPV3FnczJTM1dxV0laOEgzUXhTeHZtZHpsaEhoVk02a20tdVRDVHEweHZNc2tlakhlUXdWUGxSc2VkalFyVnJsTnJqYVZEdXVTbW50S0JCX0wzN0N2TTd0cDNpRGVUam4yQWNhT1dBTXMxZEVXZlJyLWotM2kwb2pWVDFLUTd6OUpacGJVWmpUZ0pfX0dlcVlJMHh4WlRHalZzTEE?oc=5\" target=\"_blank\" rel=\"nofollow noopener\">Tom Pidcock ser\u00e1 la gran estrella de la Cl\u00e1sica Ja\u00e9n Para\u00edso Interior<\/a>&nbsp;&nbsp;El Pelot\u00f3n<\/li>\n<\/ol>\n","protected":false},"excerpt":{"rendered":"El pelot\u00f3n profesional espa\u00f1ol se cita en la Cl\u00e1sica Ja\u00e9n Para\u00edso Interior, el 16 de febrero&nbsp;&nbsp;Esciclismo Todos los&hellip;\n","protected":false},"author":2,"featured_media":368420,"comment_status":"","ping_status":"","sticky":false,"template":"","format":"standard","meta":{"footnotes":""},"categories":[273],"tags":[313,1757,2683,9781,11901,312,168,6440,25,24,11907,584,61,3619,1783,52791,20704,2761,11213,23,167,2076,2079],"class_list":["post-368419","post","type-post","status-publish","format-standard","has-post-thumbnail","category-ciclismo","tag-ciclismo","tag-ciclista","tag-clasica","tag-completa","tag-confirmada","tag-cycling","tag-deportes","tag-equipos","tag-es","tag-espana","tag-espanoles","tag-interior","tag-internacional","tag-jaen","tag-la","tag-nomina","tag-paraiso","tag-prueba","tag-puntuable","tag-spain","tag-sports","tag-tiene","tag-union"],"share_on_mastodon":{"url":"https:\/\/pubeurope.com\/@es\/115980530059286487","error":""},"_links":{"self":[{"href":"https:\/\/www.europesays.com\/es\/wp-json\/wp\/v2\/posts\/368419","targetHints":{"allow":["GET"]}}],"collection":[{"href":"https:\/\/www.europesays.com\/es\/wp-json\/wp\/v2\/posts"}],"about":[{"href":"https:\/\/www.europesays.com\/es\/wp-json\/wp\/v2\/types\/post"}],"author":[{"embeddable":true,"href":"https:\/\/www.europesays.com\/es\/wp-json\/wp\/v2\/users\/2"}],"replies":[{"embeddable":true,"href":"https:\/\/www.europesays.com\/es\/wp-json\/wp\/v2\/comments?post=368419"}],"version-history":[{"count":0,"href":"https:\/\/www.europesays.com\/es\/wp-json\/wp\/v2\/posts\/368419\/revisions"}],"wp:featuredmedia":[{"embeddable":true,"href":"https:\/\/www.europesays.com\/es\/wp-json\/wp\/v2\/media\/368420"}],"wp:attachment":[{"href":"https:\/\/www.europesays.com\/es\/wp-json\/wp\/v2\/media?parent=368419"}],"wp:term":[{"taxonomy":"category","embeddable":true,"href":"https:\/\/www.europesays.com\/es\/wp-json\/wp\/v2\/categories?post=368419"},{"taxonomy":"post_tag","embeddable":true,"href":"https:\/\/www.europesays.com\/es\/wp-json\/wp\/v2\/tags?post=368419"}],"curies":[{"name":"wp","href":"https:\/\/api.w.org\/{rel}","templated":true}]}}