{"id":368537,"date":"2026-01-29T22:58:26","date_gmt":"2026-01-29T22:58:26","guid":{"rendered":"https:\/\/www.europesays.com\/es\/368537\/"},"modified":"2026-01-29T22:58:26","modified_gmt":"2026-01-29T22:58:26","slug":"un-muerto-y-un-herido-por-esquiar-fuera-de-pistas","status":"publish","type":"post","link":"https:\/\/www.europesays.com\/es\/368537\/","title":{"rendered":"un muerto y un herido por esquiar fuera de pistas"},"content":{"rendered":"<p data-start=\"1451\" data-end=\"1848\">El Pirineo aragon\u00e9s vuelve a situarse en el centro de la preocupaci\u00f3n por el riesgo de avalanchas. A \u00faltima hora de la ma\u00f1ana de este jueves 29 de enero, el Gobierno de Arag\u00f3n ha comunicado que se ha producido un alud en el entorno del circo Ciboll\u00e9s, <strong><a href=\"https:\/\/www.hoyaragon.es\/articulo\/noticias-aragon\/alud-cerler-barranco-puimestre\/20260118153606120973.html\" rel=\"nofollow noopener\" target=\"_blank\">en la zona de Cerler.<\/a><\/strong> De forma preventiva, se ha movilizado un helic\u00f3ptero desde Zaragoza por haber dos personas atrapadas. Seg\u00fan fuentes oficiales, uno ha muerto y el otro ha\u00a0sido encontrados con vida.<\/p>\n<p>Un manto de nieve \u201cmuy desfavorable\u201d<\/p>\n<p data-start=\"2117\" data-end=\"2457\"><a href=\"https:\/\/www.hoyaragon.es\/articulo\/noticias-aragon\/victima-alud-bielsa-angel-sanchez\/20260102104838119979.html\" rel=\"nofollow noopener\" target=\"_blank\">Los t\u00e9cnicos alertan de que el Pirineo atraviesa una situaci\u00f3n nivol\u00f3gica especialmente complicada: <\/a>nieve profunda en todas las cotas y orientaciones, junto a la presencia de numerosas placas de viento, gruesas y extensas. Este c\u00f3ctel eleva de forma notable el peligro de aludes, sobre todo en zonas expuestas y con acumulaciones recientes.<\/p>\n<p data-start=\"2459\" data-end=\"2743\">Seg\u00fan el an\u00e1lisis disponible, se espera una actividad de aludes intensa, con avalanchas medianas y grandes. Adem\u00e1s, el tipo de nieve puede variar seg\u00fan la altitud, con episodios tanto de nieve seca como de nieve h\u00fameda, lo que multiplica los escenarios de riesgo en una misma jornada.<\/p>\n<p>El riesgo baja a 3, pero sigue siendo muy alto<\/p>\n<p data-start=\"2797\" data-end=\"3148\">El Bolet\u00edn de Peligro de Aludes (BPA) ha descendido este jueves el nivel de riesgo a 3, despu\u00e9s de que el pasado martes se elevara a 4. Sin embargo, los expertos mantienen la alerta de cara a los pr\u00f3ximos d\u00edas y recuerdan un mensaje clave para quienes se mueven por la monta\u00f1a nevada: \u201cel paso de un esquiador puede ser el detonante de una avalancha\u201d.<\/p>\n<p data-start=\"3150\" data-end=\"3368\">La bajada del nivel no implica una normalizaci\u00f3n de las condiciones. Al contrario, el escenario sigue siendo exigente y obliga a extremar las precauciones, especialmente fuera de pistas y en itinerarios no controlados.<\/p>\n<p>Por qu\u00e9 no se estabiliza la nieve<\/p>\n<p data-start=\"3409\" data-end=\"3751\">Las condiciones meteorol\u00f3gicas de los \u00faltimos d\u00edas est\u00e1n dificultando la estabilizaci\u00f3n del manto: nevadas continuas, episodios de lluvia en cotas altas y una atm\u00f3sfera muy activa que impide que la nieve asiente con garant\u00edas. Este patr\u00f3n mantiene la estructura interna del manto fr\u00e1gil, con capas que pueden ceder ante sobrecargas puntuales.<\/p>\n<p data-start=\"3753\" data-end=\"4000\">En este contexto, los servicios de emergencia insisten en planificar con prudencia cualquier salida, consultar el BPA antes de acudir a la monta\u00f1a y evitar zonas propensas a acumulaciones por viento, canales y laderas con orientaci\u00f3n desfavorable.<\/p>\n<p>M\u00e1xima precauci\u00f3n en alta monta\u00f1a<\/p>\n<p data-start=\"4041\" data-end=\"4396\">El aviso es claro: el Pirineo aragon\u00e9s sigue en un momento delicado y cualquier actividad en alta monta\u00f1a exige decisiones conservadoras. El descenso a nivel 3 no elimina el riesgo: lo convierte en un riesgo alto que puede desencadenarse con facilidad en el lugar equivocado y en el momento equivocado.<\/p>\n","protected":false},"excerpt":{"rendered":"El Pirineo aragon\u00e9s vuelve a situarse en el centro de la preocupaci\u00f3n por el riesgo de avalanchas. A&hellip;\n","protected":false},"author":2,"featured_media":368538,"comment_status":"","ping_status":"","sticky":false,"template":"","format":"standard","meta":{"footnotes":""},"categories":[5],"tags":[17,18,27044,25,24,13,14,11,19,20,9,10,15,16,23,12,21,22],"class_list":["post-368537","post","type-post","status-publish","format-standard","has-post-thumbnail","category-titulares","tag-breaking-news","tag-breakingnews","tag-cerler","tag-es","tag-espana","tag-featured-news","tag-featurednews","tag-headlines","tag-latest-news","tag-latestnews","tag-news","tag-noticias","tag-noticias-destacadas","tag-noticiasdestacadas","tag-spain","tag-titulares","tag-ultimas-noticias","tag-ultimasnoticias"],"share_on_mastodon":{"url":"https:\/\/pubeurope.com\/@es\/115980868069839492","error":""},"_links":{"self":[{"href":"https:\/\/www.europesays.com\/es\/wp-json\/wp\/v2\/posts\/368537","targetHints":{"allow":["GET"]}}],"collection":[{"href":"https:\/\/www.europesays.com\/es\/wp-json\/wp\/v2\/posts"}],"about":[{"href":"https:\/\/www.europesays.com\/es\/wp-json\/wp\/v2\/types\/post"}],"author":[{"embeddable":true,"href":"https:\/\/www.europesays.com\/es\/wp-json\/wp\/v2\/users\/2"}],"replies":[{"embeddable":true,"href":"https:\/\/www.europesays.com\/es\/wp-json\/wp\/v2\/comments?post=368537"}],"version-history":[{"count":0,"href":"https:\/\/www.europesays.com\/es\/wp-json\/wp\/v2\/posts\/368537\/revisions"}],"wp:featuredmedia":[{"embeddable":true,"href":"https:\/\/www.europesays.com\/es\/wp-json\/wp\/v2\/media\/368538"}],"wp:attachment":[{"href":"https:\/\/www.europesays.com\/es\/wp-json\/wp\/v2\/media?parent=368537"}],"wp:term":[{"taxonomy":"category","embeddable":true,"href":"https:\/\/www.europesays.com\/es\/wp-json\/wp\/v2\/categories?post=368537"},{"taxonomy":"post_tag","embeddable":true,"href":"https:\/\/www.europesays.com\/es\/wp-json\/wp\/v2\/tags?post=368537"}],"curies":[{"name":"wp","href":"https:\/\/api.w.org\/{rel}","templated":true}]}}