{"id":369038,"date":"2026-01-30T06:06:14","date_gmt":"2026-01-30T06:06:14","guid":{"rendered":"https:\/\/www.europesays.com\/es\/369038\/"},"modified":"2026-01-30T06:06:14","modified_gmt":"2026-01-30T06:06:14","slug":"asi-reacciono-maribel-guardia-a-las-declaraciones-de-imelda-tunon-sobre-que-era-rifada-entre-hombres","status":"publish","type":"post","link":"https:\/\/www.europesays.com\/es\/369038\/","title":{"rendered":"As\u00ed reaccion\u00f3 Maribel Guardia a las declaraciones de Imelda Tu\u00f1\u00f3n sobre que era \u201crifada\u201d entre hombres"},"content":{"rendered":"<p><img alt=\"(IG: @imetunon)\" class=\"global-image\" decoding=\"async\" fetchpriority=\"high\" height=\"1080\" loading=\"eager\" src=\"https:\/\/www.europesays.com\/es\/wp-content\/uploads\/2026\/01\/N3N4Y2XKIBFVVH4AGFM2XIM3PQ.jpg\" width=\"1920\"\/>(IG: @imetunon)<\/p>\n<p class=\"paragraph\"><b>Imelda Tu\u00f1\u00f3n<\/b> desat\u00f3 controversia en redes sociales tras contar que, antes de comenzar una relaci\u00f3n amorosa con Juli\u00e1n Figueroa, su abuelo le cont\u00f3 que<b> Maribel Guardia<\/b> supuestamente <a href=\"https:\/\/www.infobae.com\/mexico\/2026\/01\/25\/imelda-tunon-afirma-que-maribel-guardia-era-el-premio-de-una-rifa-entre-hombres-cada-quien-pone-100-mil-pesos\/\" target=\"_blank\" rel=\"noreferrer nofollow noopener\" title=\"https:\/\/www.infobae.com\/mexico\/2026\/01\/25\/imelda-tunon-afirma-que-maribel-guardia-era-el-premio-de-una-rifa-entre-hombres-cada-quien-pone-100-mil-pesos\/\">era \u201crifada\u201d<\/a>. <\/p>\n<p class=\"paragraph\">\u201cA m\u00ed desde antes de que anduviera con Juli\u00e1n, mi abuelo no estaba muy convencido. \u00c9l me dijo: &#8216;<b>Es que esta se\u00f1ora, mi socio, el arquitecto, me ha dicho varias veces que la han invitado a rifas y cada quien pone 100 mil pesos<\/b>. El que gana se queda con Maribel Guardia toda la noche.\u2019 Tambi\u00e9n me dijo eso otra persona\u2026 hace muchos a\u00f1os\u201d, coment\u00f3 en entrevista para Gustavo Adolfo Infante. <\/p>\n<p class=\"paragraph\">Las declaraciones de la cantante se viralizaron y dividieron opiniones entre los internautas. Cabe recordar que ella y su famosa exsuegra est\u00e1n en medio de un proceso legal por cuestiones relacionadas con el hijo del fallecido cantante. <\/p>\n<p><img alt=\"Maribel Guardia junto a su\" class=\"global-image\" decoding=\"async\" fetchpriority=\"low\" height=\"1080\" loading=\"lazy\" src=\"https:\/\/www.europesays.com\/es\/wp-content\/uploads\/2026\/01\/DHRDZ7NXKVEQ3JEV5V63LQW3NQ.jpg\" width=\"1920\"\/>Maribel Guardia junto a su hijo Juli\u00e1n Figueroa. El cantante muri\u00f3 en abril de 2023 a los 27 a\u00f1os tras sufrir un paro al miocardio. (Ig\/maribelguardia)<\/p>\n<p class=\"paragraph\">En un encuentro con medios de comunicaci\u00f3n, la actriz fue cuestionada sobre las recientes declaraciones que su exnuera lanz\u00f3 en su contra y, sin profundizar en detalles, coment\u00f3 que no responder\u00eda por respeto a quien habr\u00eda difundido esas difamaciones en su contra. <\/p>\n<p class=\"paragraph\">\u201cLo dijo su abuelito y yo lo que dije es que yo quer\u00eda mucho a su abuelito, era un se\u00f1or muy respetable. Quiero mucho a su abuelita, que es una dama y ha sido una figura muy importante, tanto el abuelo como la abuelita para Imelda. As\u00ed que, <b>por respeto al abuelito, no voy a hablar mal del abuelito<\/b>\u201c, coment\u00f3 ante las c\u00e1maras y micr\u00f3fonos del programa \u2018Hoy\u2019. <\/p>\n<p class=\"paragraph\">La artista originaria de Costa Rica no mencion\u00f3 nada m\u00e1s al respecto, pero s\u00ed habl\u00f3 sobre su nieto.<\/p>\n<p><img alt=\"El cantante tuvo un hijo\" class=\"global-image\" decoding=\"async\" fetchpriority=\"low\" height=\"1080\" loading=\"lazy\" src=\"https:\/\/www.europesays.com\/es\/wp-content\/uploads\/2026\/01\/Y5UKDCOGTVB6XNBYDLEVL4XFQE.jpg\" width=\"1920\"\/>El cantante tuvo un hijo con Imelda Tu\u00f1\u00f3n. (IG: @julian_f.f)<\/p>\n<p class=\"paragraph\">En esa misma charla, la artista acus\u00f3 a Imelda Tu\u00f1\u00f3n de supuestamente mandarle audios de su nieto hablando mal de ella. <\/p>\n<blockquote class=\"color_figcaption\"><p>\u201cEl ni\u00f1o est\u00e1 en contra m\u00eda totalmente. Ella me ha mandado audios donde el ni\u00f1o dice que me odia, que soy cruel\u201d, cont\u00f3. <\/p><\/blockquote>\n<p class=\"paragraph\">Seg\u00fan la tambi\u00e9n cantante, las recientes declaraciones de su nieto sobre ella contrastan con las que hizo hace aproximadamente un a\u00f1o. <\/p>\n<p><img alt=\"Imelda Tu\u00f1\u00f3n junto a su\" class=\"global-image\" decoding=\"async\" fetchpriority=\"low\" height=\"1080\" loading=\"lazy\" src=\"https:\/\/www.europesays.com\/es\/wp-content\/uploads\/2026\/01\/OPARR2HODNEILEAQNXA3IJ2XDE.png\" width=\"1920\"\/>Imelda Tu\u00f1\u00f3n junto a su hijo. (IG)<\/p>\n<p class=\"paragraph\">\u201cCuando a m\u00ed me quitaron el ni\u00f1o, porque ten\u00eda un mes de estar conmigo, los psic\u00f3logos de esa jueza que se lo llev\u00f3, entrevistaron al ni\u00f1o, el ni\u00f1o habl\u00f3 bien de m\u00ed, dec\u00eda que me quer\u00eda.<b> Nunca le habl\u00e9 mal de su mam\u00e1 y que yo le hab\u00eda dicho que pronto iba a volver a ver a su mam\u00e1<\/b>. Eso est\u00e1 escrito\u201d, continu\u00f3. <\/p>\n<p class=\"paragraph\">Cabe recordar que cuando todo comenz\u00f3, el menor fue puesto bajo custodia de Maribel Guardia, pero despu\u00e9s de unas semanas regres\u00f3 con su madre, con quien permanece hasta ahora. <\/p>\n<p class=\"paragraph\">Por \u00faltimo, la actriz aprovech\u00f3 las c\u00e1maras y micr\u00f3fonos para mandarle un mensaje a su nieto. <\/p>\n<p class=\"paragraph\">\u201cQue lo amo con toda mi alma, que ese ni\u00f1o, imag\u00ednate, <b>es lo \u00fanico que me queda de mi hijo Jos\u00e9 Juli\u00e1n.<\/b> S\u00e9 perfectamente que es mi nieto y nunca en mi vida he pretendido, y lo dije desde el d\u00eda uno, quedarme con \u00e9l. Pero s\u00ed protegerlo, pero s\u00ed cuidarlo, porque era mi obligaci\u00f3n. Era mi obligaci\u00f3n que \u00e9l estuviera bien, protegido y con las necesidades que tiene un ni\u00f1o, que espero que en este momento las tenga. Y este a\u00f1o le compr\u00e9 ropa para Navidad, le compr\u00e9 juguetes, no pude&#8230; me los tuve que dejar, no hubo manera de entregarlos y entiendo que va a ser as\u00ed de ahora en adelante y ya tengo que aprender\u00bb, coment\u00f3. <\/p>\n","protected":false},"excerpt":{"rendered":"(IG: @imetunon) Imelda Tu\u00f1\u00f3n desat\u00f3 controversia en redes sociales tras contar que, antes de comenzar una relaci\u00f3n amorosa&hellip;\n","protected":false},"author":2,"featured_media":369039,"comment_status":"","ping_status":"","sticky":false,"template":"","format":"standard","meta":{"footnotes":""},"categories":[174],"tags":[255,146,147,25,24,256,23],"class_list":{"0":"post-369038","1":"post","2":"type-post","3":"status-publish","4":"format-standard","5":"has-post-thumbnail","7":"category-famosos","8":"tag-celebrities","9":"tag-entertainment","10":"tag-entretenimiento","11":"tag-es","12":"tag-espana","13":"tag-famosos","14":"tag-spain"},"share_on_mastodon":{"url":"https:\/\/pubeurope.com\/@es\/115982551287346527","error":""},"_links":{"self":[{"href":"https:\/\/www.europesays.com\/es\/wp-json\/wp\/v2\/posts\/369038","targetHints":{"allow":["GET"]}}],"collection":[{"href":"https:\/\/www.europesays.com\/es\/wp-json\/wp\/v2\/posts"}],"about":[{"href":"https:\/\/www.europesays.com\/es\/wp-json\/wp\/v2\/types\/post"}],"author":[{"embeddable":true,"href":"https:\/\/www.europesays.com\/es\/wp-json\/wp\/v2\/users\/2"}],"replies":[{"embeddable":true,"href":"https:\/\/www.europesays.com\/es\/wp-json\/wp\/v2\/comments?post=369038"}],"version-history":[{"count":0,"href":"https:\/\/www.europesays.com\/es\/wp-json\/wp\/v2\/posts\/369038\/revisions"}],"wp:featuredmedia":[{"embeddable":true,"href":"https:\/\/www.europesays.com\/es\/wp-json\/wp\/v2\/media\/369039"}],"wp:attachment":[{"href":"https:\/\/www.europesays.com\/es\/wp-json\/wp\/v2\/media?parent=369038"}],"wp:term":[{"taxonomy":"category","embeddable":true,"href":"https:\/\/www.europesays.com\/es\/wp-json\/wp\/v2\/categories?post=369038"},{"taxonomy":"post_tag","embeddable":true,"href":"https:\/\/www.europesays.com\/es\/wp-json\/wp\/v2\/tags?post=369038"}],"curies":[{"name":"wp","href":"https:\/\/api.w.org\/{rel}","templated":true}]}}