{"id":369376,"date":"2026-01-30T10:46:13","date_gmt":"2026-01-30T10:46:13","guid":{"rendered":"https:\/\/www.europesays.com\/es\/369376\/"},"modified":"2026-01-30T10:46:13","modified_gmt":"2026-01-30T10:46:13","slug":"una-de-las-revelaciones-visita-el-buesa","status":"publish","type":"post","link":"https:\/\/www.europesays.com\/es\/369376\/","title":{"rendered":"Una de las revelaciones visita el Buesa"},"content":{"rendered":"<p>\n        Tras la importante victoria ante el Joventut de Badalona, el Kosner <a href=\"https:\/\/www.noticiasdealava.eus\/\" title=\"Baskonia\" class=\"link copy\" rel=\"nofollow noopener\" target=\"_blank\"><strong>Baskonia<\/strong><\/a><strong> <\/strong>recibir\u00e1 este viernes (20.30 horas) la <strong>visita del Zalgiris Kaunas<\/strong> en el Fernando Buesa Arena.\n<\/p>\n<p class=\"article-body__text \">\n        Con pocos alicientes en la <a href=\"https:\/\/www.euroleaguebasketball.net\/es\/euroleague\/standings\/\" title=\"Euroliga\" rel=\"nofollow noopener\" class=\"link copy\" target=\"_blank\">Euroliga<\/a>, m\u00e1s all\u00e1 de las bonificaciones econ\u00f3micas, este encuentro marcar\u00e1 el <strong>regreso a la cancha de Markus Howard<\/strong>, uno de los m\u00e1ximos anotadores de los azulgranas.\n<\/p>\n<p class=\"article-body__text \">\n        Como <strong>confirm\u00f3 Paolo Galbiati<\/strong> ayer en su intervenci\u00f3n ante los medios de comunicaci\u00f3n, el estadounidense<strong> volver\u00e1 a la pista tras no haber disputado ni un solo minuto desde el 4 de enero<\/strong>, cuando los vitorianos se impusieron por 99-92 al Morabanc Andorra.\n<\/p>\n<p class=\"article-body__text \">\n        Pocos d\u00edas despu\u00e9s, en la previa del duelo ante el Bayern, sufri\u00f3 una <strong>peque\u00f1a rotura fibrilar<\/strong> en la zona alta del muslo derecho que le ha tenido sin competir durante gran parte del mes de enero.\n<\/p>\n<p>            <a href=\"https:\/\/www.noticiasdealava.eus\/baskonia\/2026\/01\/29\/howard-regresa-sedekerskis-pierde-copa-10632990.html\" title=\"Howard regresa y Sedekerskis se pierde la Copa\" class=\"new__media\" rel=\"nofollow noopener\" target=\"_blank\"><\/p>\n<p>                <img alt=\"Howard regresa y Sedekerskis se pierde la Copa\" data-src=\"https:\/\/www.europesays.com\/es\/wp-content\/uploads\/2026\/01\/c1f22d2b-67f5-4164-83d3-08ae26332830_16-9-aspect-ratio_default_0_x918y471.jpg\" class=\"lozad\"\/><\/p>\n<p>        <\/a><\/p>\n<p>        <a href=\"https:\/\/www.noticiasdealava.eus\/baskonia\/2026\/01\/29\/howard-regresa-sedekerskis-pierde-copa-10632990.html\" title=\"Howard regresa y Sedekerskis se pierde la Copa\" class=\"new__headline\" rel=\"nofollow noopener\" target=\"_blank\"><br \/>\n            Howard regresa y Sedekerskis se pierde la Copa<br \/>\n        <\/a><\/p>\n<p class=\"article-body__text \">\n        Howard <strong>intentar\u00e1 volver a su mejor nivel<\/strong> tras una temporada irregular marcada por los problemas f\u00edsicos. Cuando est\u00e1 sano, el escolta de 26 a\u00f1os es <strong>un arma ofensiva <\/strong>de suma importancia para el Baskonia.\n<\/p>\n<p class=\"article-body__text \">\n        Su <strong>letal tiro exterior<\/strong> y su capacidad para anotar en rachas hacen de \u00e9l un jugador al que las defensas rivales deben vigilar muy de cerca.\n<\/p>\n<p class=\"article-body__text \">\n        En una campa\u00f1a <strong>lejos de sus n\u00fameros habituales<\/strong>, con 11,3 puntos de media en la Euroliga y <strong>bajos porcentajes de acierto, <\/strong>Howard cay\u00f3 lesionado en el momento en el que estaba recuperando sensaciones y ahora su misi\u00f3n ser\u00e1 <strong>llegar en la mejor forma <\/strong>posible a la Copa.\n<\/p>\n<p>  Sorpresa en Euroliga<\/p>\n<p class=\"article-body__text \">\n        Para ello, la primera de las pruebas ser\u00e1 de <strong>m\u00e1xima exigencia ante el Zalgiris<\/strong> Kaunas, que est\u00e1 realizando una <strong>notable Euroliga<\/strong> y mantiene intactas sus aspiraciones de clasificarse directamente entre los seis primeros sin pasar por el play in.\n<\/p>\n<p class=\"article-body__text \">\n        Actualmente <strong>ocupa la octava posici\u00f3n <\/strong>de la clasificaci\u00f3n con un balance de <strong>14 victorias y 10 derrotas<\/strong>, lejos de los ocho triunfos del Baskonia, con opciones ya muy remotas de alcanzar siquiera el play in.\n<\/p>\n<p class=\"article-body__text \">\n        El buen momento de los lituanos fue valorado por Galbiati, defini\u00e9ndoles como <strong>\u201cun rival muy dif\u00edcil\u201d<\/strong>. \u201cSon un equipo muy s\u00f3lido, con talento exterior y roles bien definidos. Es <strong>una de las sorpresas de la temporada\u201d<\/strong>, asegur\u00f3 el t\u00e9cnico.\u00a0\n<\/p>\n<p>            <a href=\"https:\/\/www.noticiasdealava.eus\/baskonia\/2026\/01\/29\/kurucs-emerge-triplista-baskonia-10630402.html\" title=\"Rodions Kurucs emerge como triplista en el Baskonia\" class=\"new__media\" rel=\"nofollow noopener\" target=\"_blank\"><\/p>\n<p>                <img alt=\"Rodions Kurucs emerge como triplista en el Baskonia\" data-src=\"https:\/\/www.europesays.com\/es\/wp-content\/uploads\/2026\/01\/ee00c193-0878-42d1-a0c4-1c0ca9c3f783_16-9-aspect-ratio_default_0.jpg\" class=\"lozad\"\/><\/p>\n<p>        <\/a><\/p>\n<p>        <a href=\"https:\/\/www.noticiasdealava.eus\/baskonia\/2026\/01\/29\/kurucs-emerge-triplista-baskonia-10630402.html\" title=\"Rodions Kurucs emerge como triplista en el Baskonia\" class=\"new__headline\" rel=\"nofollow noopener\" target=\"_blank\"><br \/>\n            Rodions Kurucs emerge como triplista en el Baskonia<br \/>\n        <\/a><\/p>\n<p class=\"article-body__text \">\n        El conjunto lituano tiene entre sus filas a <strong>Sylvain Francisco<\/strong>, uno de los jugadores m\u00e1s determinantes de la Euroliga. El base franc\u00e9s promedia 16,6 puntos y 6,8 asistencias esta temporada, siendo <strong>el principal generador ofensivo del equipo<\/strong> y escogido mejor jugador de la Euroliga del mes de octubre.\u00a0\n<\/p>\n<p class=\"article-body__text \">\n        No estar\u00e1 solo. A su lado cuenta con <strong>buenos acompa\u00f1antes<\/strong>. Adem\u00e1s de la archiconocida <strong>tropa de jugadores lituanos<\/strong>, aguerridos y con la buena mu\u00f1eca de Tubelis, Brazdeikis, Ulanovas, Sirvydis, Giedraitis o Butkevicius, hay que sumar a <strong>Moses Wright<\/strong>, una constante amenaza bajo los aros, al tirador<strong> Dustin Sleva<\/strong> o al experimentado director de juego <strong>Nigel Williams-Goss<\/strong>, que apunta a reaparecer tras superar su lesi\u00f3n muscular.\n<\/p>\n<p>            <a href=\"https:\/\/www.noticiasdealava.eus\/baskonia\/2026\/01\/29\/comodo-fichar-zalgiris-baskonia-decision-entrevista-a-ignas-brazdeikis-euroliga-10633862.html\" title=\"&quot;Era m\u00e1s c\u00f3modo para m\u00ed fichar por el Zalgiris que por el Baskonia, pero no fue una decisi\u00f3n f\u00e1cil&quot;\" class=\"new__media\" rel=\"nofollow noopener\" target=\"_blank\"><\/p>\n<p>                <img alt=\"&quot;Era m\u00e1s c\u00f3modo para m\u00ed fichar por el Zalgiris que por el Baskonia, pero no fue una decisi\u00f3n f\u00e1cil&quot;\" data-src=\"https:\/\/www.europesays.com\/es\/wp-content\/uploads\/2026\/01\/5063dff7-aca5-40a0-9a3f-a05ce6124cb2_16-9-aspect-ratio_default_0_x871y698.jpg\" class=\"lozad\"\/><\/p>\n<p>        <\/a><\/p>\n<p>        <a href=\"https:\/\/www.noticiasdealava.eus\/baskonia\/2026\/01\/29\/comodo-fichar-zalgiris-baskonia-decision-entrevista-a-ignas-brazdeikis-euroliga-10633862.html\" title=\"&quot;Era m\u00e1s c\u00f3modo para m\u00ed fichar por el Zalgiris que por el Baskonia, pero no fue una decisi\u00f3n f\u00e1cil&quot;\" class=\"new__headline\" rel=\"nofollow noopener\" target=\"_blank\"><br \/>\n            \u00abEra m\u00e1s c\u00f3modo para m\u00ed fichar por el Zalgiris que por el Baskonia, pero no fue una decisi\u00f3n f\u00e1cil\u00bb<br \/>\n        <\/a><\/p>\n<p>  Sin Sedekerskis en Copa<\/p>\n<p class=\"article-body__text \">\n         En contraste con la buena noticia del regreso de Howard, Galbiati adelant\u00f3 ayer que Tadas <strong>Sedekerskis<\/strong>, ausente a\u00fan tras ser intervenido quir\u00fargicamente en su tobillo derecho en diciembre, no volver\u00e1 a la acci\u00f3n hasta<strong> despu\u00e9s de la Copa del Rey<\/strong> que se disputar\u00e1 en Valencia entre los d\u00edas 19 y 22 de febrero. Tambi\u00e9n sigue <strong>apartado Markquis Nowell.<\/strong><\/p>\n","protected":false},"excerpt":{"rendered":"Tras la importante victoria ante el Joventut de Badalona, el Kosner Baskonia recibir\u00e1 este viernes (20.30 horas) la&hellip;\n","protected":false},"author":2,"featured_media":369377,"comment_status":"","ping_status":"","sticky":false,"template":"","format":"standard","meta":{"footnotes":""},"categories":[269],"tags":[299,298,4714,39305,168,25,24,833,17490,23519,22611,7482,23,167,938,53969],"class_list":["post-369376","post","type-post","status-publish","format-standard","has-post-thumbnail","category-baloncesto","tag-baloncesto","tag-basketball","tag-baskonia","tag-buesa","tag-deportes","tag-es","tag-espana","tag-euroliga","tag-galbiati","tag-howard","tag-previa","tag-revelaciones","tag-spain","tag-sports","tag-visita","tag-zalgiris"],"share_on_mastodon":{"url":"https:\/\/pubeurope.com\/@es\/115983652838320411","error":""},"_links":{"self":[{"href":"https:\/\/www.europesays.com\/es\/wp-json\/wp\/v2\/posts\/369376","targetHints":{"allow":["GET"]}}],"collection":[{"href":"https:\/\/www.europesays.com\/es\/wp-json\/wp\/v2\/posts"}],"about":[{"href":"https:\/\/www.europesays.com\/es\/wp-json\/wp\/v2\/types\/post"}],"author":[{"embeddable":true,"href":"https:\/\/www.europesays.com\/es\/wp-json\/wp\/v2\/users\/2"}],"replies":[{"embeddable":true,"href":"https:\/\/www.europesays.com\/es\/wp-json\/wp\/v2\/comments?post=369376"}],"version-history":[{"count":0,"href":"https:\/\/www.europesays.com\/es\/wp-json\/wp\/v2\/posts\/369376\/revisions"}],"wp:featuredmedia":[{"embeddable":true,"href":"https:\/\/www.europesays.com\/es\/wp-json\/wp\/v2\/media\/369377"}],"wp:attachment":[{"href":"https:\/\/www.europesays.com\/es\/wp-json\/wp\/v2\/media?parent=369376"}],"wp:term":[{"taxonomy":"category","embeddable":true,"href":"https:\/\/www.europesays.com\/es\/wp-json\/wp\/v2\/categories?post=369376"},{"taxonomy":"post_tag","embeddable":true,"href":"https:\/\/www.europesays.com\/es\/wp-json\/wp\/v2\/tags?post=369376"}],"curies":[{"name":"wp","href":"https:\/\/api.w.org\/{rel}","templated":true}]}}