{"id":369401,"date":"2026-01-30T11:00:08","date_gmt":"2026-01-30T11:00:08","guid":{"rendered":"https:\/\/www.europesays.com\/es\/369401\/"},"modified":"2026-01-30T11:00:08","modified_gmt":"2026-01-30T11:00:08","slug":"estas-son-las-zonas-mas-afectadas-7","status":"publish","type":"post","link":"https:\/\/www.europesays.com\/es\/369401\/","title":{"rendered":"estas son las zonas m\u00e1s afectadas"},"content":{"rendered":"<p style=\"\">La borrasca <a href=\"https:\/\/www.abc.es\/sociedad\/borrasca-kristin-provincias-afectara-manana-temporal-azota-20260128203753-nt.html\" title=\"www.abc.es\" data-voc-vtm-id=\"in-text-traffic\" data-mrf-link=\"www.abc.es\" rel=\"nofollow noopener\" target=\"_blank\">Kristin <\/a>ha sacudido la situaci\u00f3n meteorol\u00f3gica en Espa\u00f1a, en los \u00faltimos d\u00edas, especialmente el mi\u00e9rcoles, cuando en varios territorios se produjeron <strong>fuertes rachas de viento <\/strong>que dejaron varias incedencias, adem\u00e1s de <strong>nevadas copiosas <\/strong>que acarreraron cortes en varias carreteras en zonas de Castilla  &#8230; y Le\u00f3n o Madrid, por ejemplo.<\/p>\n<p class=\"voc-p\" style=\"\">Tras la calma de unos d\u00edas marcados por el paso de este temporal, Espa\u00f1a afronta un \u00faltimo fin de semana de enero que todav\u00eda tendr\u00e1 como protagonista <strong>la lluvia, los cielos cubiertos, el viento y el fr\u00edo<\/strong>. <\/p>\n<p class=\"voc-p\" style=\"\">La Agencia Estatal de Meteorolog\u00eda (<strong>Aemet<\/strong>) avisa de que esta continuar\u00e1, con nuevas precipitaciones, acumulaciones de nieve en zonas de monta\u00f1a y rachas de viento muy fuertes en varias regiones, estas \u00faltimas llegando incluso a suponer que el organismo haya lanzado un <strong>aviso rojo por \u00abpeligro extraordinario\u00bb en la costa gallega<\/strong>.<\/p>\n<p>\nPersistencia de las lluvias y viento muy intenso\n<\/p>\n<p class=\"voc-p\" style=\"\">La Aemet prev\u00e9 que este viernes se mantenga una circulaci\u00f3n atl\u00e1ntica activa, con cielos cubiertos y paso de frentes que mantendr\u00e1n las<strong> lluvias casi generalizadas en todo el pa\u00eds<\/strong>. Seg\u00fan el organismo, habr\u00e1 \u00abprobables precipitaciones persistentes y localmente fuertes en Galicia\u00bb, mientras que en la mitad norte peninsular <strong>la nieve har\u00e1 acto de presencia en cotas entre los 1.200 y 1.500 metros, descendiendo hasta los 800\u20131.000 metros <\/strong>al final del d\u00eda en el noroeste.<\/p>\n<p class=\"voc-p\" style=\"\">El viento soplar\u00e1 con fuerza en gran parte del pa\u00eds. La Aemet advierte de \u00ab<strong>rachas muy fuertes<\/strong> de componente oeste en el Cant\u00e1brico, mitad norte de la vertiente atl\u00e1ntica, Albor\u00e1n, y gran parte de la meseta Sur y del tercio oriental peninsular\u00bb. En zonas de sierra del sureste peninsular,<strong> incluso podr\u00edan alcanzar intensidad huracanada<\/strong>, indica el organismo.<\/p>\n<p>\nUn breve respiro el s\u00e1bado, aunque a\u00fan con nevadas\n<\/p>\n<p class=\"voc-p\" style=\"\">El s\u00e1bado continuar\u00e1 el ambiente invernal, aunque con una ligera mejor\u00eda durante la segunda mitad del d\u00eda. Se espera la llegada de altas presiones por el suroeste, lo que favorecer\u00e1 <strong>una \u00abestabilidad transitoria\u00bb, seg\u00fan la Aemet<\/strong>. <\/p>\n<p class=\"voc-p\" style=\"\">Aun as\u00ed, durante la ma\u00f1ana persistir\u00e1n las lluvias en el tercio norte y en regiones monta\u00f1osas del interior. Los mayores acumulados se concentrar\u00e1n en el Cant\u00e1brico oriental, el Pirineo occidental y la B\u00e9tica oriental, donde <strong>seguir\u00e1 nevando en cotas de 700 a 1.000 metros, subiendo despu\u00e9s hasta 1.200\u20131.400.<\/strong> Sin embargo, el viento no dar\u00e1 tregua: seguir\u00e1 soplando del oeste moderado a fuerte, con<strong> rachas muy intensas<\/strong> en litorales, Baleares y zonas altas del centro y norte peninsular.<\/p>\n<blockquote class=\"twitter-tweet\">\n<p lang=\"es\" dir=\"ltr\">Predicci\u00f3n para el resto de semana:<\/p>\n<p>\ud83c\udf0aTemporal mar\u00edtimo en el Mediterr\u00e1neo, Cant\u00e1brico y litoral atl\u00e1ntico gallego; en el Cant\u00e1brico y Galicia ser\u00e1 de peligro importante o extraordinario.<\/p>\n<p>\ud83c\udf27\ufe0fLluvia en la pen\u00ednsula y Baleares, salvo el s\u00e1bado que no ser\u00e1 significativa.<\/p>\n<p>(1\/2) <a href=\"https:\/\/t.co\/YnAjhMPVXp\" rel=\"nofollow\">pic.twitter.com\/YnAjhMPVXp<\/a><\/p>\n<p>\u2014 AEMET (@AEMET_Esp) <a href=\"https:\/\/twitter.com\/AEMET_Esp\/status\/2016809220646092984?ref_src=twsrc%5Etfw\" rel=\"nofollow noopener\" target=\"_blank\">January 29, 2026<\/a><\/p><\/blockquote>\n<p class=\"voc-p\" style=\"\">Para el <strong>domingo <\/strong>se acaba esa leve estabilidad, la Aemet apunta a la posible llegada de un \u00abnuevo frente fr\u00edo\u00bb que reactivar\u00e1 las precipitaciones en buena parte del territorio. Los cielos se mantendr\u00e1n muy nubosos o cubiertos, con lluvias generalizadas, m\u00e1s <strong>persistentes en el oeste peninsular, y ocasionalmente acompa\u00f1adas de tormenta en Galicia occidental<\/strong>. En el norte, la nieve contin\u00faa en cotas similares que ir\u00e1n subiendo gradualmente. Por su parte, el viento cambiar\u00e1 a componente sur y suroeste, con <strong>intervalos fuertes en los litorales de Galicia y moderado en el resto del pa\u00eds<\/strong>.<\/p>\n<p>\nTemperaturas normales para la \u00e9poca\n<\/p>\n<p class=\"voc-p\" style=\"\">Los term\u00f3metros se mantendr\u00e1n en un vaiv\u00e9n propio del invierno durante el fin de semana. El viernes se prev\u00e9 un <strong>descenso generalizado de las m\u00e1xima<\/strong>s, sobre todo en el interior peninsular, mientras que el s\u00e1bado se esperan ligeras subidas en el noroeste y bajadas m\u00e1s intensas en el sureste y Baleares. <strong>Las m\u00ednimas bajar\u00e1n en general, con heladas d\u00e9biles <\/strong>o moderadas en zonas de monta\u00f1a del norte y sureste, que ser\u00e1n m\u00e1s intensas en el Pirineo.<\/p>\n<p class=\"voc-p\" style=\"\">El domingo, \u00abtemperaturas m\u00e1ximas en ligero descenso en la fachada mediterr\u00e1nea y<strong> en ascenso en el resto de la Pen\u00ednsula <\/strong>y Baleares. Por otro lado las m\u00ednimas descender\u00e1n de forma ligera en el tercio este y ascender\u00e1n en el resto peninsular y Baleares\u00bb, indica la Aemet para el primer d\u00eda de febrero.<\/p>\n<p><script async src=\"https:\/\/platform.twitter.com\/widgets.js\" charset=\"utf-8\"><\/script><\/p>\n","protected":false},"excerpt":{"rendered":"La borrasca Kristin ha sacudido la situaci\u00f3n meteorol\u00f3gica en Espa\u00f1a, en los \u00faltimos d\u00edas, especialmente el mi\u00e9rcoles, cuando&hellip;\n","protected":false},"author":2,"featured_media":369402,"comment_status":"","ping_status":"","sticky":false,"template":"","format":"standard","meta":{"footnotes":""},"categories":[8],"tags":[2980,7994,17,18,17936,25,24,13,14,772,3087,11,19,20,1479,9,16248,10,15,16,773,23,159,12,21,22,3667,27313],"class_list":["post-369401","post","type-post","status-publish","format-standard","has-post-thumbnail","category-espana","tag-aemet","tag-avisa","tag-breaking-news","tag-breakingnews","tag-enero","tag-es","tag-espana","tag-featured-news","tag-featurednews","tag-fin","tag-fuertes","tag-headlines","tag-latest-news","tag-latestnews","tag-lluvia","tag-news","tag-nieve","tag-noticias","tag-noticias-destacadas","tag-noticiasdestacadas","tag-semana","tag-spain","tag-tiempo","tag-titulares","tag-ultimas-noticias","tag-ultimasnoticias","tag-ultimo","tag-vientos"],"share_on_mastodon":{"url":"","error":""},"_links":{"self":[{"href":"https:\/\/www.europesays.com\/es\/wp-json\/wp\/v2\/posts\/369401","targetHints":{"allow":["GET"]}}],"collection":[{"href":"https:\/\/www.europesays.com\/es\/wp-json\/wp\/v2\/posts"}],"about":[{"href":"https:\/\/www.europesays.com\/es\/wp-json\/wp\/v2\/types\/post"}],"author":[{"embeddable":true,"href":"https:\/\/www.europesays.com\/es\/wp-json\/wp\/v2\/users\/2"}],"replies":[{"embeddable":true,"href":"https:\/\/www.europesays.com\/es\/wp-json\/wp\/v2\/comments?post=369401"}],"version-history":[{"count":0,"href":"https:\/\/www.europesays.com\/es\/wp-json\/wp\/v2\/posts\/369401\/revisions"}],"wp:featuredmedia":[{"embeddable":true,"href":"https:\/\/www.europesays.com\/es\/wp-json\/wp\/v2\/media\/369402"}],"wp:attachment":[{"href":"https:\/\/www.europesays.com\/es\/wp-json\/wp\/v2\/media?parent=369401"}],"wp:term":[{"taxonomy":"category","embeddable":true,"href":"https:\/\/www.europesays.com\/es\/wp-json\/wp\/v2\/categories?post=369401"},{"taxonomy":"post_tag","embeddable":true,"href":"https:\/\/www.europesays.com\/es\/wp-json\/wp\/v2\/tags?post=369401"}],"curies":[{"name":"wp","href":"https:\/\/api.w.org\/{rel}","templated":true}]}}