{"id":36998,"date":"2025-08-09T23:32:06","date_gmt":"2025-08-09T23:32:06","guid":{"rendered":"https:\/\/www.europesays.com\/es\/36998\/"},"modified":"2025-08-09T23:32:06","modified_gmt":"2025-08-09T23:32:06","slug":"un-peleador-de-la-ufc-noquea-a-su-rival-con-un-slam-digno-de-la-wwe","status":"publish","type":"post","link":"https:\/\/www.europesays.com\/es\/36998\/","title":{"rendered":"Un peleador de la UFC noquea a su rival&#8230; \u00a1Con un slam digno de la WWE!"},"content":{"rendered":"<p>                        Elijah Smith venci\u00f3 a Toshiomi Kazama por knockout en el primer asalto de contienda\n<\/p>\n<p><img src=\"https:\/\/www.mundodeportivo.com\/files\/image_449_220\/files\/fp\/uploads\/2025\/08\/10\/6897c8e866287.r_d.396-350-5613.jpeg\" data-full-src=\"https:\/\/www.europesays.com\/es\/wp-content\/uploads\/2025\/08\/6897c8e866287.jpeg\" alt=\"Elijah Smith, despu\u00e9s de noquear a Kazama en el UFC Vegas 109\" width=\"449\" height=\"220\" class=\"nolazy\" decoding=\"async\" fetchpriority=\"high\"\/><\/p>\n<p class=\"caption-title \">Elijah Smith, despu\u00e9s de noquear a Kazama en el UFC Vegas 109<\/p>\n<p>UFC<\/p>\n<ul>\n<li style=\"vertical-align:top\">\n<\/li>\n<\/ul>\n<p>\n                        Actualizado a  10\/08\/2025 01:28 CEST\n                    <\/p>\n<p data-gtm-element-container=\"modulo-texto-link\" class=\"paragraph\"><strong>Elijah Smith<\/strong> ha dado el susto mayor dentro de la cartelera del UFC Vegas 109. El americano enfrentaba a<strong> Toshiomi Kazama <\/strong>en el cartel preliminar del nuevo Fight Night de la corporaci\u00f3n de Dana White, dentro de la divisi\u00f3n del peso gallo, donde ambos competidores todav\u00eda no figuran dentro de los mejores 15 contendientes. La sensaci\u00f3n estadounidense <strong>logr\u00f3 noquear la japon\u00e9s con un slam sobre la lona<\/strong>, despu\u00e9s de revertir con \u00e9xito una llave de brazo de su oponente que hel\u00f3 la sangre de todos los presentes dentro del Apex del conglomerado.<\/p>\n<blockquote class=\"twitter-tweet\" data-lang=\"es\"><p>\n<a href=\"https:\/\/twitter.com\/mikesmilkovich\/status\/1954305319724777876\" rel=\"nofollow noopener\" target=\"_blank\">\n<\/p><\/blockquote>\n<p data-gtm-element-container=\"modulo-texto-link\" class=\"paragraph\">El japon\u00e9s cay\u00f3 noqueado al momento de impactar sobre el tapiz. Elijah Smith propici\u00f3 a Kazama dos golpes que, a vista del p\u00fablico, <strong>aterrizaron sobre el rostro del contendiente por la mala acci\u00f3n del \u00e1rbitro<\/strong>. As\u00ed, el americano suma ya tres victorias bajo el sello del <strong>Ultimate Fighting Championship<\/strong>, la liga de artes marciales mixtas m\u00e1s grandes del planeta.<\/p>\n<p>    Lee tambi\u00e9n<\/p>\n<p>\n        Mostrar comentarios\n    <\/p>\n<p>{\u00aballowComment\u00bb:\u00bballowed\u00bb,\u00bbarticleId\u00bb:\u00bbarticle-1002512592&#8243;,\u00bburl\u00bb:\u00bbhttps:\\\/\\\/www.mundodeportivo.com\\\/ufc\\\/20250810\\\/1002512592\\\/insolito-peleador-ufc-noquea-rival-slam-digno-wwe.html\u00bb,\u00bblivefyre-url\u00bb:\u00bbarticle-1002512592&#8243;}<\/p>\n<p>Cargando siguiente contenido&#8230;\n                <\/p>\n<p>    <script async src=\"https:\/\/platform.twitter.com\/widgets.js\" charset=\"utf-8\"><\/script><\/p>\n","protected":false},"excerpt":{"rendered":"Elijah Smith venci\u00f3 a Toshiomi Kazama por knockout en el primer asalto de contienda Elijah Smith, despu\u00e9s de&hellip;\n","protected":false},"author":2,"featured_media":36999,"comment_status":"","ping_status":"","sticky":false,"template":"","format":"standard","meta":{"footnotes":""},"categories":[276],"tags":[168,25,24,23,167,343],"class_list":{"0":"post-36998","1":"post","2":"type-post","3":"status-publish","4":"format-standard","5":"has-post-thumbnail","7":"category-ufc","8":"tag-deportes","9":"tag-es","10":"tag-espana","11":"tag-spain","12":"tag-sports","13":"tag-ufc"},"share_on_mastodon":{"url":"","error":""},"_links":{"self":[{"href":"https:\/\/www.europesays.com\/es\/wp-json\/wp\/v2\/posts\/36998","targetHints":{"allow":["GET"]}}],"collection":[{"href":"https:\/\/www.europesays.com\/es\/wp-json\/wp\/v2\/posts"}],"about":[{"href":"https:\/\/www.europesays.com\/es\/wp-json\/wp\/v2\/types\/post"}],"author":[{"embeddable":true,"href":"https:\/\/www.europesays.com\/es\/wp-json\/wp\/v2\/users\/2"}],"replies":[{"embeddable":true,"href":"https:\/\/www.europesays.com\/es\/wp-json\/wp\/v2\/comments?post=36998"}],"version-history":[{"count":0,"href":"https:\/\/www.europesays.com\/es\/wp-json\/wp\/v2\/posts\/36998\/revisions"}],"wp:featuredmedia":[{"embeddable":true,"href":"https:\/\/www.europesays.com\/es\/wp-json\/wp\/v2\/media\/36999"}],"wp:attachment":[{"href":"https:\/\/www.europesays.com\/es\/wp-json\/wp\/v2\/media?parent=36998"}],"wp:term":[{"taxonomy":"category","embeddable":true,"href":"https:\/\/www.europesays.com\/es\/wp-json\/wp\/v2\/categories?post=36998"},{"taxonomy":"post_tag","embeddable":true,"href":"https:\/\/www.europesays.com\/es\/wp-json\/wp\/v2\/tags?post=36998"}],"curies":[{"name":"wp","href":"https:\/\/api.w.org\/{rel}","templated":true}]}}