{"id":370150,"date":"2026-01-30T19:55:11","date_gmt":"2026-01-30T19:55:11","guid":{"rendered":"https:\/\/www.europesays.com\/es\/370150\/"},"modified":"2026-01-30T19:55:11","modified_gmt":"2026-01-30T19:55:11","slug":"otro-retorno-al-pga-tour-la-nueva-salida-clave-que-golpea-al-liv-golf-de-joaquin-niemann","status":"publish","type":"post","link":"https:\/\/www.europesays.com\/es\/370150\/","title":{"rendered":"Otro retorno al PGA Tour: la nueva salida clave que golpea al LIV Golf de Joaqu\u00edn Niemann"},"content":{"rendered":"<p class=\"article-body__paragraph\">El <b>LIV Golf <\/b>vuelve a quedar en entredicho. La liga saud\u00ed enfrenta una nueva baja. El estadounidense <b>Patrick Reed<\/b>, campe\u00f3n del Masters de Augusta 2018, decidi\u00f3 regresar al <b>PGA Tour<\/b>.<\/p>\n<p class=\"article-body__paragraph\">La noticia se suma a un escenario complejo para el LIV, que hace algunas <b>semanas ya hab\u00eda sufrido la partida de Brooks Koepka<\/b>, otro de sus grandes nombres, tambi\u00e9n de vuelta al circuito estadounidense. <a href=\"https:\/\/www.latercera.com\/el-deportivo\/noticia\/joaquin-niemann-blinda-a-la-liga-arabe-en-la-disputa-con-el-pga-tour-soy-un-fiel-creyente-del-liv-golf\/\" target=\"_self\" rel=\"nofollow noopener\" title=\"https:\/\/www.latercera.com\/el-deportivo\/noticia\/joaquin-niemann-blinda-a-la-liga-arabe-en-la-disputa-con-el-pga-tour-soy-un-fiel-creyente-del-liv-golf\/\">Para la liga en la que compite el chileno Joaqu\u00edn Niemann<\/a>, la salida de Reed refuerza la percepci\u00f3n de una fuga progresiva de figuras hacia el PGA Tour, en medio del proceso de recomposici\u00f3n del golf mundial.<\/p>\n<p class=\"article-body__paragraph\">\u201cDespu\u00e9s de pensarlo y considerarlo detenidamente, mi familia y yo hemos decidido que ya no competir\u00e9 en el LIV Golf Tour. <b>Me complace anunciar que regresar\u00e9 al PGA Tour como miembro excampe\u00f3n para la temporada 2027 <\/b>y ser\u00e9 elegible para comenzar a competir en eventos del PGA Tour a finales de este a\u00f1o\u201d, se\u00f1al\u00f3 Reed al oficializar su decisi\u00f3n. El golfista, de 35 a\u00f1os, pone fin as\u00ed a su paso por la liga saud\u00ed, a la que hab\u00eda llegado como uno de los fichajes m\u00e1s relevantes del proyecto impulsado por el Fondo de Inversi\u00f3n P\u00fablica de Arabia Saudita.<\/p>\n<p class=\"article-body__paragraph\">El ganador de nueve t\u00edtulos en el <a href=\"https:\/\/www.pgatour.com\/\" target=\"_self\" rel=\"nofollow noopener\" title=\"https:\/\/www.pgatour.com\/\">PGA Tour<\/a> profundiz\u00f3 en las razones personales y profesionales detr\u00e1s de su retorno.<b> \u201cSoy un tradicionalista de coraz\u00f3n y nac\u00ed para jugar en el PGA, que es donde empez\u00f3 mi historia con mi esposa, Justine. <\/b>Me siento muy afortunado por las oportunidades que se me han presentado y agradecido por la vida que hemos construido. Sigo avanzando en mi carrera y estoy deseando competir en el PGA y en el DP World Tour. Estoy deseando regresar a algunos de los mejores lugares del planeta\u201d, afirm\u00f3.<\/p>\n<p class=\"article-body__paragraph\">Desde el punto de vista reglamentario, Reed solicit\u00f3 reincorporarse al PGA Tour en la categor\u00eda de excampe\u00f3n a partir de la temporada 2027. Sin embargo, su retorno competitivo ser\u00e1 m\u00e1s inmediato. <b>El estadounidense podr\u00e1 disputar torneos del DP World Tour, donde los diez mejores jugadores de la temporada obtienen tarjeta para el PGA. <\/b>De hecho, llega respaldado por un buen presente deportivo: este domingo se consagr\u00f3 campe\u00f3n del Dubai Desert Classic, uno de los torneos m\u00e1s importantes del calendario europeo.<\/p>\n<p class=\"article-body__paragraph\"><a href=\"https:\/\/www.latercera.com\/el-deportivo\/noticia\/salidas-clave-y-criticas-internas-el-liv-golf-enfrenta-su-momento-mas-delicado-en-la-guerra-con-el-pga-tour\/\" target=\"_self\" rel=\"nofollow noopener\" title=\"https:\/\/www.latercera.com\/el-deportivo\/noticia\/salidas-clave-y-criticas-internas-el-liv-golf-enfrenta-su-momento-mas-delicado-en-la-guerra-con-el-pga-tour\/\">Una vez que se conoci\u00f3 la noticia, el LIV emiti\u00f3 una declaraci\u00f3n p\u00fablica<\/a>. \u201cNo pudimos llegar a un acuerdo con Patrick sobre una posible extensi\u00f3n de contrato. Le agradecemos todo lo que aport\u00f3 durante su tiempo en los 4Aces de LIV Golf y le deseamos lo mejor. <b>LIV siempre ha sido un defensor del movimiento de jugadores y reconoce que cuando el golf se asiente en una nueva normalidad, los jugadores no solo tendr\u00e1n el derecho<\/b>, sino tambi\u00e9n la oportunidad de jugar al golf cuando y donde quieran\u201d, se\u00f1alan.<\/p>\n<p class=\"article-body__paragraph\">\u201cDe cara al futuro, nuestro enfoque sigue siendo construir equipos y una liga en la que los fan\u00e1ticos puedan creer y los jugadores disfruten: aquellos que compiten al m\u00e1s alto nivel, <b>juegan el juego de la manera correcta y comprenden la responsabilidad de hacer crecer el juego en todo el mundo involucrando a los fan\u00e1ticos<\/b> y celebrando a los socios. Estamos construyendo la liga de golf del mundo y cada decisi\u00f3n que tomamos est\u00e1 guiada por lo que es mejor para el futuro a largo plazo del juego, nuestros jugadores y fan\u00e1ticos\u201d, a\u00f1aden.<\/p>\n","protected":false},"excerpt":{"rendered":"El LIV Golf vuelve a quedar en entredicho. La liga saud\u00ed enfrenta una nueva baja. El estadounidense Patrick&hellip;\n","protected":false},"author":2,"featured_media":370151,"comment_status":"","ping_status":"","sticky":false,"template":"","format":"standard","meta":{"footnotes":""},"categories":[275],"tags":[168,25,24,329,4544,968,21479,1960,744,23,167],"class_list":["post-370150","post","type-post","status-publish","format-standard","has-post-thumbnail","category-golf","tag-deportes","tag-es","tag-espana","tag-golf","tag-joaquin-niemann","tag-liv-golf","tag-patrick-reed","tag-pga-tour","tag-polideportivo","tag-spain","tag-sports"],"share_on_mastodon":{"url":"https:\/\/pubeurope.com\/@es\/115985811079068546","error":""},"_links":{"self":[{"href":"https:\/\/www.europesays.com\/es\/wp-json\/wp\/v2\/posts\/370150","targetHints":{"allow":["GET"]}}],"collection":[{"href":"https:\/\/www.europesays.com\/es\/wp-json\/wp\/v2\/posts"}],"about":[{"href":"https:\/\/www.europesays.com\/es\/wp-json\/wp\/v2\/types\/post"}],"author":[{"embeddable":true,"href":"https:\/\/www.europesays.com\/es\/wp-json\/wp\/v2\/users\/2"}],"replies":[{"embeddable":true,"href":"https:\/\/www.europesays.com\/es\/wp-json\/wp\/v2\/comments?post=370150"}],"version-history":[{"count":0,"href":"https:\/\/www.europesays.com\/es\/wp-json\/wp\/v2\/posts\/370150\/revisions"}],"wp:featuredmedia":[{"embeddable":true,"href":"https:\/\/www.europesays.com\/es\/wp-json\/wp\/v2\/media\/370151"}],"wp:attachment":[{"href":"https:\/\/www.europesays.com\/es\/wp-json\/wp\/v2\/media?parent=370150"}],"wp:term":[{"taxonomy":"category","embeddable":true,"href":"https:\/\/www.europesays.com\/es\/wp-json\/wp\/v2\/categories?post=370150"},{"taxonomy":"post_tag","embeddable":true,"href":"https:\/\/www.europesays.com\/es\/wp-json\/wp\/v2\/tags?post=370150"}],"curies":[{"name":"wp","href":"https:\/\/api.w.org\/{rel}","templated":true}]}}