{"id":370194,"date":"2026-01-30T20:28:08","date_gmt":"2026-01-30T20:28:08","guid":{"rendered":"https:\/\/www.europesays.com\/es\/370194\/"},"modified":"2026-01-30T20:28:08","modified_gmt":"2026-01-30T20:28:08","slug":"queen-no-ira-de-gira-a-estados-unidos-porque-es-un-lugar-peligroso","status":"publish","type":"post","link":"https:\/\/www.europesays.com\/es\/370194\/","title":{"rendered":"Queen no ir\u00e1 de gira a Estados Unidos porque \u00abes un lugar peligroso\u00bb"},"content":{"rendered":"<p style=\"\">Esta es una de esas noticias que dan buena cuenta de lo serio que es todo lo que est\u00e1 ocurriendo en Estados Unidos: <a href=\"https:\/\/www.abc.es\/noticias\/freddie-mercury\/\" target=\"_blank\" data-voc-vtm-id=\"in-text-traffic\" title=\"Queen\" data-mrf-link=\"www.abc.es\" rel=\"nofollow noopener\">Queen<\/a> han decidido no ir all\u00ed de gira porque consideran que ahora mismo \u00abes un lugar peligroso\u00bb. <\/p>\n<p style=\"\">As\u00ed lo ha anunciado  &#8230; <strong>Brian May<\/strong> en unas declaraciones al diario brit\u00e1nico The Daily Mail en las que explica que, a pesar de que adoran Estados Unidos, el pa\u00eds \u00abha cambiado mucho\u00bb desde su \u00faltima gira en 2023 y por tanto <strong>no creen \u00abprudente\u00bb  volver<\/strong>, al menos por el momento. <\/p>\n<p class=\"voc-p\" style=\"\">Queen ya ha tenido varios enfrentamientos con Trump. En 2016 declararon p\u00fablicamente su antipat\u00eda por su candidatura, y en 2020 libraron una ardua batalla para impedir que dejara de reproducir su m\u00fasica en su campa\u00f1a electoral, despu\u00e9s de que el a\u00f1o anterior consiguieran impedir que el presidente  usara su \u00e9xito &#8216;We Will Rock You&#8217;.<\/p>\n<p class=\"voc-p\" style=\"\">Pero lo de ahora va mucho m\u00e1s all\u00e1: \u00abEstados Unidos es un lugar peligroso actualmente, y eso que hay que tenerlo en cuenta. Es muy triste porque siento que Queen creci\u00f3 en <a href=\"https:\/\/www.abc.es\/noticias\/estados-unidos\/\" target=\"_blank\" data-voc-vtm-id=\"in-text-traffic\" title=\"Estados Unidos\" data-mrf-link=\"www.abc.es\" rel=\"nofollow noopener\">Estados Unidos<\/a> y lo amamos, pero ya no es lo que era\u00bb, dice el guitarrista, que adem\u00e1s se\u00f1ala que no es el \u00fanico artista que piensa lo mismo: \u00abTodo el mundo se lo est\u00e1 pensando dos veces antes de ir all\u00ed\u00bb.  De hecho, <strong>la estrella brit\u00e1nica de la m\u00fasica dance Piri<\/strong> tambi\u00e9n se ha referido a la situaci\u00f3n actual en Estados Unidos como un factor determinante al cancelar una gira por el pa\u00eds a principios de esta semana. <\/p>\n<p class=\"voc-title\">Desde que Bad Bunny anunci\u00f3 que no girar\u00eda por el pa\u00eds, son muchos lo artistas que han seguido el ejemplo<\/p>\n<p class=\"voc-p\" style=\"\">Pero no son los primeros. En 2025, el pianista cl\u00e1sico h\u00fangaro <strong>Andr\u00e1s Schiff<\/strong> cancel\u00f3 sus conciertos en Estados Unidos, declarando: \u00abDebido a los recientes y sin precedentes cambios pol\u00edticos en Estados Unidos, me siento moralmente obligado a retirarme de todos mis compromisos en ese pa\u00eds\u00bb.<\/p>\n<p class=\"voc-p\" style=\"\">Y no hay que olvidar que tambi\u00e9n el a\u00f1o pasado, fue el todopoderoso <strong>Bad Bunny<\/strong> quien tom\u00f3 la misma decisi\u00f3n, tal como confes\u00f3 en la revista i-D cuando se le pregunt\u00f3 si la raz\u00f3n por la que no program\u00f3 ning\u00fan concierto en Estados Unidos el a\u00f1o pasado se deb\u00eda al temor a la deportaci\u00f3n del p\u00fablico latino. \u00abEn realidad, s\u00ed\u00bb, respondi\u00f3. \u00abHay muchas razones por las que decid\u00ed no ir a Estados Unidos, y ninguna fue por odio&#8230; Pero estaba el problema de que, por ejemplo,<strong> el maldito ICE podr\u00eda estar afuera de un concierto<\/strong>. Y es algo que estuvimos hablando en mi equipo y que nos preocupaba mucho\u00bb.<\/p>\n<p class=\"voc-p\" style=\"\">Numerosos eventos en torno a la cultura latina han sido cancelados desde que ICE increment\u00f3 su actividad durante el segundo mandato de Donald Trump, debido al temor de que sean blanco de agentes antiinmigraci\u00f3n, y han sido muchos los artistas de origen hispano que han sufrido un descenso en la asistencia a sus conciertos por este motivo.<\/p>\n<p class=\"voc-p\" style=\"\">Entre las celebridades que han condenado al ICE y al presidente Donald Trump se encuentran Billie Eilish, Sabrina Carpenter, Green Day, Neil Young, Moby, Zara Larsson, el m\u00fasico y estrella de Stranger Things Joe Keery, Duran Duran, Dave Matthews y muchos m\u00e1s. Por otro lado, <strong>Bruce Springsteen ha compartido una nueva canci\u00f3n titulada &#8216;Streets Of Minneapolis&#8217;<\/strong> en homenaje a la ciudad y a las v\u00edctimas del ICE, Ren\u00e9e Good y Alex Pretti. Billy Bragg tambi\u00e9n ha lanzado el tema &#8216;City Of Heroes&#8217;, como \u00abtributo a la valent\u00eda de la gente de Minneapolis\u00bb.<\/p>\n<p>\nCancelaciones en el Kennedy Center\n<\/p>\n<p class=\"voc-p\" style=\"\">Otro acto de protesta de gran relevancia ha sido el del compositor <strong>Philip Glass<\/strong>, quien ha comunicado al Kennedy Center su deseo de que su Sinfon\u00eda n.15, basada en el c\u00e9lebre discurso pronunciado por Abraham Lincoln en el Lyceum en 1838, no se interprete en el gran centro art\u00edstico de Washington.<\/p>\n<p class=\"voc-p\" style=\"\"><strong>\u00abLa sinfon\u00eda es un retrato de Abraham Lincoln, y los valores actuales del Kennedy Center chocan frontalmente<\/strong> con el mensaje de la sinfon\u00eda. Por lo tanto, siento la obligaci\u00f3n de retirar este estreno de la sinfon\u00eda del Kennedy Center bajo su direcci\u00f3n actual\u00bb, ha escrito el compositor en una carta en la que pide formalmente que la orquesta no interprete su obra. <\/p>\n<p class=\"voc-p\" style=\"\">La retirada de la obra de este icono vivo de la m\u00fasica estadounidense (reconocido en 2018 con el premio Kennedy Center Honors y en 2015 con la Medalla Nacional de las Artes) se debe a la obscena transformaci\u00f3n ideol\u00f3gica de la instituci\u00f3n acometida por Donald Trump (quien adem\u00e1s ha a\u00f1adido su nombre a la fachada del edificio), que ha provocado  cancelaciones de actuaciones por parte de grandes artistas como  <strong>Ren\u00e9e Fleming, Bela Fleck, la cantante folk Kristy Lee, las int\u00e9rpretes Issa Rae o la banda de rock de Filadelfia Low Cut Connie<\/strong>, fuga de patrocinadores, disminuci\u00f3n de p\u00fablico e incluso el traslado de sede de la \u00d3pera Nacional de Washington.<\/p>\n<p class=\"voc-p\" style=\"\">La decisi\u00f3n de Glass ha sorprendido a los ejecutivos del centro y de la sinf\u00f3nica, seg\u00fan explica The New York Times. \u00abSentimos una gran admiraci\u00f3n por Philip Glass y nos sorprendi\u00f3 enterarnos de su decisi\u00f3n al mismo tiempo que la prensa\u00bb, declar\u00f3 Jean Davidson, director ejecutivo de la orquesta.<\/p>\n","protected":false},"excerpt":{"rendered":"Esta es una de esas noticias que dan buena cuenta de lo serio que es todo lo que&hellip;\n","protected":false},"author":2,"featured_media":370195,"comment_status":"","ping_status":"","sticky":false,"template":"","format":"standard","meta":{"footnotes":""},"categories":[170],"tags":[146,147,25,24,4217,1236,3137,2676,184,185,3379,5585,23,4218],"class_list":["post-370194","post","type-post","status-publish","format-standard","has-post-thumbnail","category-musica","tag-entertainment","tag-entretenimiento","tag-es","tag-espana","tag-estados","tag-gira","tag-iran","tag-lugar","tag-music","tag-musica","tag-peligroso","tag-queen","tag-spain","tag-unidos"],"share_on_mastodon":{"url":"https:\/\/pubeurope.com\/@es\/115985940805643613","error":""},"_links":{"self":[{"href":"https:\/\/www.europesays.com\/es\/wp-json\/wp\/v2\/posts\/370194","targetHints":{"allow":["GET"]}}],"collection":[{"href":"https:\/\/www.europesays.com\/es\/wp-json\/wp\/v2\/posts"}],"about":[{"href":"https:\/\/www.europesays.com\/es\/wp-json\/wp\/v2\/types\/post"}],"author":[{"embeddable":true,"href":"https:\/\/www.europesays.com\/es\/wp-json\/wp\/v2\/users\/2"}],"replies":[{"embeddable":true,"href":"https:\/\/www.europesays.com\/es\/wp-json\/wp\/v2\/comments?post=370194"}],"version-history":[{"count":0,"href":"https:\/\/www.europesays.com\/es\/wp-json\/wp\/v2\/posts\/370194\/revisions"}],"wp:featuredmedia":[{"embeddable":true,"href":"https:\/\/www.europesays.com\/es\/wp-json\/wp\/v2\/media\/370195"}],"wp:attachment":[{"href":"https:\/\/www.europesays.com\/es\/wp-json\/wp\/v2\/media?parent=370194"}],"wp:term":[{"taxonomy":"category","embeddable":true,"href":"https:\/\/www.europesays.com\/es\/wp-json\/wp\/v2\/categories?post=370194"},{"taxonomy":"post_tag","embeddable":true,"href":"https:\/\/www.europesays.com\/es\/wp-json\/wp\/v2\/tags?post=370194"}],"curies":[{"name":"wp","href":"https:\/\/api.w.org\/{rel}","templated":true}]}}