{"id":370342,"date":"2026-01-30T22:30:07","date_gmt":"2026-01-30T22:30:07","guid":{"rendered":"https:\/\/www.europesays.com\/es\/370342\/"},"modified":"2026-01-30T22:30:07","modified_gmt":"2026-01-30T22:30:07","slug":"el-papa-agradece-a-millones-por-rezar-a-traves-de-su-red-internacional","status":"publish","type":"post","link":"https:\/\/www.europesays.com\/es\/370342\/","title":{"rendered":"El Papa agradece a millones por rezar a trav\u00e9s de su red internacional"},"content":{"rendered":"<p>Le\u00f3n XIV recibi\u00f3 a los miembros de su Red Mundial de Oraci\u00f3n, a quienes subray\u00f3 que la oraci\u00f3n no es solo un acto espiritual personal, sino una misi\u00f3n universal que sostiene a la Iglesia y acompa\u00f1a a la humanidad. Agradeci\u00f3 el compromiso de millones de fieles que, unidos por esta red, viven su fe concretamente y contribuyen a la evangelizaci\u00f3n con alegr\u00eda, esperanza y cercan\u00eda a Cristo.<\/p>\n<p>Patricia Ynestroza &#8211; Ciudad del Vaticano<\/p>\n<p>Le\u00f3n XIV recibi\u00f3 esta ma\u00f1ana a los miembros de la Red Mundial de Oraci\u00f3n del Papa, a ellos les subray\u00f3 el valor fundamental de la oraci\u00f3n como parte esencial de la misi\u00f3n evangelizadora de la Iglesia. Lejos de ser una pr\u00e1ctica aislada o secundaria, agreg\u00f3, la oraci\u00f3n dentro de esta iniciativa es parte integral de la obra evang\u00e9lica del Cuerpo de Cristo.\u00a0<\/p>\n<blockquote>\n<p>\u201cAgradezco sus esfuerzos por difundirlas entre las decenas de millones de personas en esta red mundial que cada d\u00eda presentan estas necesidades ante Dios. Tal oraci\u00f3n no es externa a la obra evang\u00e9lica del Cuerpo de Cristo, sino una parte integral de ella.\u201d<\/p>\n<\/blockquote>\n<p>    <img decoding=\"async\" src=\"data:image\/gif;base64,R0lGODlhAQABAIAAAAAAAP\/\/\/yH5BAEAAAAALAAAAAABAAEAAAIBRAA7\" data-original=\"https:\/\/www.vaticannews.va\/content\/dam\/vaticannews\/agenzie\/images\/srv\/2026\/01\/30\/2026-01-30-membri-della-rete-mondiale-di-preghiera-del-papa\/1769762472566.JPG\/_jcr_content\/renditions\/cq5dam.thumbnail.cropped.750.422.jpeg\" alt=\"Le\u00f3n XIV saluda al padre Crist\u00f3bal F\u00f3nes director de la Red Mundial de Oraci\u00f3n\" title=\"Le\u00f3n XIV saluda al padre Crist\u00f3bal F\u00f3nes director de la Red Mundial de Oraci\u00f3n\"\/><\/p>\n<p>\n   Le\u00f3n XIV saluda al padre Crist\u00f3bal F\u00f3nes director de la Red Mundial de Oraci\u00f3n \u00a0 (@Vatican Media)\n  <\/p>\n<p>10 millones de personas unidas en oraci\u00f3n <\/p>\n<p>El Papa agradeci\u00f3 el compromiso de millones de personas que, unidas en esta red internacional elevan diariamente sus oraciones por las intenciones del Santo Padre. Destac\u00f3 que esta misi\u00f3n se apoya en una profunda espiritualidad centrada en el Coraz\u00f3n de Jes\u00fas, fuente de compasi\u00f3n, cercan\u00eda y amistad con Cristo. A trav\u00e9s de esta espiritualidad, los fieles aprenden a vivir su fe de manera concreta en la vida cotidiana y a responder con sensibilidad a las necesidades de los dem\u00e1s.<\/p>\n<blockquote>\n<p>\u201cEn este sentido, su itinerario de formaci\u00f3n, El Camino del Coraz\u00f3n, es una gu\u00eda \u00fatil sobre c\u00f3mo vivir esta espiritualidad en la vida diaria. Espero que, a trav\u00e9s de su apostolado, contin\u00faen ayudando a los bautizados a comprender que son amigos y ap\u00f3stoles de Cristo.\u201d<\/p>\n<\/blockquote>\n<p>    <img decoding=\"async\" src=\"data:image\/gif;base64,R0lGODlhAQABAIAAAAAAAP\/\/\/yH5BAEAAAAALAAAAAABAAEAAAIBRAA7\" data-original=\"https:\/\/www.vaticannews.va\/content\/dam\/vaticannews\/agenzie\/images\/srv\/2026\/01\/30\/2026-01-30-membri-della-rete-mondiale-di-preghiera-del-papa\/1769762471224.JPG\/_jcr_content\/renditions\/cq5dam.thumbnail.cropped.750.422.jpeg\" alt=\"Momento del encuentro\" title=\"Momento del encuentro\"\/><\/p>\n<p>\n   Momento del encuentro \u00a0 (@Vatican Media)\n  <\/p>\n<p>Fortalecer la Red mundial de Oraci\u00f3n del Papa <\/p>\n<p>Asimismo, el Pont\u00edfice anim\u00f3 a fortalecer la participaci\u00f3n dentro de la Red Mundial de Oraci\u00f3n, resaltando la riqueza que aportan las diversas culturas, lenguas y carismas unidos en una misma misi\u00f3n. De manera especial, puso \u00e9nfasis en la importancia de integrar a los j\u00f3venes, quienes buscan una relaci\u00f3n m\u00e1s personal con Jes\u00fas. En este sentido, el Movimiento Eucar\u00edstico Juvenil se presenta como un camino privilegiado para acompa\u00f1arlos en su crecimiento espiritual.<\/p>\n<p>Finalmente, el Papa invita a continuar esta labor con alegr\u00eda y esperanza, asegurando su cercan\u00eda y bendici\u00f3n apost\u00f3lica para todos los miembros de la Red y sus familias. Su mensaje reafirma que la oraci\u00f3n compartida es un poderoso instrumento de unidad, fe y transformaci\u00f3n para la Iglesia y el mundo.<\/p>\n<p>    <img decoding=\"async\" src=\"data:image\/gif;base64,R0lGODlhAQABAIAAAAAAAP\/\/\/yH5BAEAAAAALAAAAAABAAEAAAIBRAA7\" data-original=\"https:\/\/www.vaticannews.va\/content\/dam\/vaticannews\/agenzie\/images\/srv\/2026\/01\/30\/2026-01-30-membri-della-rete-mondiale-di-preghiera-del-papa\/1769762464404.JPG\/_jcr_content\/renditions\/cq5dam.thumbnail.cropped.750.422.jpeg\" alt=\"Foto del Papa con los miembros de la Red Mundial de oraci\u00f3n\" title=\"Foto del Papa con los miembros de la Red Mundial de oraci\u00f3n\"\/><\/p>\n<p>\n   Foto del Papa con los miembros de la Red Mundial de oraci\u00f3n \u00a0 (@Vatican Media)\n  <\/p>\n","protected":false},"excerpt":{"rendered":"Le\u00f3n XIV recibi\u00f3 a los miembros de su Red Mundial de Oraci\u00f3n, a quienes subray\u00f3 que la oraci\u00f3n&hellip;\n","protected":false},"author":2,"featured_media":370343,"comment_status":"","ping_status":"","sticky":false,"template":"","format":"standard","meta":{"footnotes":""},"categories":[42],"tags":[2509,17,18,13,14,11,61,62,63,64,19,20,9,10,15,16,12359,400,12,21,22,65,66,67],"class_list":["post-370342","post","type-post","status-publish","format-standard","has-post-thumbnail","category-internacional","tag-audiencias","tag-breaking-news","tag-breakingnews","tag-featured-news","tag-featurednews","tag-headlines","tag-internacional","tag-international","tag-international-news","tag-internationalnews","tag-latest-news","tag-latestnews","tag-news","tag-noticias","tag-noticias-destacadas","tag-noticiasdestacadas","tag-oracion","tag-papa-leon-xiv","tag-titulares","tag-ultimas-noticias","tag-ultimasnoticias","tag-world","tag-world-news","tag-worldnews"],"share_on_mastodon":{"url":"https:\/\/pubeurope.com\/@es\/115986420424603655","error":""},"_links":{"self":[{"href":"https:\/\/www.europesays.com\/es\/wp-json\/wp\/v2\/posts\/370342","targetHints":{"allow":["GET"]}}],"collection":[{"href":"https:\/\/www.europesays.com\/es\/wp-json\/wp\/v2\/posts"}],"about":[{"href":"https:\/\/www.europesays.com\/es\/wp-json\/wp\/v2\/types\/post"}],"author":[{"embeddable":true,"href":"https:\/\/www.europesays.com\/es\/wp-json\/wp\/v2\/users\/2"}],"replies":[{"embeddable":true,"href":"https:\/\/www.europesays.com\/es\/wp-json\/wp\/v2\/comments?post=370342"}],"version-history":[{"count":0,"href":"https:\/\/www.europesays.com\/es\/wp-json\/wp\/v2\/posts\/370342\/revisions"}],"wp:featuredmedia":[{"embeddable":true,"href":"https:\/\/www.europesays.com\/es\/wp-json\/wp\/v2\/media\/370343"}],"wp:attachment":[{"href":"https:\/\/www.europesays.com\/es\/wp-json\/wp\/v2\/media?parent=370342"}],"wp:term":[{"taxonomy":"category","embeddable":true,"href":"https:\/\/www.europesays.com\/es\/wp-json\/wp\/v2\/categories?post=370342"},{"taxonomy":"post_tag","embeddable":true,"href":"https:\/\/www.europesays.com\/es\/wp-json\/wp\/v2\/tags?post=370342"}],"curies":[{"name":"wp","href":"https:\/\/api.w.org\/{rel}","templated":true}]}}