{"id":370441,"date":"2026-01-30T23:50:11","date_gmt":"2026-01-30T23:50:11","guid":{"rendered":"https:\/\/www.europesays.com\/es\/370441\/"},"modified":"2026-01-30T23:50:11","modified_gmt":"2026-01-30T23:50:11","slug":"fc-barcelona-juliano-belletti-ajeno-al-alud-de-movimientos-en-el-barca-atletic","status":"publish","type":"post","link":"https:\/\/www.europesays.com\/es\/370441\/","title":{"rendered":"FC Barcelona | Juliano Belletti, ajeno al alud de movimientos en el Bar\u00e7a Atl\u00e8tic"},"content":{"rendered":"<p class=\"ft-text\">Llama la atenci\u00f3n la cantidad de operaciones, tanto en altas como en bajas, que se est\u00e1n llevando a cabo (o se llevar\u00e1n) en el Bar\u00e7a Atl\u00e8tic. <strong>Joaqu\u00edn Delgado<\/strong> ya est\u00e1 jugando; <strong>Hamza Abdelkarim, Patricio Pac\u00edfico y Juwansley Onstein<\/strong> est\u00e1n en Barcelona a la espera de que la oficializaci\u00f3n e incluso vieron el partido de Champions contra el Copenhague en el Spotify Camp Nou.<a class=\"ft-link ft-link--decoration\" href=\"https:\/\/www.sport.es\/es\/noticias\/barca\/nueva-baja-belletti-comunicado-medico-126265682\" rel=\"nofollow noopener\" target=\"_blank\"> Y otros pueden llegar en las \u00faltimas horas del mercado, sobre todo un centrocampista tras la lesi\u00f3n de menisco de Roger Mart\u00ednez.<\/a> En cuanto a las bajas, ya son oficiales las salidas de <strong>Dro, Parriego, Gill y Mbacke.<\/strong> Y habr\u00e1 m\u00e1s, como la de <strong>Andr\u00e9s Cuenca<\/strong> al Sporting de Gij\u00f3n. En este convulso enero, a Juliano Belletti le pueden cambiar una buena parte de la plantilla casi sin darse cuenta.<\/p>\n<p class=\"ft-text\">El t\u00e9cnico brasile\u00f1o, l\u00f3gicamente, es informado de todos estos movimientos, pero sobre todo en el cap\u00edtulo de las altas, no tiene implicaci\u00f3n y se mantiene al margen. Son decisiones estrat\u00e9gicas de la direcci\u00f3n deportiva reforzadas en losa informe del \u00e1rea de scouting, y de hecho,<strong> ser\u00e1 el club tambi\u00e9n quien decida el destino final de estos futbolistas<\/strong>, si alguno de ellos es mejor que vaya cedido a otro club o empieza (los que pueden por la edad) en el Juvenil A y no en el filial.<\/p>\n<p>Centrado en Terrassa y en los que vuelven<\/p>\n<p class=\"ft-text\">Belletti y su staff t\u00e9cnico se limitan a entrenar con lo que tienen y se centran en romper este domingo (18.00 horas) la mala racha lejos del Estadi Johan Cruyff en un duelo directo para las posiciones de play-off en Terrassa. <strong>El filial azulgrana se ejercit\u00f3 este viernes en c\u00e9sped artificial para adaptarse a las condiciones del Estadi Ol\u00edmpic de la capital egarense.<\/strong><\/p>\n<p class=\"ft-text\">Para el entrenador brasile\u00f1o, es mucho m\u00e1s importante recuperar jugadores que son clave y estaban lesionados que los que puedan llegar y desconoce el rendimiento que dar\u00e1n. <a class=\"ft-link ft-link--decoration\" href=\"https:\/\/www.sport.es\/es\/noticias\/barca\/futbol-base\/vuelve-oscar-urena-fichaje-barca-atletic-esperado-belletti-126160844\" rel=\"nofollow noopener\" target=\"_blank\">En este sentido, ya explicamos en SPORT que Belletti considera al hispano-dominicano \u00d3scar Ure\u00f1a como el &#8216;gran refuerzo&#8217; de este mes de enero.<\/a> Tambi\u00e9n se congratula por la recuperaci\u00f3n de otros dos futbolistas importantes, como son los defensas <strong>Alexis Olmedo y Xavi Espart.<\/strong><\/p>\n<p><img decoding=\"async\" src=\"https:\/\/www.europesays.com\/es\/wp-content\/uploads\/2026\/01\/420861bd-d6c5-4f57-940d-16b10f39efb5_alta-libre-aspect-ratio_default_0_x640y240.jpg\" width=\"1200\" height=\"675\" alt=\"Juwensley Onstein acaba de pasar reconocimiento m\u00e9dico en un hospital de Barcelona\" class=\"ft-helper-img-rd\" loading=\"lazy\"\/><\/p>\n<p class=\"ft-helper-fontColor-quaternary ft-helper-fontSize-body-S ft-helper-spacer-t-xxs\">Juwensley Onstein acaba de pasar reconocimiento m\u00e9dico en un hospital de Barcelona  \/ .<\/p>\n<p class=\"ft-text\">El propio Belletti as\u00ed lo viene a decir en las declaraciones a los medios del club azulgrana en la previa del importante partido del filial azulgrana en Terrassa. \u00abEn estos d\u00edas est\u00e1n pasando cosas importantes dentro del equipo, jugadores saliendo, jugadores llegando. <strong>Nosotros como staff (nos) adaptamos, entiendo c\u00f3mo es este deporte, sobre todo en esta \u00e9poca de la temporada.<\/strong> Pero lo m\u00e1s positivo es que hab\u00eda jugadores que estaban lesionados que van volviendo. Ure\u00f1a, Xavi Espart, poco a poco, Alexis Olmedo. Y claro, cien por cien lo que buscamos es mejorar es lo que tenemos aqu\u00ed\u00bb, manifest\u00f3 el brasile\u00f1o.<\/p>\n","protected":false},"excerpt":{"rendered":"Llama la atenci\u00f3n la cantidad de operaciones, tanto en altas como en bajas, que se est\u00e1n llevando a&hellip;\n","protected":false},"author":2,"featured_media":370442,"comment_status":"","ping_status":"","sticky":false,"template":"","format":"standard","meta":{"footnotes":""},"categories":[268],"tags":[46603,8917,59564,20139,168,25,24,285,6077,280,282,76821,81993,81992,81994,281,23,167],"class_list":["post-370441","post","type-post","status-publish","format-standard","has-post-thumbnail","category-futbol","tag-azulgrana","tag-bajas","tag-barca-atletic","tag-belletti","tag-deportes","tag-es","tag-espana","tag-fichajes","tag-filial","tag-football","tag-futbol","tag-hamza","tag-onsley","tag-patricio-pacifico","tag-roger-martinez","tag-soccer","tag-spain","tag-sports"],"share_on_mastodon":{"url":"https:\/\/pubeurope.com\/@es\/115986735406924540","error":""},"_links":{"self":[{"href":"https:\/\/www.europesays.com\/es\/wp-json\/wp\/v2\/posts\/370441","targetHints":{"allow":["GET"]}}],"collection":[{"href":"https:\/\/www.europesays.com\/es\/wp-json\/wp\/v2\/posts"}],"about":[{"href":"https:\/\/www.europesays.com\/es\/wp-json\/wp\/v2\/types\/post"}],"author":[{"embeddable":true,"href":"https:\/\/www.europesays.com\/es\/wp-json\/wp\/v2\/users\/2"}],"replies":[{"embeddable":true,"href":"https:\/\/www.europesays.com\/es\/wp-json\/wp\/v2\/comments?post=370441"}],"version-history":[{"count":0,"href":"https:\/\/www.europesays.com\/es\/wp-json\/wp\/v2\/posts\/370441\/revisions"}],"wp:featuredmedia":[{"embeddable":true,"href":"https:\/\/www.europesays.com\/es\/wp-json\/wp\/v2\/media\/370442"}],"wp:attachment":[{"href":"https:\/\/www.europesays.com\/es\/wp-json\/wp\/v2\/media?parent=370441"}],"wp:term":[{"taxonomy":"category","embeddable":true,"href":"https:\/\/www.europesays.com\/es\/wp-json\/wp\/v2\/categories?post=370441"},{"taxonomy":"post_tag","embeddable":true,"href":"https:\/\/www.europesays.com\/es\/wp-json\/wp\/v2\/tags?post=370441"}],"curies":[{"name":"wp","href":"https:\/\/api.w.org\/{rel}","templated":true}]}}