{"id":370736,"date":"2026-01-31T03:50:08","date_gmt":"2026-01-31T03:50:08","guid":{"rendered":"https:\/\/www.europesays.com\/es\/370736\/"},"modified":"2026-01-31T03:50:08","modified_gmt":"2026-01-31T03:50:08","slug":"mision-espacial-explorara-meditacion-y-efectos-de-microgravedad-en-los-ojos","status":"publish","type":"post","link":"https:\/\/www.europesays.com\/es\/370736\/","title":{"rendered":"Misi\u00f3n espacial explorar\u00e1 meditaci\u00f3n y efectos de microgravedad en los ojos"},"content":{"rendered":"<p>    <img src=\"https:\/\/www.europesays.com\/es\/wp-content\/uploads\/2026\/01\/2026-01-31T003A243A39Z-90866162.jpg\" width=\"1024\" height=\"575\" alt=\"\" loading=\"eager\" decoding=\"sync\" fetchpriority=\"high\"\/><\/p>\n<p>            afp_tickers        <\/p>\n<p>        Este contenido fue publicado en    <\/p>\n<p>        31 enero 2026 &#8211; 01:24\n<\/p>\n<p>Una nueva misi\u00f3n a la Estaci\u00f3n Espacial Internacional (EEI) programada para febrero indagar\u00e1 los efectos de la meditaci\u00f3n en los astronautas, simular\u00e1 alunizajes y profundizar\u00e1 en los efectos de la microgravedad en los ojos humanos.<\/p>\n<p>La tripulaci\u00f3n 12 que viajar\u00e1 a la EEI con cuatro tripulantes a bordo de la Crew Dragon de Space X, planea despegar desde el Centro Espacial Kennedy en Florida en febrero y pasar\u00e1 ocho meses realizando actividades cient\u00edficas y operaciones de mantenimiento.<\/p>\n<p>Por la agencia espacial estadounidense NASA participan Jessica Meir (comandante) y el piloto Jack Hathaway. Se suma la francesa Sophie Adenot, como especialista de la Agencia Espacial Europea (ESA) y el cosmonauta ruso Andrey Fedyaev. Adenot es la segunda mujer francesa en convertirse en astronauta despu\u00e9s de Claudie Haigner\u00e9.<\/p>\n<p>La comandante Meir, quien realiza su segundo viaje a la EEI, inform\u00f3 el viernes que tanto ella como Adenot participar\u00e1n en un experimento que \u00abanaliza la meditaci\u00f3n y la atenci\u00f3n plena y c\u00f3mo pueden beneficiar a los astronautas en misiones espaciales\u00bb.<\/p>\n<p>En una conferencia de prensa en el Centro Espacial Johnson de Houston, Texas, Meir explic\u00f3 que tambi\u00e9n ensayar\u00e1n pilotajes manuales, simulando alunizajes, para evaluar las transiciones de gravedad a microgravedad \u00aby c\u00f3mo afecta la capacidad de los astronautas\u00bb para posarse en la Luna.<\/p>\n<p>El equipo continuar\u00e1 adem\u00e1s con la investigaci\u00f3n del denominado s\u00edndrome neuroocular asociado a los vuelos espaciales (SANS).<\/p>\n<p>\u00abSe caracteriza por una serie de cambios que se producen en los ojos y en la visi\u00f3n de algunos astronautas, que experimentan d\u00e9ficits visuales despu\u00e9s de pasar mucho tiempo en ingravidez\u00bb, explic\u00f3.<\/p>\n<p>\u00abNormalmente, nuestros globos oculares son esf\u00e9ricos, pero despu\u00e9s de una ingravidez prolongada, algunos astronautas sufren un aplanamiento de la parte posterior del ojo\u00bb, detall\u00f3.<\/p>\n<p>Hasta la fecha no se ha observado ning\u00fan problema a largo plazo, pero necesitan recopilar m\u00e1s datos. \u00abNecesitamos comprender este problema a fondo, cuando pensamos en regresar a la Luna e incluso en misiones m\u00e1s largas a Marte\u00bb agreg\u00f3 Meir.<\/p>\n<p>Inicialmente programada para el 15 de febrero, su partida a la EEI fue adelantada recientemente por la NASA debido a la evacuaci\u00f3n prematura de una tripulaci\u00f3n anterior tras un problema m\u00e9dico.<\/p>\n<p>Ahora est\u00e1 programada para el 11 de febrero. Sin embargo, otra misi\u00f3n espacial, esta vez a la Luna, podr\u00eda complicar esta partida.<\/p>\n<p>El vuelo tripulado Artemis 2, el primero alrededor de la Luna en m\u00e1s de 50 a\u00f1os, tambi\u00e9n podr\u00eda despegar desde Cabo Ca\u00f1averal.<\/p>\n<p>Debido a la superposici\u00f3n de estas misiones, la fecha de lanzamiento del Crew Dragon a\u00fan est\u00e1 sujeta a cambios y podr\u00eda posponerse, seg\u00fan reconocieron funcionarios de la NASA el viernes.<\/p>\n<p>mav-cha\/mvl<\/p>\n","protected":false},"excerpt":{"rendered":"afp_tickers Este contenido fue publicado en 31 enero 2026 &#8211; 01:24 Una nueva misi\u00f3n a la Estaci\u00f3n Espacial&hellip;\n","protected":false},"author":2,"featured_media":370737,"comment_status":"","ping_status":"","sticky":false,"template":"","format":"standard","meta":{"footnotes":""},"categories":[81],"tags":[53216,82,119,123,124,25,24,14689,26431,20122,117,121,122,26432,26433,23,118,120,90],"class_list":["post-370736","post","type-post","status-publish","format-standard","has-post-thumbnail","category-ciencia-y-tecnologia","tag-aerospace","tag-business","tag-ciencia","tag-ciencia-y-tecnologia","tag-cienciaytecnologia","tag-es","tag-espana","tag-manufacturing-and-engineering","tag-research","tag-sci-tech","tag-science","tag-science-and-technology","tag-scienceandtechnology","tag-scientific-exploration","tag-space-programme","tag-spain","tag-technology","tag-tecnologia","tag-ticker"],"share_on_mastodon":{"url":"https:\/\/pubeurope.com\/@es\/115987678707831749","error":""},"_links":{"self":[{"href":"https:\/\/www.europesays.com\/es\/wp-json\/wp\/v2\/posts\/370736","targetHints":{"allow":["GET"]}}],"collection":[{"href":"https:\/\/www.europesays.com\/es\/wp-json\/wp\/v2\/posts"}],"about":[{"href":"https:\/\/www.europesays.com\/es\/wp-json\/wp\/v2\/types\/post"}],"author":[{"embeddable":true,"href":"https:\/\/www.europesays.com\/es\/wp-json\/wp\/v2\/users\/2"}],"replies":[{"embeddable":true,"href":"https:\/\/www.europesays.com\/es\/wp-json\/wp\/v2\/comments?post=370736"}],"version-history":[{"count":0,"href":"https:\/\/www.europesays.com\/es\/wp-json\/wp\/v2\/posts\/370736\/revisions"}],"wp:featuredmedia":[{"embeddable":true,"href":"https:\/\/www.europesays.com\/es\/wp-json\/wp\/v2\/media\/370737"}],"wp:attachment":[{"href":"https:\/\/www.europesays.com\/es\/wp-json\/wp\/v2\/media?parent=370736"}],"wp:term":[{"taxonomy":"category","embeddable":true,"href":"https:\/\/www.europesays.com\/es\/wp-json\/wp\/v2\/categories?post=370736"},{"taxonomy":"post_tag","embeddable":true,"href":"https:\/\/www.europesays.com\/es\/wp-json\/wp\/v2\/tags?post=370736"}],"curies":[{"name":"wp","href":"https:\/\/api.w.org\/{rel}","templated":true}]}}