{"id":370859,"date":"2026-01-31T05:44:30","date_gmt":"2026-01-31T05:44:30","guid":{"rendered":"https:\/\/www.europesays.com\/es\/370859\/"},"modified":"2026-01-31T05:44:30","modified_gmt":"2026-01-31T05:44:30","slug":"no-queria-volver-a-casa-hecha-polvo-por-tanta-confrontacion","status":"publish","type":"post","link":"https:\/\/www.europesays.com\/es\/370859\/","title":{"rendered":"No quer\u00eda volver a casa hecha polvo por tanta confrontaci\u00f3n"},"content":{"rendered":"<p class=\"c-paragraph\">\u00ab<b>No quer\u00eda volver a casa hecha polvo de tanta confrontaci\u00f3n<\/b>\u00ab, afirma Virginia Riezu para justificar su salida de <a href=\"https:\/\/www.20minutos.es\/tags\/temas\/todo-es-mentira.html\" title=\"Todo es mentira\" rel=\"nofollow noopener\" target=\"_blank\">Todo es mentira<\/a>\u00a0y su <a href=\"https:\/\/www.20minutos.es\/television\/virginia-riezu-debuta-zapeando-con-una-pulla-dani-mateo-noto-cierta-envidia-cepillo-barrer_6920092_0.html\" title=\"Virginia Riezu debuta en &#039;Zapeando&#039; con una pulla a Dani Mateo: &quot;Noto cierta envidia, cepillo de barrer&quot;\" rel=\"nofollow noopener\" target=\"_blank\">reciente fichaje por Zapeando<\/a>.<\/p>\n<p class=\"c-paragraph\">As\u00ed lo declar\u00f3 la humorista en una entrevista con <a href=\"https:\/\/www.elconfidencial.com\/television\/programas-tv\/2026-01-29\/virginia-riezu-zapeando-salida-todo-es-mentira-espacio-humor_4292466\/\" rel=\"nofollow noreferrer noopener\" target=\"_blank\">El Confi TV<\/a>, donde revel\u00f3 que ya en 2025 le hab\u00edan llamado del programa de <a href=\"https:\/\/www.20minutos.es\/tags\/instituciones-empresas\/la-sexta.html\" title=\"La Sexta\" rel=\"nofollow noopener\" target=\"_blank\">La Sexta<\/a>, pero no se march\u00f3 porque a\u00fan no hab\u00eda terminado su ciclo en el <b>formato de <a href=\"https:\/\/www.20minutos.es\/tags\/personas\/risto-mejide.html\" title=\"Risto Mejide\" rel=\"nofollow noopener\" target=\"_blank\">Risto Mejide<\/a>, en el que debut\u00f3 en febrero de 2022<\/b> para sustituir a <a href=\"https:\/\/www.20minutos.es\/tags\/personas\/miguel-lago.html\" title=\"Miguel Lago\" rel=\"nofollow noopener\" target=\"_blank\">Miguel Lago.<\/a><\/p>\n<p class=\"c-paragraph\">Sin embargo, en 2026 sinti\u00f3 \u00abque ya hab\u00eda hecho un poco todo en el programa\u00bb y que \u00abquer\u00eda un cambio de ciclo, de contenidos\u00bb, ya que \u00ab<b>no quer\u00eda volver a casa hecha polvo por tanta confrontaci\u00f3n<\/b>\u00ab.<\/p>\n<p class=\"c-paragraph\">Y es que, seg\u00fan sostuvo, \u00ab<b>la actualidad pol\u00edtica, que est\u00e1 muy dura y muy polarizada<\/b>\u00ab, le pasaba factura y, por ello, le \u00abapetec\u00eda un cambio\u00bb. \u00abComo Zapeando\u00a0es Disneyland, pues todo fenomenal\u00bb, a\u00f1adi\u00f3.<\/p>\n<p class=\"c-paragraph\">Tal y como sostuvo en su entrevista, \u00ablleg\u00f3 un momento en el que sent\u00eda que cada vez hab\u00eda menos hueco para la comedia\u00bb en Todo es mentira\u00a0y decidi\u00f3 volver a contactar\u00a0con La Sexta y aceptar aquella oferta que le hicieron en su d\u00eda. Y as\u00ed, <b><a href=\"https:\/\/www.20minutos.es\/television\/virginia-riezu-debuta-zapeando-con-una-pulla-dani-mateo-noto-cierta-envidia-cepillo-barrer_6920092_0.html\" title=\"Virginia Riezu debuta en &#039;Zapeando&#039; con una pulla a Dani Mateo: &quot;Noto cierta envidia, cepillo de barrer&quot;\" rel=\"nofollow noopener\" target=\"_blank\">el pasado 12 de enero debut\u00f3 en el espacio de Dani Mateo<\/a><\/b>.<\/p>\n<p class=\"c-paragraph\">Actualmente, est\u00e1 feliz en esta nueva etapa, aunque recuerda con felicidad la anterior, pues <b>el programa de Cuatro \u00abha sido muy importante\u00bb para ella<\/b> y le ha dado \u00abmucha experiencia y mucho dinero\u00bb.<\/p>\n<p class=\"c-paragraph\">No obstante, s\u00ed habla con pena de la inexistente despedida: \u00abCuando se acaba en un sitio, hay gente que, por las circunstancias que sean, se le hace una despedida y a otra que no. (&#8230;) Nada, la vida\u00bb.<\/p>\n<p class=\"c-paragraph\">En su lugar, <a href=\"https:\/\/www.20minutos.es\/television\/risto-mejide-ficha-valeria-ros-para-todo-es-mentira_6920633_0.html\" title=\"Risto Mejide ficha a Valeria Ros para &#039;Todo es mentira&#039;\" rel=\"nofollow noopener\" target=\"_blank\"><b>esta misma semana entr\u00f3 Valeria Ros<\/b><\/a>, que ha fichado por el programa de Risto Mejide para dar un toque de humor al formato.<\/p>\n","protected":false},"excerpt":{"rendered":"\u00abNo quer\u00eda volver a casa hecha polvo de tanta confrontaci\u00f3n\u00ab, afirma Virginia Riezu para justificar su salida de&hellip;\n","protected":false},"author":2,"featured_media":370860,"comment_status":"","ping_status":"","sticky":false,"template":"","format":"standard","meta":{"footnotes":""},"categories":[91],"tags":[7164,146,147,25,24,4417,12408,81724,23,4216],"class_list":["post-370859","post","type-post","status-publish","format-standard","has-post-thumbnail","category-entretenimiento","tag-da","tag-entertainment","tag-entretenimiento","tag-es","tag-espana","tag-los","tag-motivos","tag-riezu","tag-spain","tag-virginia"],"share_on_mastodon":{"url":"https:\/\/pubeurope.com\/@es\/115988126935610969","error":""},"_links":{"self":[{"href":"https:\/\/www.europesays.com\/es\/wp-json\/wp\/v2\/posts\/370859","targetHints":{"allow":["GET"]}}],"collection":[{"href":"https:\/\/www.europesays.com\/es\/wp-json\/wp\/v2\/posts"}],"about":[{"href":"https:\/\/www.europesays.com\/es\/wp-json\/wp\/v2\/types\/post"}],"author":[{"embeddable":true,"href":"https:\/\/www.europesays.com\/es\/wp-json\/wp\/v2\/users\/2"}],"replies":[{"embeddable":true,"href":"https:\/\/www.europesays.com\/es\/wp-json\/wp\/v2\/comments?post=370859"}],"version-history":[{"count":0,"href":"https:\/\/www.europesays.com\/es\/wp-json\/wp\/v2\/posts\/370859\/revisions"}],"wp:featuredmedia":[{"embeddable":true,"href":"https:\/\/www.europesays.com\/es\/wp-json\/wp\/v2\/media\/370860"}],"wp:attachment":[{"href":"https:\/\/www.europesays.com\/es\/wp-json\/wp\/v2\/media?parent=370859"}],"wp:term":[{"taxonomy":"category","embeddable":true,"href":"https:\/\/www.europesays.com\/es\/wp-json\/wp\/v2\/categories?post=370859"},{"taxonomy":"post_tag","embeddable":true,"href":"https:\/\/www.europesays.com\/es\/wp-json\/wp\/v2\/tags?post=370859"}],"curies":[{"name":"wp","href":"https:\/\/api.w.org\/{rel}","templated":true}]}}