{"id":370877,"date":"2026-01-31T06:00:17","date_gmt":"2026-01-31T06:00:17","guid":{"rendered":"https:\/\/www.europesays.com\/es\/370877\/"},"modified":"2026-01-31T06:00:17","modified_gmt":"2026-01-31T06:00:17","slug":"las-galerias-espanolas-se-rebelan-contra-el-iva-del-arte","status":"publish","type":"post","link":"https:\/\/www.europesays.com\/es\/370877\/","title":{"rendered":"Las galer\u00edas espa\u00f1olas se rebelan contra el iva del arte"},"content":{"rendered":"<p style=\"\">Imag\u00ednense que transitan por una de esas calles &#8216;trendy&#8217; del centro de su ciudad (en uno de sus barrios en los que la gentrificaci\u00f3n obliga al<a href=\"https:\/\/www.abc.es\/cultura\/cierra-libreria-madrilena-tipos-infames-20260122083548-nt.html\" target=\"_self\" data-voc-vtm-id=\"in-text-traffic\" title=\" cierre de librer\u00edas como Tipos Infames\" data-mrf-link=\"www.abc.es\" rel=\"nofollow noopener\"> cierre de librer\u00edas como Tipos Infames<\/a>) y se topan con dos pasteler\u00edas cuyos productos nos hacen avalanzarnos sobre  &#8230; el escaparate. <\/p>\n<p class=\"voc-p\" style=\"\">Una vez dentro, nuestro deseo nos lleva, tanto en una como en otra, a una tarta espec\u00edfica (s\u00ed: soy consciente de que ha de ser <strong>boller\u00eda industrial, la que quiere prohibir el gobierno<\/strong> en las m\u00e1quinas de &#8216;vending&#8217; para que sus contenidos sean en un 80% saludables, pero es que no se entiende el ejemplo si los dos comercios no ofertan exactamente lo mismo &#8216;o de la misma marca&#8217;). <\/p>\n<p class=\"voc-p\" style=\"\">El problema llega a la hora de pagar, cuando nos damos cuenta de que en uno de los establecimientos tenemos que desembolsar casi un 20 por ciento m\u00e1s. Es por un impuesto. <strong>\u00bfEn cu\u00e1l de los dos llevar\u00edan ustedes a cabo la compra?<\/strong><\/p>\n<p class=\"voc-p\" style=\"\">En un <strong>problema nada dulce, pero igual de empalagoso,<\/strong> se encuentran las galer\u00edas espa\u00f1olas, las cuales realizan las mismas labores de venta de arte, exhibici\u00f3n de contenidos, promoci\u00f3n de artistas, gesti\u00f3n de archivos y organizaci\u00f3n de eventos que sus hom\u00f3logas europeas, pero que ven penalizado y minusvalorado su trabajo por el sistema impositivo.<\/p>\n<p>\nHueso de la discordia\n<\/p>\n<p class=\"voc-p\" style=\"\">El hueso de la discordia lo marca el IVA, a un tipo del 21% en nuestro pa\u00eds para cualquier compra que se haga de obras de arte, antig\u00fcedades y objetos de colecci\u00f3n, frente al <strong>5% de Italia, el 5,5% de Francia, el 6% de B\u00e9lgica, el 7 % de Alemania o el 8 % de Luxemburgo,<\/strong> pa\u00edses muchos de los cuales disminuyeron su impuesto en base a la Directiva (UE) 2022\/542 del Consejo de 5 de abril de 2022 que a su vez modific\u00f3 las Directivas 2006\/112\/CE y (UE) 2020\/285 relativas al IVA que pueden aprobar los Estados miembros de la Uni\u00f3n, que ofrec\u00eda \u2013tambi\u00e9n a Espa\u00f1a\u2013 la posibilidad de adoptar un tipo reducido para las ventas de arte. Nuestro pa\u00eds ten\u00eda de hecho hasta el 31 de diciembre de 2024 para haber adoptado y publicado las disposiciones legales necesarias para la trasposici\u00f3n \u2013obligatoria\u2013 de esta directiva, que <strong>deb\u00eda haberse aplicado desde el 1 de enero de 2025.<\/strong><\/p>\n<p class=\"voc-p\" style=\"\"> Es lo que hicieron algunos de nuestros vecinos europeos. El \u00faltimo, Portugal, a finales de 2025, lo que para el sector nacional ha supuesto la puntilla y nos ha llevado al escenario de la semana que viene para la que el<a href=\"http:\/\/www.consorciodegalerias.com\/\" target=\"_self\" data-voc-vtm-id=\"in-text-traffic\" title=\" Consorcio de Galer\u00edas de Arte Contempor\u00e1neo,\" data-mrf-link=\"www.consorciodegalerias.com\" rel=\"nofollow noopener\"> Consorcio de Galer\u00edas de Arte Contempor\u00e1neo,<\/a> que engloba a las principales asociaciones locales y regionales del pa\u00eds, ha convocado una huelga para poner en valor su actividad frente a la innacci\u00f3n, consideran, de l<strong>os ministerios de Hacienda (PSOE) y Cultura (Sumar)<\/strong> competentes en el asunto.<\/p>\n<p><img decoding=\"async\" loading=\"lazy\" src=\"https:\/\/www.europesays.com\/es\/wp-content\/uploads\/2026\/01\/1402854120-U66406653138qGk-758x470@diario_abc.jpg\" class=\"voc-d-c-combo-3__img\" width=\"758\" height=\"470\" alt=\"Imagen principal - En las im\u00e1genes, de arriba abajo, Idoia Fern\u00e1ndez, Presidenta del Consorcio de Galer\u00edas; Pablo Fl\u00f3rez, presidente de Artemadrid; y un detalle de la \u00faltima edici\u00f3n de ARCO\"\/><\/p>\n<p><img decoding=\"async\" loading=\"lazy\" src=\"https:\/\/www.europesays.com\/es\/wp-content\/uploads\/2026\/01\/1450973084-U80232001616njD-464x329@diario_abc.jpg\" class=\"voc-d-c-combo-3__img\" width=\"464\" height=\"329\" alt=\"Imagen secundaria 1 - En las im\u00e1genes, de arriba abajo, Idoia Fern\u00e1ndez, Presidenta del Consorcio de Galer\u00edas; Pablo Fl\u00f3rez, presidente de Artemadrid; y un detalle de la \u00faltima edici\u00f3n de ARCO\"\/><\/p>\n<p><img decoding=\"async\" loading=\"lazy\" src=\"https:\/\/www.europesays.com\/es\/wp-content\/uploads\/2026\/01\/1413636959-U21431777164TEL-278x329@diario_abc.jpg\" class=\"voc-d-c-combo-3__img\" width=\"278\" height=\"329\" alt=\"Imagen secundaria 2 - En las im\u00e1genes, de arriba abajo, Idoia Fern\u00e1ndez, Presidenta del Consorcio de Galer\u00edas; Pablo Fl\u00f3rez, presidente de Artemadrid; y un detalle de la \u00faltima edici\u00f3n de ARCO\"\/><\/p>\n<p>Todos a una.<br \/>\nEn las im\u00e1genes, de arriba abajo, Idoia Fern\u00e1ndez, Presidenta del Consorcio de Galer\u00edas; Pablo Fl\u00f3rez, presidente de Artemadrid; y un detalle de la \u00faltima edici\u00f3n de ARCO<br \/>\nJ. R. Ladra \/ T. Sieira \/ ABC<\/p>\n<p class=\"voc-p\" style=\"\">\u00abLlevamos a\u00f1os reivindicando esta cuesti\u00f3n \u2013expresa<strong> Idoia Fern\u00e1ndez <\/strong><a href=\"https:\/\/nfgaleria.com\/\" target=\"_self\" data-voc-vtm-id=\"in-text-traffic\" title=\"(galer\u00eda NF), \" data-mrf-link=\"nfgaleria.com\" rel=\"nofollow noopener\">(galer\u00eda NF), <\/a> presidenta del Consorcio\u2013, primero, de la mano de nuestros colegas europeos, despu\u00e9s amparados por una directiva cuyo plazo de trasposici\u00f3n caduc\u00f3 hace 13 meses. Hemos hablado con administraciones, con partidos pol\u00edticos, con quien ha querido escucharnos, para que se tenga en cuenta a Europa. Nada. Todos los vecinos de nuestro entorno<strong> han hecho los deberes y nosotros seguimos esperando<\/strong>\u00bb. Es el momento de pasar a la acci\u00f3n. <\/p>\n<p class=\"voc-p\" style=\"\">Seg\u00fan Fern\u00e1ndez, el problema no es que est\u00e9n encalladas las negociaciones: es que estas son inexistentes. \u00abHasta 2022 la excusa era Europa, lo que impon\u00eda Europa. Hemos hablado con el Ministerio de Cultura, con su titular actual y todos los anteriores. En Hacienda, el interlocutor siempre fue el mismo. Todos son muy conscientes de la situaci\u00f3n, la informaci\u00f3n solicitada est\u00e1 entregada y todos saben lo que est\u00e1 pasando. <strong>Casi me gustar\u00eda decirte que hemos recibido una negativa,<\/strong> pero es que no ha pasado ni eso. Y se trata de que este pa\u00eds decida ya c\u00f3mo quiere tratar a sus artistas\u00bb. Para Fern\u00e1ndez, ya no hay tiempo. <\/p>\n<p><img decoding=\"async\" loading=\"lazy\" src=\"https:\/\/www.europesays.com\/es\/wp-content\/uploads\/2026\/01\/galerias-U02174443583poB-170x170@diario_abc.jpg\" class=\"voc-img\" width=\"170\" height=\"170\" alt=\"Imagen - \u00abNo es una cuesti\u00f3n de af\u00e1n recaudatorio: los pa\u00edses que centran mayor mercado del arte en Europa ahora fueron aquellos, como Francia, que vieron en el Brexit y en esto una oportunidad. Posiblemente si se baja el IVA, Hacienda recaudar\u00e1 m\u00e1s porque se hace m\u00e1s atractivo comprar\u00bb\"\/><\/p>\n<p class=\"voc-title\">\u00abNo es una cuesti\u00f3n de af\u00e1n recaudatorio: los pa\u00edses que centran mayor mercado del arte en Europa ahora fueron aquellos, como Francia, que vieron en el Brexit y en esto una oportunidad. Posiblemente si se baja el IVA, Hacienda recaudar\u00e1 m\u00e1s porque se hace m\u00e1s atractivo comprar\u00bb<\/p>\n<p class=\"voc-p\" style=\"\">Porque, \u00bfqu\u00e9 supone este agravio comparativo entre galer\u00edas espa\u00f1olas y sus hom\u00f3logas del Viejo Continente? Lo expresa <strong>Pablo Fl\u00f3rez,<\/strong> miembro del Consorcio con<a href=\"https:\/\/ehrhardtflorez.com\/es\/\" target=\"_self\" data-voc-vtm-id=\"in-text-traffic\" title=\" Ehrhardt Fl\u00f3rez\" data-mrf-link=\"ehrhardtflorez.com\" rel=\"nofollow noopener\"> Ehrhardt Fl\u00f3rez<\/a> y presidente de <a href=\"https:\/\/www.artemadrid.com\/\" target=\"_self\" data-voc-vtm-id=\"in-text-traffic\" title=\"ArteMadrid,\" data-mrf-link=\"www.artemadrid.com\" rel=\"nofollow noopener\">ArteMadrid,<\/a> la asociaci\u00f3n que engloba a las principales firmas en la capital: \u00abNos encontramos en una situaci\u00f3n de desventaja internacional totalmente flagrante. Y a medida que vaya pasando 2026, esto tendr\u00e1 una repercusi\u00f3n directa mayor porque ya no hay pr\u00e1cticamente ning\u00fan pa\u00eds relevante que tenga un IVA en el sector como el nuestro. Y <strong>llegar\u00e1 a ser insostenible puesto que, ya precarizada,<\/strong> es un nuevo da\u00f1o a nuestra industria, y a la industria del arte contempor\u00e1neo en Espa\u00f1a, en gran parte sostenida por las galer\u00edas\u00bb.<\/p>\n<p class=\"voc-p\" style=\"\">Fl\u00f3rez invita a razonar c\u00f3mo, \u00aben un mercado totalmente global\u00bb, la situaci\u00f3n perjudica a cualquier galer\u00eda espa\u00f1ola que comparta artistas con hom\u00f3logas europeas: \u00ab<strong>Estamos vendiendo m\u00e1s caras obras de una misma \u00e9poca o un mismo creador.<\/strong> Y eso tambi\u00e9n le afecta a las instituciones, que pueden comprar a artistas m\u00e1s baratos fuera. Frenamos con ello la internacionalizaci\u00f3n de nuestros artistas. Fomentamos, por ejemplo, que una galer\u00eda de Murcia, que hace la labor de descubrimiento de un artista local, al que acompa\u00f1a y asesora, con todo el esfuerzo que eso requiere, en unos a\u00f1os lo fiche una de Berl\u00edn que luego tendr\u00e1 muchas m\u00e1s ventajas fiscales para promocionarlo en el extranjero\u00bb. <\/p>\n<p>\nContra nuestra propia legislaci\u00f3n\n<\/p>\n<p class=\"voc-p\" style=\"\">No solo eso: venimos a contravenir la pol\u00edtica de eficiencia presupuestaria exigida en la administraci\u00f3n p\u00fablica, pues, como relata <strong>Quico Peinado,<\/strong> el coordinador de<a href=\"http:\/\/angelsbarcelona.com\/\" target=\"_self\" data-voc-vtm-id=\"in-text-traffic\" title=\" \u00c0ngels Barcelona\" data-mrf-link=\"angelsbarcelona.com\" rel=\"nofollow noopener\"> \u00c0ngels Barcelona<\/a> y presidente de <a href=\"https:\/\/www.artbarcelona.es\/es\/\" target=\"_self\" data-voc-vtm-id=\"in-text-traffic\" title=\"Art Barcelona-Associaci\u00f3 de Galeries,\" data-mrf-link=\"www.artbarcelona.es\" rel=\"nofollow noopener\">Art Barcelona-Associaci\u00f3 de Galeries,<\/a> \u00abse genera un problema pues a nuestras instituciones y museos p\u00fablicos les sale m\u00e1s a cuenta comprar a artistas espa\u00f1oles en el extranjero. Todo ese dinero que destinan a compras, como el Museo Reina Sof\u00eda en ARCO, ser\u00eda m\u00e1s eficiente, tocar\u00eda a m\u00e1s, si el IVA fuera del 6 o el 8 y no del 21\u00bb.<\/p>\n<p class=\"voc-p\" style=\"\">\u00abNo estamos pidiendo nada excepcional \u2013subraya<strong> Carolina Alarc\u00f3n,<\/strong> de la galer\u00eda Alarc\u00f3n\/Criado y hom\u00f3loga de Fl\u00f3rez o Peinado desde la sevillana<a href=\"https:\/\/www.instagram.com\/agas_sevilla\/\" target=\"_self\" data-voc-vtm-id=\"in-text-traffic\" title=\" AGAS (Asociaci\u00f3n de Galer\u00edas de Arte de Sevilla),\" data-mrf-link=\"www.instagram.com\" rel=\"nofollow noopener\"> AGAS (Asociaci\u00f3n de Galer\u00edas de Arte de Sevilla),<\/a> miembro asimismo de la Junta Directiva del Consorcio de Galer\u00edas\u2013. Esto se pod\u00eda haber ejecutado perfectamente porque lo est\u00e1 haciendo toda Europa y el hecho de no asumir la directiva <strong>puede incluso suponer que perdamos otras herramientas como el IVA reducido<\/strong>\u00bb. <\/p>\n<p><img decoding=\"async\" loading=\"lazy\" src=\"https:\/\/www.europesays.com\/es\/wp-content\/uploads\/2026\/01\/1505796191-U26006853482Opx-758x470@diario_abc.jpg\" class=\"voc-d-c-combo-3__img\" width=\"758\" height=\"470\" alt=\"Imagen principal - En las im\u00e1genes, de arriba abajo, Quico Peinado, presidente de Art Barceloa; detalle del espacio de Sabrina Amrani en Carabanchel; y retrato de Reyes Mart\u00ednez, presidenta de la valenciana LaVAC\"\/><\/p>\n<p><img decoding=\"async\" loading=\"lazy\" src=\"https:\/\/www.europesays.com\/es\/wp-content\/uploads\/2026\/01\/1438318119-U43164407256BcF-464x329@diario_abc.jpg\" class=\"voc-d-c-combo-3__img\" width=\"464\" height=\"329\" alt=\"Imagen secundaria 1 - En las im\u00e1genes, de arriba abajo, Quico Peinado, presidente de Art Barceloa; detalle del espacio de Sabrina Amrani en Carabanchel; y retrato de Reyes Mart\u00ednez, presidenta de la valenciana LaVAC\"\/><\/p>\n<p><img decoding=\"async\" loading=\"lazy\" src=\"https:\/\/www.europesays.com\/es\/wp-content\/uploads\/2026\/01\/1505802236-U13747043366hGA-278x329@diario_abc.jpg\" class=\"voc-d-c-combo-3__img\" width=\"278\" height=\"329\" alt=\"Imagen secundaria 2 - En las im\u00e1genes, de arriba abajo, Quico Peinado, presidente de Art Barceloa; detalle del espacio de Sabrina Amrani en Carabanchel; y retrato de Reyes Mart\u00ednez, presidenta de la valenciana LaVAC\"\/><\/p>\n<p>De un punto a otro del mapa.<br \/>\nEn las im\u00e1genes, de arriba abajo, Quico Peinado, presidente de Art Barceloa; detalle del espacio de Sabrina Amrani en Carabanchel; y retrato de Reyes Mart\u00ednez, presidenta de la valenciana LaVAC<br \/>\nI. Baucells \/ ABC \/ Mikel Ponce<\/p>\n<p class=\"voc-p\" style=\"\">A lo que Alarc\u00f3n se refiere es al <a href=\"https:\/\/sede.agenciatributaria.gob.es\/Sede\/iva\/regimenes-tributacion-iva\/regimen-especial-bienes-usados\/funcionamiento-rebu.html\" target=\"_self\" data-voc-vtm-id=\"in-text-traffic\" title=\"REBU (R\u00e9gimen Especial de los Bienes Usados, Objetos de Arte, Antig\u00fcedades y Objetos de Colecci\u00f3n)\" data-mrf-link=\"sede.agenciatributaria.gob.es\" rel=\"nofollow noopener\">REBU (R\u00e9gimen Especial de los Bienes Usados, Objetos de Arte, Antig\u00fcedades y Objetos de Colecci\u00f3n)<\/a> que permite una media entre el 10% de IVA que puede aplicar un artista que vende directamente a un coleccionista \u2013salt\u00e1ndose a la galer\u00eda como intermediario\u2013 y el 21 que la galer\u00eda tiene que aplicar, lo que<strong> deja las transacciones finales en el 15,5%.<\/strong> \u00abNo es adem\u00e1s una cuesti\u00f3n de af\u00e1n recaudatorio: los pa\u00edses que centran mayor mercado del arte en Europa ahora mismo fueron aquellos, como Francia, que vieron en el Brexit y en esto una oportunidad. Par\u00eds baj\u00f3 su tipo al 5,5. Posiblemente si se baja el IVA, Hacienda recaudar\u00e1 m\u00e1s porque se hace m\u00e1s atractivo comprar\u00bb.<\/p>\n<p class=\"voc-p\" style=\"\">Y quiz\u00e1s, lo m\u00e1s importante de todo, m\u00e1s all\u00e1 de la guerra abierta en el \u00e1mbito internacional, aquello en lo que hacen hincapi\u00e9 todos los agentes implicados y que verbaliza<strong> Reyes Mart\u00ednez,<\/strong> de la <a href=\"https:\/\/setespaidart.com\/\" target=\"_self\" data-voc-vtm-id=\"in-text-traffic\" title=\"galer\u00eda Set Espai d&#039;Art\" data-mrf-link=\"setespaidart.com\" rel=\"nofollow noopener\">galer\u00eda Set Espai d&#8217;Art<\/a> y presidenta de la valenciana <a href=\"https:\/\/lavac.es\/\" target=\"_self\" data-voc-vtm-id=\"in-text-traffic\" title=\"LaVAC,\" data-mrf-link=\"lavac.es\" rel=\"nofollow noopener\">LaVAC,<\/a> es la sensaci\u00f3n de &#8216;hijos de primera&#8217; e &#8216;hijos de segunda&#8217; que se genera en Espa\u00f1a dentro del propio \u00e1mbito cultural: \u00abLa comparaci\u00f3n que realizamos con otros sectores culturales que cuentan con IVA reducido es inevitable. Es el momento de poner en valor el arte dentro de las pol\u00edticas culturales\u00bb. <\/p>\n<p>\n\u00a1Hasta los toros salen ganado!\n<\/p>\n<p class=\"voc-p\" style=\"\">Mart\u00ednez tiene raz\u00f3n: comprar un disco, o una entrada para un concierto, aplica un 10% de impuesto europeo. Hacerse con una butaca en un teatro o una sala de cine, igual. Hasta asistir a los toros, que para el ministro Urtasun no es cultura, tiene ese gravamen reducido. <\/p>\n<p class=\"voc-p\" style=\"\">No hablemos ni siquiera de<strong> los libros, con un impuesto superredudido del 4%:<\/strong> \u00abNo me puedes insinuar que un cantante que llena el Bernab\u00e9u tres noches o una butaca del Teatro Real necesitan una protecci\u00f3n especial porque son cultura y las artes visuales enteras en su conjunto no. Es as\u00ed como me est\u00e1s trasladando que el arte no es cultura\u00bb, ejemplifica Idoia Fern\u00e1ndez, que prosigue: \u00abDe alguna manera, <strong>el Ministerio le est\u00e1 diciendo a un artista \u00aboye, t\u00fa no tengas galer\u00eda,<\/strong> no tengas un representante. No trabajes con ayuda\u00bb. Pero si eres un grupo de m\u00fasica, vamos a fomentar unas salas de conciertos estupendas porque sabemos que necesitas tocar; o si eres escritor, dispondremos de unas librer\u00edas magn\u00edficas para que vendas tus libros; si eres cineasta, habr\u00e1 salas maravillosas para que exhibas. Pero cuidado si eres pintor: olv\u00eddate. T\u00fa pinta en casa. Nada de exponer en una galer\u00eda. T\u00fa no te profesionalices. Hay pocas actividades culturales que se puedan disfrutar de forma gratuita, y entre ellas est\u00e1 la de ver arte gratis en una galer\u00eda. No solo nos dedicamos a vender\u00bb.<\/p>\n<p><img decoding=\"async\" loading=\"lazy\" src=\"https:\/\/www.europesays.com\/es\/wp-content\/uploads\/2026\/01\/galerias_20260128193219-U36680414884LSg-170x170@diario_abc.jpg\" class=\"voc-img\" width=\"170\" height=\"170\" alt=\"Imagen - \u00abLa comparaci\u00f3n que realizamos con otros sectores culturales que cuentan con IVA reducido es inevitable. Es el momento de poner en valor el arte dentro de las pol\u00edticas culturales\u00bb\"\/><\/p>\n<p class=\"voc-title\">\u00abLa comparaci\u00f3n que realizamos con otros sectores culturales que cuentan con IVA reducido es inevitable. Es el momento de poner en valor el arte dentro de las pol\u00edticas culturales\u00bb<\/p>\n<p class=\"voc-p\" style=\"\">Para Peinado, la sociedad, la administraci\u00f3n, tiene una imagen distorsionada sobre la labor de una galer\u00eda, \u00abque adem\u00e1s <strong>se retuerce a\u00fan m\u00e1s al asociarnos al \u00e1mbito del lujo<\/strong>. Y una galer\u00eda es mucho m\u00e1s que un empresario o una peque\u00f1a empresa. En muchos casos, somos un grupo de trabajadores, de proveedores; somos montadores, transportistas&#8230; El lujo de verdad est\u00e1 muy industrializado. Nosotros somos, si quieres definirnos as\u00ed, m\u00e1s una boutique que una industria.<strong> Nuestros objetos pueden ser caros pero son originales.<\/strong> Frente a esas zapatillas de 3.000 euros que pueden comprar cientos, nuestros productos son m\u00e1s artesanales, \u00fanicos, con una gran carga intelectual por parte del artista que los ejecuta\u00bb.<\/p>\n<p class=\"voc-p\" style=\"\">Esa vinculaci\u00f3n del arte con el lujo, que refuerza un IVA del 21%, es el que hizo que hace unos a\u00f1os, en 2024, se abortara el que parec\u00eda que iba a ser el anuncio por parte del Ejecutivo actual de la aceptaci\u00f3n de las peticiones del sector. Se ten\u00eda el apoyo del ministro Urtasun, y tambi\u00e9n del <strong>secretario de Estado de Cultura, Jordi Mart\u00ed.<\/strong> Pero pronto llegaron las voces discordantes e interesadas, por ejemplo, de Podemos, anterior socio del Ejecutivo: \u00abEl Gobierno, a trav\u00e9s del ministro, anuncia que pretende rebajar el IVA para la gente que comercia con el arte, que no son precisamente las clases populares, la misma semana que sube el IVA de la electricidad al 21%. La deriva pol\u00edtica del ejecutivo conduce al desastre\u00bb, argu\u00eda el entonces secretario de organizaci\u00f3n y portavoz de la formaci\u00f3n morada,<strong> Pablo Fern\u00e1ndez.<\/strong><\/p>\n<p class=\"voc-p\" style=\"\">Hoy, tanto el Ministerio de Cultura, como el de Hacienda, los dos implicados, son conscientes de la situaci\u00f3n. Desde el primero, fuentes consultadas informan de c\u00f3mo \u00abse est\u00e1 a favor de la demanda y en contacto con el sector\u00bb: \u00abSe trata de una cuesti\u00f3n de falta de igualdad de condiciones con Europa y desventaja de operatividad clara. El Ministro se ha pronunciado en contra en muchas ocasiones y se ha trasladado la petici\u00f3n a Hacienda.<strong> No hay duda de que tienen raz\u00f3n<\/strong>\u00bb. Por su distinto color pol\u00edtico, los unos le pueden tirar la pelota a los otros, donde desde Hacienda se nos indica que <strong>\u00abla reivindicaci\u00f3n es leg\u00edtima\u00bb, pero que, en la actualidad \u00abno se est\u00e1 trabajando<\/strong> [desde su ministerio] en ese sentido, que precisa adem\u00e1s de una mayor\u00eda parlamentaria, que no sabemos si se dar\u00eda\u00bb; como si la reivindicaci\u00f3n fuera de antes de ayer o que una situaci\u00f3n, como la de regular a 500.000 inmigrantes, no se pudiera resolver con un Real Decreto.<\/p>\n<p><img decoding=\"async\" loading=\"lazy\" src=\"https:\/\/www.europesays.com\/es\/wp-content\/uploads\/2026\/01\/1505735444-U78481378601sVf-760x427@diario_abc.jpg\" class=\"voc-img\" width=\"760\" height=\"427\" alt=\"Las galer\u00edas espa\u00f1olas se rebelan contra el iva del arte\" data-voc-vtm-id=\"in-text-traffic\"\/><\/p>\n<p class=\"voc-p\" style=\"\"> Asimismo, las mismas fuentes puntualizan que la directiva convocada, \u00abcomo todas, faculta a hacer cambios, pero no obligan a hacerlos\u00bb. Pero incluso en ese caso, el gobierno est\u00e1 obligado a comunicarle a Europa que quiere seguir jugando con las anteriores reglas de juego. No lo ha hecho. En cualquier caso, se\u00f1alan, por estar caducada, esta v\u00eda de la directiva est\u00e1 agotada. <strong>Jarro de agua fr\u00eda al deseo de todos los presidentes<\/strong> de asociaciones que esperan con ilusi\u00f3n \u00abcelebrar la pr\u00f3xima edici\u00f3n de marzo de <a href=\"https:\/\/www.ifema.es\/arco\/madrid\" target=\"_self\" data-voc-vtm-id=\"in-text-traffic\" title=\"ARCO\" data-mrf-link=\"www.ifema.es\" rel=\"nofollow noopener\">ARCO<\/a> con las peticiones atendidas\u00bb. Va a ser que no.<\/p>\n<p class=\"voc-p\" style=\"\">A las galer\u00edas se les agota el tiempo y la paciencia. Que incluso Portugal decidiera adoptar en diciembre la postura de bajar su IVA al 6% a lo largo de 2026 ha terminado por desinflar a sus hom\u00f3logos espa\u00f1oles (\u00ab<strong>sab\u00edamos que eso iba a ocurrir en el pa\u00eds vecino<\/strong> porque estamos en contacto con ellos y nos iban reportando sus avances. Nosotros ni siquiera pod\u00edamos decirles c\u00f3mo iban unas conversaciones, las nuestras, sin conclusiones\u00bb, confiesa Fern\u00e1ndez).<\/p>\n<p>\nMermar una industria\n<\/p>\n<p class=\"voc-p\" style=\"\">Desde entonces se han ido precipitando los actos reivindicativos y los apoyos externos, entre los \u00faltimos, el del<a href=\"https:\/\/circulodeempresarios.org\/\" target=\"_self\" data-voc-vtm-id=\"in-text-traffic\" title=\" C\u00edrculo de Empresarios,\" data-mrf-link=\"circulodeempresarios.org\" rel=\"nofollow noopener\"> C\u00edrculo de Empresarios,<\/a> con un comunicado que alerta c\u00f3mo \u00abEspa\u00f1a penaliza el arte frente a Europa\u00bb y se\u00f1ala c\u00f3mo, al hacerlo,<strong> merma una industria \u00abcon capacidad de generar valor<\/strong> econ\u00f3mico, empleo cualificado y proyecci\u00f3n internacional\u00bb. Asimismo, recuerda que \u00abla reforma del IVA debe complementarse con otras actuaciones estructurales como la aprobaci\u00f3n de una Ley del Mecenazgo y el reconocimento del arte como bien de inter\u00e9s general\u00bb. <\/p>\n<p class=\"voc-p\" style=\"\">La primera actuaci\u00f3n fue<a href=\"https:\/\/www.abc.es\/cultura\/arte\/sector-arte-planta-ante-gobierno-acabado-tiempo-20251210143029-nt.html\" target=\"_self\" data-voc-vtm-id=\"in-text-traffic\" title=\" la presentaci\u00f3n en el C\u00edrculo de Bellas Artes de Madrid de otro manifiesto\" data-mrf-link=\"www.abc.es\" rel=\"nofollow noopener\"> la presentaci\u00f3n en el C\u00edrculo de Bellas Artes de Madrid de otro manifiesto<\/a> que reuni\u00f3 a ocho organizaciones del sector, firmado adem\u00e1s por m\u00e1s de mil artistas criticando los \u00abmeses de silencio\u00bb y exigiendo el fin del \u00abolvido de las artes de las pol\u00edticas culturales\u00bb y \u00abla trasposici\u00f3n de la norma por un IVA reducido\u00bb, empezando a dise\u00f1ar acciones m\u00e1s contundentes que esa<a href=\"https:\/\/www.abc.es\/cultura\/arte\/anos-arco-fin-ciclo-apagon-bajada-iva-20250305160317-nt.html\" target=\"_self\" data-voc-vtm-id=\"in-text-traffic\" title=\" poco efectiva en ARCO&#039;25 de apagar las luces\" data-mrf-link=\"www.abc.es\" rel=\"nofollow noopener\"> poco efectiva en ARCO&#8217;25 de apagar las luces<\/a> de los estands el d\u00eda de la inauguraci\u00f3n de la feria en se\u00f1al de protesta.<\/p>\n<p><img decoding=\"async\" loading=\"lazy\" src=\"https:\/\/www.europesays.com\/es\/wp-content\/uploads\/2026\/01\/galerias_albarran-U10400446123mwW-760x427@diario_abc.jpg\" class=\"voc-img\" width=\"760\" height=\"427\" alt=\"Fachada de la galer\u00eda Albarr\u00e1n Bourdais\" data-voc-vtm-id=\"in-text-traffic\"\/><\/p>\n<p>Fachada de la galer\u00eda Albarr\u00e1n Bourdais<\/p>\n<p>ABC<\/p>\n<p class=\"voc-p\" style=\"\">La siguiente, <strong>la pr\u00f3xima semana, con la huelga de galer\u00edas:<\/strong> \u00abNo es exactamente una huelga \u2013corrige Reyes Mart\u00ednez\u2013, sino <strong>un cierre de puertas a toda nuestra actividad gratuita<\/strong> y cultural que hacemos, que continuaremos realizando a puerta cerrada\u00bb. Por eso es casi m\u00e1s destacable la segunda parte del comunicado en el que convocaban el paro, en el que se anuncia el cese \u00abde toda colaboraci\u00f3n gratuita con las instituciones p\u00fablicas y privadas en Espa\u00f1a durante un periodo de tres meses\u00bb. <\/p>\n<p><img decoding=\"async\" loading=\"lazy\" src=\"https:\/\/www.europesays.com\/es\/wp-content\/uploads\/2026\/01\/galerias-U25811176857vBE-170x170@diario_abc.jpg\" class=\"voc-img\" width=\"170\" height=\"170\" alt=\"Imagen - \u00abLa imagen distorsionada que administraci\u00f3n y sociedad tiene de una galer\u00eda se retuerce mucho m\u00e1s al asociarnos al lujo. Y una galer\u00eda es mucho m\u00e1s que un empresario o una peque\u00f1a empresa\u00bb\"\/><\/p>\n<p class=\"voc-title\">\u00abLa imagen distorsionada que administraci\u00f3n y sociedad tiene de una galer\u00eda se retuerce mucho m\u00e1s al asociarnos al lujo. Y una galer\u00eda es mucho m\u00e1s que un empresario o una peque\u00f1a empresa\u00bb<\/p>\n<p class=\"voc-article-position__name\">Quico Peinado (Art Barcelona)<\/p>\n<p class=\"voc-p\" style=\"\">\u00abSomos \u2013se\u00f1ala Fl\u00f3rez\u2013 <strong>una industria desconocida,<\/strong> respecto a la musical o la del cine. Las galer\u00edas aglutinan mucho trabajo invisible que normalmente en otros sectores, como el cine, se divide entre distribuidores, productores, exhibidores&#8230;\u00bb. Las galer\u00edas asesoran a instituciones, les ponen en contacto con coleccionistas, ponen a disposici\u00f3n sus archivos, realizan trabajos de almacenamiento, montaje y env\u00edo. Todo eso, desde la semana que viene, tendr\u00e1 un costo para museos y centros de arte, p\u00fablicos y privados.<\/p>\n<p class=\"voc-p\" style=\"\">Y se prev\u00e9n algunas m\u00e1s, como realizar otros cierres o cesar la actividad un d\u00eda a la semana. As\u00ed lo expresan desde LaVAC: \u00ab<strong>Hemos llegado a un punto de inflexi\u00f3n.<\/strong> Esta es la primera medida y si no tiene efecto inmediato, se tomar\u00e1n otras antes de que se celebre ARCO o durante la feria\u00bb. \u00bfPeligra la misma? Las galer\u00edas saben que es el altavoz medi\u00e1tico por excelencia, pero son muchos los intereses creados, con firmas que forman parte del comit\u00e9 de selecci\u00f3n, y todos los participantes habiendo realizado ya una gran inversi\u00f3n en Ifema antes del comienzo. Pero desde AGAS dan la respuesta m\u00e1s contundente: \u00abHa habido propuestas de no asistir a la feria en las reuniones del Consorcio. No ha habido consenso total. Pero se ha valorado, s\u00ed.<strong> Claro que ARCO corre peligro. Claro que s\u00ed&#8230;\u00bb.<\/strong><\/p>\n<p class=\"voc-p\" style=\"\">La amenaza est\u00e1 lanzada. El pulso, a la espera de respuesta. Desde el lunes, de forma oficial, <strong>120 galer\u00edas cierran sus puertas.<\/strong> Secundan la iniciativa muchas otras no asociadas pero que, como <a href=\"http:\/\/planet.swintonandgrant.com\/\" target=\"_self\" data-voc-vtm-id=\"in-text-traffic\" title=\"Swinton&amp;Grant\" data-mrf-link=\"planet.swintonandgrant.com\" rel=\"nofollow noopener\">Swinton&amp;Grant<\/a>, \u00abse sienten interpeladas\u00bb. Esto no es ya, como recuerda Quico Peinado, una \u00abhistoria de gobiernos de derechas que bajan impuestos y de izquierdas que los suben. Es una cuesti\u00f3n de dignidad, y de sentirnos apoyados por pol\u00edticos, como el ministro, como el secretario de Estado, que,<strong> desde nuestra ingenuidad, cre\u00edamos que ten\u00edan sensibilidad por la cultura<\/strong>\u00bb. Cierra, es el lema, <strong>\u00abel mayor museo de arte gratis del pa\u00eds\u00bb. <\/strong><\/p>\n<p><script async src=\"\/\/www.instagram.com\/embed.js\"><\/script><\/p>\n","protected":false},"excerpt":{"rendered":"Imag\u00ednense que transitan por una de esas calles &#8216;trendy&#8217; del centro de su ciudad (en uno de sus&hellip;\n","protected":false},"author":2,"featured_media":370878,"comment_status":"","ping_status":"","sticky":false,"template":"","format":"standard","meta":{"footnotes":""},"categories":[173],"tags":[229,233,231,230,232,234,146,147,25,24,9767,20363,45456,26775,23],"class_list":["post-370877","post","type-post","status-publish","format-standard","has-post-thumbnail","category-arte-y-diseno","tag-arte","tag-arte-y-diseno","tag-arts","tag-arts-and-design","tag-design","tag-diseno","tag-entertainment","tag-entretenimiento","tag-es","tag-espana","tag-espanolas","tag-galerias","tag-iva","tag-rebelan","tag-spain"],"share_on_mastodon":{"url":"https:\/\/pubeurope.com\/@es\/115988190153736934","error":""},"_links":{"self":[{"href":"https:\/\/www.europesays.com\/es\/wp-json\/wp\/v2\/posts\/370877","targetHints":{"allow":["GET"]}}],"collection":[{"href":"https:\/\/www.europesays.com\/es\/wp-json\/wp\/v2\/posts"}],"about":[{"href":"https:\/\/www.europesays.com\/es\/wp-json\/wp\/v2\/types\/post"}],"author":[{"embeddable":true,"href":"https:\/\/www.europesays.com\/es\/wp-json\/wp\/v2\/users\/2"}],"replies":[{"embeddable":true,"href":"https:\/\/www.europesays.com\/es\/wp-json\/wp\/v2\/comments?post=370877"}],"version-history":[{"count":0,"href":"https:\/\/www.europesays.com\/es\/wp-json\/wp\/v2\/posts\/370877\/revisions"}],"wp:featuredmedia":[{"embeddable":true,"href":"https:\/\/www.europesays.com\/es\/wp-json\/wp\/v2\/media\/370878"}],"wp:attachment":[{"href":"https:\/\/www.europesays.com\/es\/wp-json\/wp\/v2\/media?parent=370877"}],"wp:term":[{"taxonomy":"category","embeddable":true,"href":"https:\/\/www.europesays.com\/es\/wp-json\/wp\/v2\/categories?post=370877"},{"taxonomy":"post_tag","embeddable":true,"href":"https:\/\/www.europesays.com\/es\/wp-json\/wp\/v2\/tags?post=370877"}],"curies":[{"name":"wp","href":"https:\/\/api.w.org\/{rel}","templated":true}]}}