{"id":371240,"date":"2026-01-31T10:47:06","date_gmt":"2026-01-31T10:47:06","guid":{"rendered":"https:\/\/www.europesays.com\/es\/371240\/"},"modified":"2026-01-31T10:47:06","modified_gmt":"2026-01-31T10:47:06","slug":"el-beneficio-economico-de-la-regularizacion-de-migrantes-economia-y-negocios","status":"publish","type":"post","link":"https:\/\/www.europesays.com\/es\/371240\/","title":{"rendered":"El beneficio econ\u00f3mico de la regularizaci\u00f3n de migrantes | Econom\u00eda y negocios"},"content":{"rendered":"<p class=\"loc\">Madrid<\/p>\n<p>El gobierno ha anunciado esta semana que va a regularizar la situaci\u00f3n de hasta 500.000 ciudadanos extracomunitarios que viven en Espa\u00f1a. La medida, pactada con Podemos, ha recibido las cr\u00edticas de la derecha alimentando el bulo de que serv\u00eda para engordar el censo electoral. Sin embargo, el gobierno de Jos\u00e9 Mar\u00eda Aznar (Partido Popular) aprob\u00f3 dos regularizaciones extraordinarias en 2000 y 2001 que dieron papeles a m\u00e1s de medio mill\u00f3n de personas. Y en la Uni\u00f3n Europea se han aprobado m\u00e1s de 40 desde los a\u00f1os 90, seg\u00fan el Ministerio de Seguridad Social. Una de ellas, la de Berlusconi en Italia 2002. La regularizaci\u00f3n es una herramienta para la gesti\u00f3n migratoria a disposici\u00f3n de los estados que no tiene color pol\u00edtico y que, adem\u00e1s de mejorar la vida de quienes la solicitan, beneficia a la econom\u00eda.<\/p>\n<p>Eso es lo que sostiene un estudio de la Barcelona Graduate School of Economics sobre la \u00faltima gran regularizaci\u00f3n aprobada en 2005 por el gobierno de Rodr\u00edguez Zapatero, a la que se acogieron 576.506 personas. El primer impacto positivo se vio en el aumento de los ingresos del Estado por cotizaciones e impuestos. Que m\u00e1s de medio mill\u00f3n de personas pasaran del mercado laboral informal (trabajando en la econom\u00eda sumergida) al mercado laboral formal (con contrato), permiti\u00f3 a recaudar para las arcas p\u00fablicas cerca de 4.200 euros por migrante regularizado por a\u00f1o. <\/p>\n<p>M\u00e1s informaci\u00f3n<\/p>\n<p>La proporci\u00f3n de extranjeros en el total de trabajadores pas\u00f3 del 6% al 9% en tres semanas. Y no hubo un &#8216;efecto llamada&#8217;. \u00abEn esto tambi\u00e9n importa como se implementan este tipo de reformas. En el caso de 2005 es cierto que se incrementaron las inspecciones laborales [un 130%] y que se destin\u00f3 m\u00e1s recursos a la vigilancia en las fronteras. Teniendo en cuenta c\u00f3mo se implement\u00f3, vemos claramente en los datos que no hubo &#8216;efecto llamada'\u00bb, comenta Joan Monr\u00e0s, catedr\u00e1tico de Econom\u00eda de la Universitat Pompeu Fabra y coautor del estudio.<\/p>\n<p>Monr\u00e0s explica que en su an\u00e1lisis no detectaron \u00abgrandes subidas\u00bb en la demanda de servicios sanitarios y educativos. Y que, una vez cumplidos los seis meses de contrato de trabajo que se requer\u00edan para acceder a la regularizaci\u00f3n, cerca de la mitad de los trabajadores comenz\u00f3 a cambiar de sector o empresa buscando mejores condiciones laborales. \u00abMuchos de ellos entraron en el r\u00e9gimen del servicio del hogar y fueron movi\u00e9ndose a la que pudieron hacia empresas m\u00e1s grandes que pagaban mejor y que supon\u00edan una trayectoria mejor para ellos\u00bb, se\u00f1ala a La Ser.<\/p>\n<p>Estimul\u00f3 la natalidad y la compra de vivienda<\/p>\n<p>Adem\u00e1s de estos cambios inmediatos, y producto de ellos, la concesi\u00f3n del estatus legal a casi 600.000 personas tuvo unos efectos en la econom\u00eda a medio plazo que Monr\u00e0s analiz\u00f3 despu\u00e9s de la publicaci\u00f3n del estudio. \u00abAument\u00f3 las tasas de natalidad de los inmigrantes afectados: aquellos que ganaron permisos de trabajo empezaron, nueve meses m\u00e1s tarde, a tener m\u00e1s hijos. Y la segunda dimensi\u00f3n, aunque esta es mucho m\u00e1s dif\u00edcil de analizar de forma precisa en los datos, es que da la sensaci\u00f3n de que la regularizaci\u00f3n de 2005 permiti\u00f3 a algunos inmigrantes plantearse comprar una casa\u00bb, explica.<\/p>\n<p>La reforma que plantea ahora el Gobierno de Pedro S\u00e1nchez, \u00bftendr\u00e1 los mismos efectos que la de Zapatero de 2005? \u00abMe imagino que va a pasar algo parecido\u00bb, dice Monr\u00e0s, tambi\u00e9n investigador del Centre de Recerca en Economia Internacional. \u00abEl planteamiento que se est\u00e1 haciendo es bastante parecido a lo que se hizo con la regularizaci\u00f3n de 2005, sobre todo a nivel de la cantidad de migrantes que podr\u00edan beneficiarse\u00bb, indica. Aun as\u00ed, condiciona su \u00e9xito a que, como hace 21 a\u00f1os, la medida est\u00e9 acompa\u00f1ada por un refuerzo de las inspecciones laborales y de los recursos para el control en las fronteras.<\/p>\n","protected":false},"excerpt":{"rendered":"Madrid El gobierno ha anunciado esta semana que va a regularizar la situaci\u00f3n de hasta 500.000 ciudadanos extracomunitarios&hellip;\n","protected":false},"author":2,"featured_media":371241,"comment_status":"","ping_status":"","sticky":false,"template":"","format":"standard","meta":{"footnotes":""},"categories":[8],"tags":[17,18,25,24,13,14,11,19,20,68850,14039,9,10,15,16,23,12,21,22],"class_list":["post-371240","post","type-post","status-publish","format-standard","has-post-thumbnail","category-espana","tag-breaking-news","tag-breakingnews","tag-es","tag-espana","tag-featured-news","tag-featurednews","tag-headlines","tag-latest-news","tag-latestnews","tag-lepe","tag-migration","tag-news","tag-noticias","tag-noticias-destacadas","tag-noticiasdestacadas","tag-spain","tag-titulares","tag-ultimas-noticias","tag-ultimasnoticias"],"share_on_mastodon":{"url":"https:\/\/pubeurope.com\/@es\/115989318426918380","error":""},"_links":{"self":[{"href":"https:\/\/www.europesays.com\/es\/wp-json\/wp\/v2\/posts\/371240","targetHints":{"allow":["GET"]}}],"collection":[{"href":"https:\/\/www.europesays.com\/es\/wp-json\/wp\/v2\/posts"}],"about":[{"href":"https:\/\/www.europesays.com\/es\/wp-json\/wp\/v2\/types\/post"}],"author":[{"embeddable":true,"href":"https:\/\/www.europesays.com\/es\/wp-json\/wp\/v2\/users\/2"}],"replies":[{"embeddable":true,"href":"https:\/\/www.europesays.com\/es\/wp-json\/wp\/v2\/comments?post=371240"}],"version-history":[{"count":0,"href":"https:\/\/www.europesays.com\/es\/wp-json\/wp\/v2\/posts\/371240\/revisions"}],"wp:featuredmedia":[{"embeddable":true,"href":"https:\/\/www.europesays.com\/es\/wp-json\/wp\/v2\/media\/371241"}],"wp:attachment":[{"href":"https:\/\/www.europesays.com\/es\/wp-json\/wp\/v2\/media?parent=371240"}],"wp:term":[{"taxonomy":"category","embeddable":true,"href":"https:\/\/www.europesays.com\/es\/wp-json\/wp\/v2\/categories?post=371240"},{"taxonomy":"post_tag","embeddable":true,"href":"https:\/\/www.europesays.com\/es\/wp-json\/wp\/v2\/tags?post=371240"}],"curies":[{"name":"wp","href":"https:\/\/api.w.org\/{rel}","templated":true}]}}