{"id":371290,"date":"2026-01-31T11:25:16","date_gmt":"2026-01-31T11:25:16","guid":{"rendered":"https:\/\/www.europesays.com\/es\/371290\/"},"modified":"2026-01-31T11:25:16","modified_gmt":"2026-01-31T11:25:16","slug":"asi-suena-streets-of-minneapolis-la-nueva-cancion-de-bruce-springsteen-contra-trump","status":"publish","type":"post","link":"https:\/\/www.europesays.com\/es\/371290\/","title":{"rendered":"As\u00ed suena &#8216;Streets of Minneapolis&#8217;, la nueva canci\u00f3n de Bruce Springsteen contra Trump"},"content":{"rendered":"<p class=\"paragraph-atom &#10;        B-500-300-700-N B-550-300-700-N--md  \">\n                    <a href=\"https:\/\/www.atlantico.net\/temas\/bruce-springsteen\/\" rel=\"nofollow noopener\" target=\"_blank\">Bruce Springsteen<\/a> no ha perdido tiempo y ha estrenado <strong>su nueva canci\u00f3n &#8216;Streets of Minneapolis&#8217;,<\/strong> un tema cargado de denuncia y homenaje a <strong>Renee Good y Alex Pretti<\/strong>, asesinados recientemente por agentes del <strong>ICE<\/strong> en Minneapolis. Seg\u00fan el propio cantante, la canci\u00f3n surge como respuesta a lo que \u00e9l describe como un <strong>\u201cEstado del terror\u201d<\/strong> en la ciudad bajo Trump y su \u201cej\u00e9rcito privado\u201d.\n            <\/p>\n<p class=\"paragraph-atom &#10;        B-500-300-700-N B-550-300-700-N--md  \">\n                    \u201cEscrib\u00ed la canci\u00f3n el s\u00e1bado, la grab\u00e9 ayer y la lanzo hoy. Est\u00e1 dedicada al pueblo de Minneapolis, a nuestros vecinos inmigrantes y en memoria de Alex Pretti y Renee Good. Manteneos libres\u201d, escribi\u00f3 Springsteen el 28 de enero en un comunicado.\n            <\/p>\n<p>        Una canci\u00f3n que mezcla protesta y homenaje<\/p>\n<p class=\"paragraph-atom &#10;        B-500-300-700-N B-550-300-700-N--md  \">\n                    El tema, en parte ac\u00fastico, pinta un panorama duro de la ciudad: \u201cUna ciudad en llamas luch\u00f3 contra el fuego y el hielo bajo las botas de un ocupante\u201d, refiri\u00e9ndose a la actuaci\u00f3n del ICE. Springsteen menciona directamente a las v\u00edctimas: \u201cHab\u00eda huellas de sangre \/ Donde deber\u00eda haber habido misericordia \/ Y dos muertos abandonados en calles cubiertas de nieve \/ Alex Pretti y Renee Good\u201d.\n            <\/p>\n<p class=\"paragraph-atom &#10;        B-500-300-700-N B-550-300-700-N--md  \">\n                    El cierre de la canci\u00f3n es un <strong>mensaje de resistencia y solidaridad<\/strong>, donde el cantante promete defender a los m\u00e1s vulnerables y recordar a quienes perdieron la vida injustamente.\n            <\/p>\n<p class=\"paragraph-atom &#10;        B-500-300-700-N B-550-300-700-N--md  \">\n                    El t\u00edtulo hace un gui\u00f1o a otro de sus grandes cl\u00e1sicos, &#8216;Streets of Philadelphia&#8217;, tema central de la pel\u00edcula Philadelphia (1993) y conocido por visibilizar la lucha contra el SIDA.\n            <\/p>\n<p class=\"paragraph-atom &#10;        B-500-300-700-N B-550-300-700-N--md  \">\n                    Springsteen ya hab\u00eda mostrado su compromiso durante el festival ben\u00e9fico <strong>Light of Day Winterfest<\/strong> en Red Bank, Nueva Jersey, donde adem\u00e1s de tocar sus temas denunci\u00f3 p\u00fablicamente las t\u00e1cticas del ICE, compar\u00e1ndolas con las de la Gestapo, y dedic\u00f3 un tema a Renee Good.\n            <\/p>\n<p class=\"paragraph-atom &#10;        B-500-300-700-N B-550-300-700-N--md  \">\n                    En cuanto a los hechos que inspiraron la canci\u00f3n, <strong>Renee Good<\/strong>, de 37 a\u00f1os, fue asesinada mientras estaba dentro de su todoterreno protestando contra las acciones del ICE, y <strong>Alex Pretti<\/strong>, tambi\u00e9n de 37 a\u00f1os y enfermero, falleci\u00f3 a tiros durante un operativo policial.\n            <\/p>\n<p class=\"paragraph-atom &#10;        B-500-300-700-N B-550-300-700-N--md  \">\n                    Con &#8216;Streets of Minneapolis&#8217;, Springsteen vuelve a demostrar que su m\u00fasica no solo emociona, sino que tambi\u00e9n <strong>tiene mensaje y compromiso social<\/strong>.\n            <\/p>\n","protected":false},"excerpt":{"rendered":"Bruce Springsteen no ha perdido tiempo y ha estrenado su nueva canci\u00f3n &#8216;Streets of Minneapolis&#8217;, un tema cargado&hellip;\n","protected":false},"author":2,"featured_media":371291,"comment_status":"","ping_status":"","sticky":false,"template":"","format":"standard","meta":{"footnotes":""},"categories":[170],"tags":[146,147,25,24,7285,184,185,795,31998,23,41817,5038],"class_list":["post-371290","post","type-post","status-publish","format-standard","has-post-thumbnail","category-musica","tag-entertainment","tag-entretenimiento","tag-es","tag-espana","tag-minneapolis","tag-music","tag-musica","tag-nueva","tag-of","tag-spain","tag-streets","tag-suena"],"share_on_mastodon":{"url":"https:\/\/pubeurope.com\/@es\/115989468114158876","error":""},"_links":{"self":[{"href":"https:\/\/www.europesays.com\/es\/wp-json\/wp\/v2\/posts\/371290","targetHints":{"allow":["GET"]}}],"collection":[{"href":"https:\/\/www.europesays.com\/es\/wp-json\/wp\/v2\/posts"}],"about":[{"href":"https:\/\/www.europesays.com\/es\/wp-json\/wp\/v2\/types\/post"}],"author":[{"embeddable":true,"href":"https:\/\/www.europesays.com\/es\/wp-json\/wp\/v2\/users\/2"}],"replies":[{"embeddable":true,"href":"https:\/\/www.europesays.com\/es\/wp-json\/wp\/v2\/comments?post=371290"}],"version-history":[{"count":0,"href":"https:\/\/www.europesays.com\/es\/wp-json\/wp\/v2\/posts\/371290\/revisions"}],"wp:featuredmedia":[{"embeddable":true,"href":"https:\/\/www.europesays.com\/es\/wp-json\/wp\/v2\/media\/371291"}],"wp:attachment":[{"href":"https:\/\/www.europesays.com\/es\/wp-json\/wp\/v2\/media?parent=371290"}],"wp:term":[{"taxonomy":"category","embeddable":true,"href":"https:\/\/www.europesays.com\/es\/wp-json\/wp\/v2\/categories?post=371290"},{"taxonomy":"post_tag","embeddable":true,"href":"https:\/\/www.europesays.com\/es\/wp-json\/wp\/v2\/tags?post=371290"}],"curies":[{"name":"wp","href":"https:\/\/api.w.org\/{rel}","templated":true}]}}