{"id":371434,"date":"2026-01-31T13:05:13","date_gmt":"2026-01-31T13:05:13","guid":{"rendered":"https:\/\/www.europesays.com\/es\/371434\/"},"modified":"2026-01-31T13:05:13","modified_gmt":"2026-01-31T13:05:13","slug":"reabiertas-la-a-52-y-la-n-525-en-la-entrada-de-galicia-tras-varias-horas-cortadas-por-la-nieve-la-voz-de-galicia","status":"publish","type":"post","link":"https:\/\/www.europesays.com\/es\/371434\/","title":{"rendered":"Reabiertas la A-52 y la N-525 en la entrada de Galicia tras varias horas cortadas por la nieve &#8211; La Voz de Galicia"},"content":{"rendered":"<ol>\n<li><a href=\"https:\/\/news.google.com\/rss\/articles\/CBMiuwFBVV95cUxNZExUN0loNEVHb3luQTRMaVFBWGtlQjVKckpLeEdpd3hrcEt6UWZJa3Rxd1RNZm1iR2l6WGpBVU5qaHBFZVd3TlRJMC1wcFBDX2NCRS1hZVBERDhvQzZrOWV1ZjlwZ3ZTZ2hITDUzTXhTSm0zbFJvNkt4QUg3dW1lUFJKVWkxdEozdS1oenk2SHRuc2dkRzVFQWFSYjZkeU9oNllUc01fRDhxWURpbm8xdDlGSXA3VTNLdHVv0gHXAUFVX3lxTE5TZXo3bnVMWXZ0RTRYd0JJUHdkS0g0RUQzcVJoRExsWjFwd21jdjl3eFBMTWlrbXhWd2M3dzBUaHRUSWpfbklDTVg4WkFIV3dKQjJlWm0zSVQ2RlpJbTR1MWVBRXVYTkl1bGtVZ1hsWmlxUWljWDd4SHMzTDVSSTFhOVRSYnkzbGVvVFU0WWk2QWRJM0FuME9xTzR0UWlwaTJHVmp4QUJzOTRWaE53c3UxbWpfaVJZWmo0VTQyWE55VTYxSXQxYS0yNXVYMWp0cHFCUUdaMUlF?oc=5\" target=\"_blank\" rel=\"nofollow noopener\">Reabiertas la A-52 y la N-525 en la entrada de Galicia tras varias horas cortadas por la nieve<\/a>&nbsp;&nbsp;La Voz de Galicia<\/li>\n<li><a href=\"https:\/\/news.google.com\/rss\/articles\/CBMiyAFBVV95cUxNNVlkTVY3anU0a29fSUlqTmVpd2RuVkJhRllwM0Z1Sm5EOXVtQnR1ZTRhX2J2aTdzTElfcXNSajlqY25pNGhPTWRSM1pka1BkZ19iQng1RkJ6QWlCTUFaRVp6U2lZdERJdnRoQTdJWHExVS05NXl1OGdBbmtvSFJTWmgzejZQZ1RSOXZwUVNBay1sd3lzaVVOQXV4MnVRTVpuVzBrUVFVY09HYTlELV9Ec0NudFhaSWdQMmxMR2Y4WGZzZUUwSmNrONIByAFBVV95cUxQMG9YTHVWSXJXT1M5Y3RmZnlZeDJTRDR4a3V4LTBybDNOU1BzdUJob094a3U5NEJ0Ml9HQkUtUkF5NnI1aWtWcnpnVEhlQW9LdHBpOFZvWHRVU1NHcTY3NGxsaGJ2YnJwdzluV2xXQmpZcURObU8ycHM4OTBNZy00dVZIelE0aVB1U0cwTG1lQld3REdVc2NoSWc5VG5fZDFVSU1mYVJiaHBFQ1FHMW1MaDc1Ym1RZkNkeFVUMk15NVNpVFY3aEtfWA?oc=5\" target=\"_blank\" rel=\"nofollow noopener\">La nieve obliga a cortar al tr\u00e1fico la A-52 y la N-525 en el l\u00edmite de la provincia de Zamora con la de Ourense<\/a>&nbsp;&nbsp;RTVE.es<\/li>\n<li><a href=\"https:\/\/news.google.com\/rss\/articles\/CBMipgFBVV95cUxOMzhiU3VsMms2VVh3NjhVV3FacXhXTnJaN3JpcV8yb1QtVU44V19HWnpkRnRGUG1vay1kSUM0QnV5Yy04clppaTZ0S0t4WUFKZ0FBVTRUby1MazZyM0xiWldFUmFLVzJ4dmpIZUlKekVucGZaaG1wRHZQMVgycmo4Tml0eS02NTJzck9Na1dyOUswS3NEMUtyUkdYbTRHYXRxNGJubU93?oc=5\" target=\"_blank\" rel=\"nofollow noopener\">Reabren al tr\u00e1fico 83 kil\u00f3metros de la A-52 en Sanabria despu\u00e9s de diez horas cortados por la nieve<\/a>&nbsp;&nbsp;El Norte de Castilla<\/li>\n<li><a href=\"https:\/\/news.google.com\/rss\/articles\/CBMiswFBVV95cUxQWEljMmh5WE1LZTNFU1AyclZxOE9VRms1aW1UZ0ZteGFfZDdlM2psSURSQlFzVUVzbTZFOVdfb0lzbC1ZZFFoX2ZyYk9wM3V0dW1RdnQzVFpzWjh0cXg5XzNOb2NlempycTZ4TzJJc0hvMGtGbzZXRUF2TnZVREsyVTJpd2ZCTEFVd1lGT2Z5ZU9TWWhGelFSQUlUQ2RkVjRtMHcybUlLcTZyeVVPeGVGX1dlRQ?oc=5\" target=\"_blank\" rel=\"nofollow noopener\">La DGT restablece el tr\u00e1fico en ambos sentidos de la A-52 desde Camarzana de Tera (Zamora) tras cortar 83 kil\u00f3metros por la nieve<\/a>&nbsp;&nbsp;ABC<\/li>\n<li><a href=\"https:\/\/news.google.com\/rss\/articles\/CBMiowFBVV95cUxNc1JDdkNWTF9KR2FaV1lIMDN4TVFrYkItR0VhaFo4a0plazVVTTJqZmZyd1pMZ0F2bWxiTXlSalZ5clBTMTcwbElwcUFtM0o3blF0bzZBcXpWN1hzM0tmRVlJYzVoZV9CaWRHZEJvQzVtSnVfNERMNkVwRGdGcWVlTWlHV0p2cUExZVBRNkVjbmlncGF1cHctYmQwN0oyTzU5SXV3?oc=5\" target=\"_blank\" rel=\"nofollow noopener\">Tr\u00e1fico interrumpido en la A-52 y veh\u00edculos atrapados a la entrada y la salida de Galicia por una fuerte nevada<\/a>&nbsp;&nbsp;Atl\u00e1ntico<\/li>\n<\/ol>\n","protected":false},"excerpt":{"rendered":"Reabiertas la A-52 y la N-525 en la entrada de Galicia tras varias horas cortadas por la nieve&nbsp;&nbsp;La&hellip;\n","protected":false},"author":2,"featured_media":371435,"comment_status":"","ping_status":"","sticky":false,"template":"","format":"standard","meta":{"footnotes":""},"categories":[8],"tags":[21928,17856,24055,17,18,814,25,24,13,14,11,19,20,28069,9,10,15,16,23,12,589,21,22,29234],"class_list":["post-371434","post","type-post","status-publish","format-standard","has-post-thumbnail","category-espana","tag-a-mezquita","tag-a-52","tag-autovias","tag-breaking-news","tag-breakingnews","tag-dgt","tag-es","tag-espana","tag-featured-news","tag-featurednews","tag-headlines","tag-latest-news","tag-latestnews","tag-mercosur","tag-news","tag-noticias","tag-noticias-destacadas","tag-noticiasdestacadas","tag-spain","tag-titulares","tag-trafico","tag-ultimas-noticias","tag-ultimasnoticias","tag-xinzo-de-limia"],"share_on_mastodon":{"url":"https:\/\/pubeurope.com\/@es\/115989861068290190","error":""},"_links":{"self":[{"href":"https:\/\/www.europesays.com\/es\/wp-json\/wp\/v2\/posts\/371434","targetHints":{"allow":["GET"]}}],"collection":[{"href":"https:\/\/www.europesays.com\/es\/wp-json\/wp\/v2\/posts"}],"about":[{"href":"https:\/\/www.europesays.com\/es\/wp-json\/wp\/v2\/types\/post"}],"author":[{"embeddable":true,"href":"https:\/\/www.europesays.com\/es\/wp-json\/wp\/v2\/users\/2"}],"replies":[{"embeddable":true,"href":"https:\/\/www.europesays.com\/es\/wp-json\/wp\/v2\/comments?post=371434"}],"version-history":[{"count":0,"href":"https:\/\/www.europesays.com\/es\/wp-json\/wp\/v2\/posts\/371434\/revisions"}],"wp:featuredmedia":[{"embeddable":true,"href":"https:\/\/www.europesays.com\/es\/wp-json\/wp\/v2\/media\/371435"}],"wp:attachment":[{"href":"https:\/\/www.europesays.com\/es\/wp-json\/wp\/v2\/media?parent=371434"}],"wp:term":[{"taxonomy":"category","embeddable":true,"href":"https:\/\/www.europesays.com\/es\/wp-json\/wp\/v2\/categories?post=371434"},{"taxonomy":"post_tag","embeddable":true,"href":"https:\/\/www.europesays.com\/es\/wp-json\/wp\/v2\/tags?post=371434"}],"curies":[{"name":"wp","href":"https:\/\/api.w.org\/{rel}","templated":true}]}}