{"id":372238,"date":"2026-01-31T23:27:10","date_gmt":"2026-01-31T23:27:10","guid":{"rendered":"https:\/\/www.europesays.com\/es\/372238\/"},"modified":"2026-01-31T23:27:10","modified_gmt":"2026-01-31T23:27:10","slug":"iu-sumar-trata-de-movilizar-a-su-electorado-para-construir-un-muro-contra-el-fascismo-heraldo-es","status":"publish","type":"post","link":"https:\/\/www.europesays.com\/es\/372238\/","title":{"rendered":"IU-Sumar trata de movilizar a su electorado para &quot;construir un muro contra el fascismo&quot; &#8211; heraldo.es"},"content":{"rendered":"<ol>\n<li><a href=\"https:\/\/news.google.com\/rss\/articles\/CBMi4gFBVV95cUxNOVhLbi1oQU5sYnpDWjY1T25jZ0toTy1ZeHZPd05NazlYci1POEpYNE1aUWdzaGFlWlZzdlNNa3lGYkZVazVMQlBNVWtCT3UzSnJnMl8yYkZ6TUFuSHFySnV3el9MV1hHVllkeUthSERZUlJydEg1WW1PeW5jc2l4amlmZUQ5SHZqZHlUbnFLemVEMTc1WjFWaUFPUXhKcmRLNHpXcHE4RUdHWGRKTWVVR3pBLTg3N2dldFNVU3dzMVhpYTVleUZqMGhNUDdGZXppZVdTNk1TbS1SYUhjUFdPMExn?oc=5\" target=\"_blank\" rel=\"nofollow noopener\">IU-Sumar trata de movilizar a su electorado para \u00abconstruir un muro contra el fascismo\u00bb<\/a>&nbsp;&nbsp;heraldo.es<\/li>\n<li><a href=\"https:\/\/news.google.com\/rss\/articles\/CBMi2wFBVV95cUxQVnl6bTNPbkpLYkRaVTd3bVcxWVA3bHpyb0dUMUpWYm5jbC1YWDZNRU91Sl9hdVFDSnZXSEl1YmFOVXUyUXRSM2tiSHVfbzhUVXBoUGtGMHFkdGV4TFJOVzRqeDRIWmpMVnpCbzNvSzh6X2RCcmJ1NE1kZHVVSzN4Q3RRdmdxbzgyNDNNRE1kX0RGaGxzM1F0SDAybER6NkgwbDR2N0FpOXhCUTBDRzVFWDB1eVBOUmZkNDRyWkJPZWtZTmlrOGZtUjY1MnhkS0RpNE16anNqSF9mWWfSAdsBQVVfeXFMUE1udEw0VHNTWjBPTDJZeGFLbzgzY2NmeExhRFVWbXJjSTQ5MFBleGprV1Z0S2NJTDVjZjRncXpMcVc0UGQwaVJld1FqUVZ3dHBlNUh6clRFQzVEYTZfdkJZYzd0eEo4QUhmVEZHV3o2bVJiamFtV3QxbVhDTEVBZ2V0T3M1U3BaWHRSdnNTNlhSYmMzbUFVVVVHQ0RCVE9rekd6VU9Xd0RIYnlEUmlfNS0yUzJKWWhVY1FGTG5TUk5jLWRUVDRMck4yZlZMSjVXYUVXLXRoczI0VFFJ?oc=5\" target=\"_blank\" rel=\"nofollow noopener\">Ma\u00edllo, Hern\u00e1ndez y Rego arropan a Abengochea e instan a frenar a \u00ablas derechas\u00bb y a defender \u00ablos derechos sociales\u00bb<\/a>&nbsp;&nbsp;RTVE.es<\/li>\n<li><a href=\"https:\/\/news.google.com\/rss\/articles\/CBMiwAFBVV95cUxQdFhBZGdjU2VpcFdqTGN1VU44Qld1X21XbWc0QVpOLWlaVXRkbk1STWI0V0pFNmo1dEZpa0NWd2prdHlFd2Jucl9qejRJTmlKZDNuVm5fRWhzOHRxRXlwNEtJQTg5VnlhbGtRUGEzUDJLUmNvNjc5RF9pSzhpNjZHaXhwTTZnc2ZLb3M3UE9fN0hUNEVmNE1QRzJwZG9aV0tibnhLUF8zWi1fOEdsWnJIRUdkTFhYRVJFeFEzYy1od0bSAcIBQVVfeXFMUDBsYlF0aWE5OGpLLVROWl9ldHNvTUJEdUVnMlFTVTlfM3liR0FEX2liTDlxVWRUTVNnWElicWtROUExczBUV1RHam1ad2dEQ216bGQyRnNNTXhhZzYyWlRLNzJSdUV4NVBZUm9DOE1paVhkOTd1aVZSRzhXeVg3QW9INUFUWG9NWDdvTTJMV2UyWnBmY3JITEt3Wm1GdHlnTVBaYUV6TUlXYi1SX2Fyc0Nob1E3eXlnWlY0OHRyaGFCd2c?oc=5\" target=\"_blank\" rel=\"nofollow noopener\">IU-Sumar apuesta por Primaria y \u00abcorregir\u00e1\u00bb la compatibilidad en Salud<\/a>&nbsp;&nbsp;Redacci\u00f3n M\u00e9dica<\/li>\n<li><a href=\"https:\/\/news.google.com\/rss\/articles\/CBMi1AFBVV95cUxObVV1STBtT0p3SHFGbWFOalh0aG96bVNEMC1wcWZjTFZqb0ZTaVFPcjAzb18zMHFqbDBvQk54aF9GMXFtTFkwYkRNaWNFSjdBSGs1bmtVdmN5QkFfMkR4Q1BJN3BkRG9DbkZVNHpyTWxRU3hpU0pjVDlDT3RVakpvS3JWMUVHVUhVcUM3TTVaWUMyMUNpMmphdWxyN2Q3RzJ2RXdpMmp2UndLM194c1dTeV8tWnRndVE3QXprYU9WOWluWnYwaEl4a192UzB0SmVHcU8tZg?oc=5\" target=\"_blank\" rel=\"nofollow noopener\">IU-Sumar llama a la movilizaci\u00f3n el 8F en Arag\u00f3n y apela a \u201cconvertir el descontento en fuerza colectiva\u00bb<\/a>&nbsp;&nbsp;elDiario.es<\/li>\n<li><a href=\"https:\/\/news.google.com\/rss\/articles\/CBMihwJBVV95cUxNYTJhOThRZy1vMjlNUW1YUHd4c0g1ems4Wm16T3RPUElaWmZNWW1XZjJCN3VZaU41SkhCaW1adTh1M0hka3dlWHRTWWExV0lVZGxMOEM1RE5hWVdETGNkVmh5OGFaTFZhYkIyMWtHbjM2a1BSWGdHYW11TUlwRXdyUlg2dV9nNUFHVXNNLWNFV05BUXkzSm82aWgyWlNqV0JNVEpsSERkTVRucmtlaTk5Qk9BR2hpQVBucUJibTB0anUxTzNOQUg3enNGRjNuYmUxWHpTRzR5c2k2TzRDVlEwMmQyQktPaWdqLXF6TnJ1MlJWRW9fc0dRMVpnRS12M2RzRWZnYWM2SQ?oc=5\" target=\"_blank\" rel=\"nofollow noopener\">Marta Abengochea (IU-Sumar): \u00abNos jugamos mucho en estas elecciones en Arag\u00f3n. Hay un riesgo de involuci\u00f3n democr\u00e1tica\u00bb<\/a>&nbsp;&nbsp;heraldo.es<\/li>\n<\/ol>\n","protected":false},"excerpt":{"rendered":"IU-Sumar trata de movilizar a su electorado para \u00abconstruir un muro contra el fascismo\u00bb&nbsp;&nbsp;heraldo.es Ma\u00edllo, Hern\u00e1ndez y Rego&hellip;\n","protected":false},"author":2,"featured_media":372239,"comment_status":"","ping_status":"","sticky":false,"template":"","format":"standard","meta":{"footnotes":""},"categories":[8],"tags":[17,18,11135,82201,25,24,25698,13,14,11,19,20,64350,9,10,15,16,23,12,9861,21,22],"class_list":["post-372238","post","type-post","status-publish","format-standard","has-post-thumbnail","category-espana","tag-breaking-news","tag-breakingnews","tag-construir","tag-electorado","tag-es","tag-espana","tag-fascismo","tag-featured-news","tag-featurednews","tag-headlines","tag-latest-news","tag-latestnews","tag-movilizar","tag-news","tag-noticias","tag-noticias-destacadas","tag-noticiasdestacadas","tag-spain","tag-titulares","tag-trata","tag-ultimas-noticias","tag-ultimasnoticias"],"share_on_mastodon":{"url":"https:\/\/pubeurope.com\/@es\/115992306815603624","error":""},"_links":{"self":[{"href":"https:\/\/www.europesays.com\/es\/wp-json\/wp\/v2\/posts\/372238","targetHints":{"allow":["GET"]}}],"collection":[{"href":"https:\/\/www.europesays.com\/es\/wp-json\/wp\/v2\/posts"}],"about":[{"href":"https:\/\/www.europesays.com\/es\/wp-json\/wp\/v2\/types\/post"}],"author":[{"embeddable":true,"href":"https:\/\/www.europesays.com\/es\/wp-json\/wp\/v2\/users\/2"}],"replies":[{"embeddable":true,"href":"https:\/\/www.europesays.com\/es\/wp-json\/wp\/v2\/comments?post=372238"}],"version-history":[{"count":0,"href":"https:\/\/www.europesays.com\/es\/wp-json\/wp\/v2\/posts\/372238\/revisions"}],"wp:featuredmedia":[{"embeddable":true,"href":"https:\/\/www.europesays.com\/es\/wp-json\/wp\/v2\/media\/372239"}],"wp:attachment":[{"href":"https:\/\/www.europesays.com\/es\/wp-json\/wp\/v2\/media?parent=372238"}],"wp:term":[{"taxonomy":"category","embeddable":true,"href":"https:\/\/www.europesays.com\/es\/wp-json\/wp\/v2\/categories?post=372238"},{"taxonomy":"post_tag","embeddable":true,"href":"https:\/\/www.europesays.com\/es\/wp-json\/wp\/v2\/tags?post=372238"}],"curies":[{"name":"wp","href":"https:\/\/api.w.org\/{rel}","templated":true}]}}