{"id":372298,"date":"2026-02-01T00:14:20","date_gmt":"2026-02-01T00:14:20","guid":{"rendered":"https:\/\/www.europesays.com\/es\/372298\/"},"modified":"2026-02-01T00:14:20","modified_gmt":"2026-02-01T00:14:20","slug":"el-tremendo-golpe-en-la-cabeza-de-sorloth-que-le-llevo-al-hospital","status":"publish","type":"post","link":"https:\/\/www.europesays.com\/es\/372298\/","title":{"rendered":"El tremendo golpe en la cabeza de Sorloth que le llev\u00f3 al hospital"},"content":{"rendered":"<p>31\/01\/2026<br \/>\n<br \/><strong><br \/>\nActualizado a las 22:33h.<br \/>\n<\/strong><\/p>\n<p class=\"voc-p\" style=\"\">Fue un espeluznante choque de cabezas en el minuto 27 en el transcurso del partido Levante-Atl\u00e9tico, entre el noruego Sorloth (Atl\u00e9tico) y Mat\u00edas Moreno (Levante). Un impacto grave que r\u00e1pidamente oblig\u00f3 al cambio del delantero noruego, pedido por los jugadores rojiblancos a Simeone. Tambi\u00e9n  &#8230; fue sustituido Moreno.<\/p>\n<p class=\"voc-p\" style=\"\">La jugada fue un saque de esquina en la que el bal\u00f3n colgado al \u00e1rea local fue despejado por Sorloth sin \u00e9xito, que choc\u00f3 con Moreno. Ambos cayeron al c\u00e9sped en un momento alarmante, sobre todo por parte del jugador del Atl\u00e9tico. El choque fue de tal violencia que el resto de los jugadores pidieron el cambio inmediato del noruego, sobre todo.<\/p>\n<p class=\"voc-p\" style=\"\">Sorloth fue evacuado del campo en camilla (le colgaban los pies de la camilla, dada su estatura) y sustituido por Juli\u00e1n \u00c1lvarez, quien r\u00e1pidamente entr\u00f3 en el campo. <\/p>\n<p class=\"voc-p\" style=\"\">El noruego fue trasladado al hospital para que ser sometido a las pruebas pertinentes. El parte m\u00e9dico publicado por el club habla de \u00abun traumatismo que le provoc\u00f3 una fuerte herida incisocontusa\u00bb.<\/p>\n<p class=\"voc-p\" style=\"\">Posteriormente tranquiliz\u00f3 el Atl\u00e9tico: \u00abLas pruebas realizadas a Alexander Sorloth descartan fracturas y hematomas craneales. El delantero noruego sufri\u00f3 un traumatismo durante el partido, que le provoc\u00f3 una herida incisocontusa en la regi\u00f3n frontoparietal izquierda\u00bb.<\/p>\n<p>\nArt\u00edculo solo para suscriptores\n<\/p>\n<p>Reportar un error<\/p>\n","protected":false},"excerpt":{"rendered":"31\/01\/2026 Actualizado a las 22:33h. Fue un espeluznante choque de cabezas en el minuto 27 en el transcurso&hellip;\n","protected":false},"author":2,"featured_media":372299,"comment_status":"","ping_status":"","sticky":false,"template":"","format":"standard","meta":{"footnotes":""},"categories":[5],"tags":[17,18,1067,25,24,13,14,13654,11,3345,19,20,1689,9,10,15,16,42461,23,12,18058,21,22],"class_list":["post-372298","post","type-post","status-publish","format-standard","has-post-thumbnail","category-titulares","tag-breaking-news","tag-breakingnews","tag-cabeza","tag-es","tag-espana","tag-featured-news","tag-featurednews","tag-golpe","tag-headlines","tag-hospital","tag-latest-news","tag-latestnews","tag-llevo","tag-news","tag-noticias","tag-noticias-destacadas","tag-noticiasdestacadas","tag-sorloth","tag-spain","tag-titulares","tag-tremendo","tag-ultimas-noticias","tag-ultimasnoticias"],"share_on_mastodon":{"url":"https:\/\/pubeurope.com\/@es\/115992491632820588","error":""},"_links":{"self":[{"href":"https:\/\/www.europesays.com\/es\/wp-json\/wp\/v2\/posts\/372298","targetHints":{"allow":["GET"]}}],"collection":[{"href":"https:\/\/www.europesays.com\/es\/wp-json\/wp\/v2\/posts"}],"about":[{"href":"https:\/\/www.europesays.com\/es\/wp-json\/wp\/v2\/types\/post"}],"author":[{"embeddable":true,"href":"https:\/\/www.europesays.com\/es\/wp-json\/wp\/v2\/users\/2"}],"replies":[{"embeddable":true,"href":"https:\/\/www.europesays.com\/es\/wp-json\/wp\/v2\/comments?post=372298"}],"version-history":[{"count":0,"href":"https:\/\/www.europesays.com\/es\/wp-json\/wp\/v2\/posts\/372298\/revisions"}],"wp:featuredmedia":[{"embeddable":true,"href":"https:\/\/www.europesays.com\/es\/wp-json\/wp\/v2\/media\/372299"}],"wp:attachment":[{"href":"https:\/\/www.europesays.com\/es\/wp-json\/wp\/v2\/media?parent=372298"}],"wp:term":[{"taxonomy":"category","embeddable":true,"href":"https:\/\/www.europesays.com\/es\/wp-json\/wp\/v2\/categories?post=372298"},{"taxonomy":"post_tag","embeddable":true,"href":"https:\/\/www.europesays.com\/es\/wp-json\/wp\/v2\/tags?post=372298"}],"curies":[{"name":"wp","href":"https:\/\/api.w.org\/{rel}","templated":true}]}}