{"id":37242,"date":"2025-08-10T02:17:10","date_gmt":"2025-08-10T02:17:10","guid":{"rendered":"https:\/\/www.europesays.com\/es\/37242\/"},"modified":"2025-08-10T02:17:10","modified_gmt":"2025-08-10T02:17:10","slug":"decidi-competir-en-formula-1-tras-el-peor-ano-de-mi-vida-necesitaba-escapar-del-duelo-a-200-km-h","status":"publish","type":"post","link":"https:\/\/www.europesays.com\/es\/37242\/","title":{"rendered":"Decid\u00ed competir en F\u00f3rmula 1 tras el peor a\u00f1o de mi vida; necesitaba escapar del duelo a 200 km\/h"},"content":{"rendered":"<p id=\"paragraph_1\">Seguir el ritmo a <a href=\"https:\/\/www.elespanol.com\/corazon\/famosos\/20250720\/miguel-angel-munoz-escribe-bonita-carta-tata-aniversario-muerte-anos-ultimo-abrazo\/1003743855540_0.html?utm_cmp_rs=linksinline\" rel=\"nofollow noopener\" target=\"_blank\"><strong>Miguel \u00c1ngel Mu\u00f1oz<\/strong><\/a> (42), a quien popularmente se le conoce como <strong>MAM<\/strong>, puede ser una misi\u00f3n m\u00e1s imposible que las de Tom Cruise. Es un culo inquieto y no se amilana ante ning\u00fan reto. Hace un tiempo se sac\u00f3 la <strong>licencia de patr\u00f3n de embarcaciones de recreo<\/strong> y asegura que igual dentro de diez a\u00f1os <a href=\"https:\/\/www.elespanol.com\/reportajes\/20250706\/nuevo-helicoptero-jesus-calleja-grande-potente-caro-encima-millon-euros\/1003743834833_0.html?utm_cmp_rs=linksinline\" rel=\"nofollow noopener\" target=\"_blank\">obtiene la de avi\u00f3n o de helic\u00f3ptero<\/a>. Quiere exprimir la vida hasta la \u00faltima gota.<\/p>\n<p class=\"paragraph\" id=\"paragraph_2\">El madrile\u00f1o no est\u00e1 casado ni tiene hijos. En el pasado sali\u00f3 con las actrices <a href=\"https:\/\/www.elespanol.com\/corazon\/famosos\/20220329\/discreta-rentable-monica-cruz-rescates-animales-colaboraciones\/660684041_0.html?utm_cmp_rs=linksinline\" rel=\"nofollow noopener\" target=\"_blank\"><strong>M\u00f3nica Cruz<\/strong><\/a>, <a href=\"https:\/\/www.elespanol.com\/mujer\/moda\/20240311\/elsa-pataky-manuela-velles-triunfo-moda-espanola-premios-oscar\/839196074_3.html?utm_cmp_rs=linksinline\" rel=\"nofollow noopener\" target=\"_blank\"><strong>Manuela Vell\u00e9s<\/strong><\/a>, con la cantante <strong>Ana Mena<\/strong>, pero tambi\u00e9n con mujeres desconocidas a las que ha protegido del acoso de los paparazzi. En su vida hay un tema prohibido, hablar de <strong>Cristina Blanco<\/strong>, su madre, quien en los noventa fue <a href=\"https:\/\/www.elespanol.com\/reportajes\/20230407\/psicologos-ana-obregon-nieta-enfrentara-estigma-comprada\/754174709_0.html?utm_cmp_rs=linksinline\" rel=\"nofollow noopener\" target=\"_blank\">la reconocida vidente de los famosos, entre ellos,<strong> Ana Obreg\u00f3n<\/strong><\/a>, <strong>Lara Dibildos<\/strong>, <a href=\"https:\/\/www.elespanol.com\/reportajes\/20230910\/duro-golpe-belen-esteban-empresa-gazpacho-hunde-ciento-ultimo-ano\/791921043_0.html?utm_cmp_rs=linksinline\" rel=\"nofollow noopener\" target=\"_blank\"><strong>Bel\u00e9n Esteban<\/strong><\/a> o el <strong>clan de las Campos<\/strong>. En 2007 se alej\u00f3 del ojo p\u00fablico por problemas mentales.<\/p>\n<p class=\"paragraph\" id=\"paragraph_3\">Miguel \u00c1ngel alcanz\u00f3 la popularidad gracias a la serie Un paso adelante (2002-2005) a la que siguieron Mis adorables vecinos (2005-2006), El s\u00edndrome de Ulises (2007-2008) o Sin identidad (2014-2015). En cine debut\u00f3 junto a<strong> Paco Rabal<\/strong> en El palomo cojo (1995) y en teatro se le recuerda por La cenerentola (1996), El cartero de Neruda (2006) y en \u00f3pera por ser el narrador de Basti\u00e1n y Bastiana en el Teatro Real.<\/p>\n<p><img decoding=\"async\" alt=\"El actor Miguel \u00c1ngel Mu\u00f1oz durante la entrevista con EL ESPA\u00d1OL.\" data-imgm=\"true\" height=\"180\" loading=\"lazy\"  src=\"https:\/\/www.europesays.com\/es\/wp-content\/uploads\/2025\/08\/1003743877658_257828373_1024x576.jpg\"  width=\"320\"\/><\/p>\n<p>                                                            El actor Miguel \u00c1ngel Mu\u00f1oz durante la entrevista con EL ESPA\u00d1OL.<\/p>\n<p>                    Laura Mateo<\/p>\n<p>                    E. E.<\/p>\n<p class=\"paragraph\" id=\"paragraph_4\"><strong>PREGUNTA.\u2013 Como ni\u00f1o prodigio, \u00bfqu\u00e9 grandes diferencias encuentra en cuanto a la protecci\u00f3n de los menores de antes frente a la generaci\u00f3n actual?<\/strong><\/p>\n<p class=\"paragraph\" id=\"paragraph_5\"><strong>RESPUESTA.\u2013<\/strong>\u00a0Trabajaba jornadas de doce horas m\u00e1s una, igual que todos, y entonces no exist\u00eda ninguna ley que protegiera a los menores en un rodaje. Mis padres nunca insistieron en que me dedicara a esto. Con mi primera pel\u00edcula, el rodaje coincidi\u00f3 con casi todo el verano, as\u00ed que no perd\u00ed clases. Despu\u00e9s tuve la fortuna de no perder nunca un a\u00f1o escolar, aunque en los colegios tampoco ayudaban mucho; era un &#8216;o estudias o trabajas&#8217;. Como ten\u00eda buena memoria y normalmente solo hac\u00eda un proyecto al a\u00f1o, pude seguir adelante sin repetir curso, aunque no sacaba matr\u00edcula porque no daba para m\u00e1s. Ahora los ni\u00f1os est\u00e1n mucho m\u00e1s protegidos por normas que cuidan su bienestar, especialmente en cuando a su educaci\u00f3n y a las horas que han de trabajar.<\/p>\n<p class=\"paragraph\" id=\"paragraph_6\"><strong>P.\u2013 \u00bfQu\u00e9 pensaban sus padres de esta situaci\u00f3n?<\/strong><\/p>\n<p class=\"paragraph\" id=\"paragraph_7\"><strong>R.\u2013<\/strong>\u00a0 Lo m\u00e1s importante es que mis padres no ten\u00edan un inter\u00e9s especial en que yo me dedicara a esto; s\u00f3lo ve\u00edan que me divert\u00eda, que no interfer\u00eda en los estudios y que siempre aprobaba. Por eso me dejaban hacer un proyecto al a\u00f1o. Si soy sincero, casi siempre que hac\u00eda una prueba me escog\u00edan.<\/p>\n<p><img loading=\"lazy\" decoding=\"async\" alt=\"Retrato de Jose Mar\u00eda Pou.\" height=\"180\" src=\"https:\/\/www.europesays.com\/es\/wp-content\/uploads\/2025\/08\/1003743862263_257828179_320x180.jpg\" width=\"320\" data-lazy-status=\"processed\" data-lazy-info=\"remove loading item 1\"\/><\/p>\n<p class=\"paragraph\" id=\"paragraph_8\"><strong>P.\u2013 \u00bfQu\u00e9 es lo m\u00e1s importante a tener en cuenta cuando un ni\u00f1o se pone frente a la c\u00e1mara?<\/strong><\/p>\n<p class=\"paragraph\" id=\"paragraph_9\"><strong>R.\u2013<\/strong> La mirada de los padres. Lo complicado es cuando los padres tienen m\u00e1s inter\u00e9s que los propios ni\u00f1os. Muchas veces aparece la frustraci\u00f3n de un padre o una madre que no consigui\u00f3 su objetivo y lo proyecta en el ni\u00f1o. En el caso de Los futbol\u00edsimos 2, los ni\u00f1os han sido buen\u00edsimos, aunque yo no estaba con los padres las veinticuatro horas. Los que conoc\u00ed me cayeron muy bien y dejaban hacer a los ni\u00f1os. Es cierto que cada vez hay m\u00e1s ni\u00f1os y ni\u00f1as que quieren ser actores, pero el tema siempre es delicado.<\/p>\n<p class=\"paragraph\" id=\"paragraph_10\"><strong>P.\u2013 En Los Futbol\u00edsimos 2 son fundamentales los valores positivos, sobre todo, la ausencia de prejuicios, el deseo de libertad.<\/strong><\/p>\n<p class=\"paragraph\" id=\"paragraph_11\"><strong>R.\u2013<\/strong> Te invita a dejar los miedos atr\u00e1s. Es fundamental transmitir esos valores serios de la vida y, adem\u00e1s, hacerlo de forma did\u00e1ctica. La pel\u00edcula es muy familiar, entretiene y, al mismo tiempo, conciencia de manera natural. Que sean ni\u00f1os y ni\u00f1as jugando al f\u00fatbol ya env\u00eda un mensaje muy claro: el deporte no entiende de g\u00e9nero. Ahora, con las jugadoras de la selecci\u00f3n espa\u00f1ola como campeonas del mundo, cada vez m\u00e1s ni\u00f1as quieren jugar al f\u00fatbol. La pel\u00edcula es de aventuras, pero tambi\u00e9n habla de esfuerzo, sacrificio, los valores del deporte y muestra que es mejor estar en grupo que en solitario.<\/p>\n<p><img decoding=\"async\" alt=\"Miguel \u00c1ngel Mu\u00f1oz durante la entrevista con EL ESPA\u00d1OL.\" data-imgm=\"true\" height=\"180\" loading=\"lazy\"  src=\"https:\/\/www.europesays.com\/es\/wp-content\/uploads\/2025\/08\/1003743877661_257828439_1024x576.jpg\"  width=\"320\"\/><\/p>\n<p>                                                            Miguel \u00c1ngel Mu\u00f1oz durante la entrevista con EL ESPA\u00d1OL.<\/p>\n<p>                    Laura Mateo<\/p>\n<p>                    E. E.<\/p>\n<p class=\"paragraph\" id=\"paragraph_12\"><strong>P.\u2013 Como actor, l\u00f3gicamente es usted una persona observadora, anal\u00edtica, absorbente, cualidades que le han ayudado en su labor como director. \u00bfSe plantea en su pr\u00f3ximo proyecto hacer algo relacionado con la infancia y la adolescencia?<\/strong><\/p>\n<p class=\"paragraph\" id=\"paragraph_13\"><strong>R.\u2013<\/strong> Ahora mismo, en los proyectos que tengo con Paciencia Films, no tengo previsto hacer una pel\u00edcula m\u00eda sobre la infancia o trabajar con ni\u00f1os, pero es algo que me interesa mucho. Tambi\u00e9n es cierto que no necesariamente deben aparecer ni\u00f1os para hablar de la infancia. En los proyectos en los que me he implicado como director, tanto en 100 d\u00edas con la Tata como en La vuelta, el documental que acabo de terminar de montar, la terapia est\u00e1 muy presente y el coraz\u00f3n est\u00e1 abierto para el espectador. En 100 d\u00edas con la Tata\u00a0inclu\u00ed sesiones reales con mi terapeuta, y La \u00faltima vuelta\u00a0tambi\u00e9n es algo muy \u00edntimo y personal, aunque esta vez en el entorno de las carreras de coches. Me dio por abordar esto hace un a\u00f1o y medio.<\/p>\n<p class=\"paragraph\" id=\"paragraph_14\"><strong>P.\u2013 \u00bfPor qu\u00e9?<\/strong><\/p>\n<p class=\"paragraph\" id=\"paragraph_15\"><strong>R.\u2013<\/strong> Decid\u00ed competir en circuitos de F\u00f3rmula 1 porque, tras haber sido quiz\u00e1 el a\u00f1o m\u00e1s complicado de mi vida, necesitaba exteriorizar mis sentimientos. Las carreras son una aut\u00e9ntica monta\u00f1a rusa de emociones, y lo aprovech\u00e9 para hacer una especie de met\u00e1fora de c\u00f3mo uno necesita escapar del duelo a 200km\/h. Esta experiencia ha sido una terapia m\u00e1s; por eso, el car\u00e1cter est\u00e1 inevitablemente conectado con la infancia. De alguna manera, hablo de eso: de c\u00f3mo se forma y de c\u00f3mo nos desarrollamos a lo largo de la vida con lo que nos pas\u00f3 de peque\u00f1os.<\/p>\n<p><img decoding=\"async\" alt=\"Emma Su\u00e1rez, durante la entrevista con EL ESPA\u00d1OL.\" height=\"180\" loading=\"lazy\" width=\"320\" data-lazy-status=\"processed\" id=\"f760bd8933\" src=\"https:\/\/www.elespanol.com\/reportajes\/20250810\/miguel-angel-munoz-decidi-competir-formula-peor-ano-vida-necesitaba-escapar-duelo-kmh\/[\" https:=\"\" data-lazy-info=\"changed src\"\/><\/p>\n<p class=\"paragraph\" id=\"paragraph_16\"><strong>P.\u2013 \u00bfEn qu\u00e9 momento uno se da cuenta de que el tiempo que viv\u00eda era eterno y que ahora se da cuenta que iba demasiado r\u00e1pido?<\/strong><\/p>\n<p class=\"paragraph\" id=\"paragraph_17\"><strong>R.\u2013<\/strong>\u00a0Eso de que la vida va r\u00e1pido es real: el tiempo y cumplir a\u00f1os te muestran que esto es un abrir y cerrar de ojos, y cada vez pasa m\u00e1s deprisa. A partir de los treinta y pocos, los a\u00f1os ya no son iguales que en la juventud, cuando pensabas que llegar a los 30 o 40 era otro mundo. Cuando pasas esa barrera, ves que no est\u00e1s tan lejos de la edad de tus padres o abuelos y te esfuerzas m\u00e1s por disfrutar los momentos. Si tienes la oportunidad de tener algo de conciencia, te pones un poco las pilas como para ser consciente y disfrutar de los momentos.\u00a0 De hecho, mi primera pel\u00edcula, 100 d\u00edas con la Tata, habla de eso y de ese miedo a no poder disfrutar de las personas que m\u00e1s quieres mientras est\u00e1n contigo, pasar tiempo de calidad en vida.<\/p>\n<p class=\"paragraph\" id=\"paragraph_18\"><strong>P.\u2013 \u00bfC\u00f3mo se prepara uno para la muerte, para el duelo?<\/strong><\/p>\n<p class=\"paragraph\" id=\"paragraph_19\"><strong>R.\u2013<\/strong> Cada uno lo lleva como puede y con las herramientas que tiene. Yo llevo muchos a\u00f1os en terapia e intentando prepararme lo mejor posible; incluso mi primera pel\u00edcula como director fue parte de esa preparaci\u00f3n, ya que hablaba mucho de ello y de cu\u00e1ndo podr\u00eda llegar ese momento. En definitiva, no hay un denominador com\u00fan para cada persona. La primera p\u00e9rdida realmente importante que viv\u00ed de manera consciente, aparte de mis abuelos que fallecieron cuando yo era muy joven, fue la de mi gran amigo Jos\u00e9 S\u00e1mano, a quien justamente dedico 100 d\u00edas con la Tata. Fue un palo tremendo.<\/p>\n<p><img decoding=\"async\" alt=\"El actor Miguel \u00c1ngel Mu\u00f1oz durante la entrevista con EL ESPA\u00d1OL.\" data-imgm=\"true\" height=\"180\" loading=\"lazy\"  src=\"https:\/\/www.europesays.com\/es\/wp-content\/uploads\/2025\/08\/1003743877663_257828476_1024x576.jpg\"  width=\"320\"\/><\/p>\n<p>                                                            El actor Miguel \u00c1ngel Mu\u00f1oz durante la entrevista con EL ESPA\u00d1OL.<\/p>\n<p>                    Laura Mateo<\/p>\n<p>                    E. E.<\/p>\n<p class=\"paragraph\" id=\"paragraph_20\"><strong>P.\u2013 Tiene af\u00e1n por conocer no s\u00f3lo c\u00f3mo se desarrolla el comportamiento humano o la relaci\u00f3n para con los dem\u00e1s, sino que tambi\u00e9n profundiza en el autoconocimiento. \u00bfQu\u00e9 est\u00e1 aportando en su vida la psicolog\u00eda integrativa?<\/strong><\/p>\n<p class=\"paragraph\" id=\"paragraph_21\"><strong>R.\u2013<\/strong> Bueno, eso lleg\u00f3 a mi vida gracias a mi paso por el estudio de Juan Carlos Coraza. \u00c9l trabaja mucho desde lo emocional y podr\u00eda ser un gran terapeuta; de hecho, en parte creo que lo es. Gracias a \u00e9l me acerqu\u00e9 a ese tipo de trabajo que empez\u00f3 haciendo Claudio Naranjo y tuve la oportunidad de hacer ese protoan\u00e1lisis junto a \u00e9l. Me abri\u00f3 las puertas al autoconocimiento y, desde entonces, nunca se han cerrado. Hago terapia casi todas las semanas, no solo cuando estoy en un baj\u00f3n emocional, y cada cierto tiempo necesito participar en algo de terapia colectiva, como el SAT, con el profesor Hoffman o con otros enfoques que voy probando a lo largo de mi vida.<\/p>\n<p class=\"paragraph\" id=\"paragraph_22\"><strong>P.\u2013 \u00bfCu\u00e1l ha sido la \u00faltima?<\/strong><\/p>\n<p class=\"paragraph\" id=\"paragraph_23\"><strong>R.\u2013<\/strong> Una de ellas ha durado un a\u00f1o y trataba sobre acompa\u00f1amiento al duelo y el final de la vida con Assumpta Mateu. Adem\u00e1s, si buscamos algo positivo a nivel profesional, cuanto m\u00e1s se conoce uno y puede ponerle palabras, es una herramienta \u00fatil para aportar matices a la psicolog\u00eda de los personajes.<\/p>\n<p><img decoding=\"async\" alt=\"Jaime Lorente: Me siento d\u00e9bil, vulnerable, a veces me traiciono 20.000 veces al d\u00eda; me gustar\u00eda no tener siempre una pistola en la frente\" height=\"180\" loading=\"lazy\" width=\"320\" data-lazy-status=\"processed\" id=\"1568cf7a16\" src=\"https:\/\/www.elespanol.com\/reportajes\/20250810\/miguel-angel-munoz-decidi-competir-formula-peor-ano-vida-necesitaba-escapar-duelo-kmh\/[\" https:=\"\" data-lazy-info=\"changed src\"\/><\/p>\n<p class=\"paragraph\" id=\"paragraph_24\"><strong>P.\u2013 Poco a poco va aprendiendo a hablar desde el coraz\u00f3n. Me pregunto hasta qu\u00e9 punto abrir el coraz\u00f3n para explicar historias tan tiernas, tan \u00edntimas, tan personales, presenta un punto de vulnerabilidad. \u00bfC\u00f3mo se protege uno ante esto?<\/strong><\/p>\n<p class=\"paragraph\" id=\"paragraph_25\"><strong>R.\u2013<\/strong> Hablar desde el coraz\u00f3n tiene que ver con mi exposici\u00f3n a los medios desde que tengo 10 a\u00f1os. Muchas veces te enfrentas a que cualquier declaraci\u00f3n pueda tergiversarse. Hace bastante tiempo que tuve la madurez de expresarme tal y como siento, con la coherencia que esa misma madurez me da. A veces da pena que, despu\u00e9s de hablar con una persona de forma totalmente honesta, se intente buscar algo solo para que la gente haga clic, en vez de reflejar realmente lo que he dicho.<\/p>\n<p class=\"paragraph\" id=\"paragraph_26\"><strong>P.\u2013 Uno, al final, se siente enga\u00f1ado.<\/strong><\/p>\n<p class=\"paragraph\" id=\"paragraph_27\"><strong>R.\u2013<\/strong> Efectivamente. Hacer lo que hago implica exponerse, mostrar la vulnerabilidad y aceptar que cada uno la reciba como pueda o quiera. No me asusta; soy honesto con lo que hago e intento dar siempre lo m\u00e1ximo. En mi trabajo, siempre hay cierto pudor al mostrarlo, ya sea en un coloquio, una rueda de prensa o una entrevista. En cuanto a la actuaci\u00f3n, cada vez que me ofrecen un guion, me pongo en la piel del personaje que debo interpretar, pero siempre desde la honestidad con la psicolog\u00eda de ese personaje.<\/p>\n<p><img decoding=\"async\" alt=\"Miguel \u00c1ngel Mu\u00f1oz durante la entrevista con EL ESPA\u00d1OL con motivo de la presentaci\u00f3n de 'Los Futbol\u00edsimos 2'.\" data-imgm=\"true\" height=\"180\" loading=\"lazy\"  src=\"https:\/\/www.europesays.com\/es\/wp-content\/uploads\/2025\/08\/1003743877664_257828513_1024x576.jpg\"  width=\"320\"\/><\/p>\n<p>                                                            Miguel \u00c1ngel Mu\u00f1oz durante la entrevista con EL ESPA\u00d1OL con motivo de la presentaci\u00f3n de &#8216;Los Futbol\u00edsimos 2&#8217;.<\/p>\n<p>                    Laura Mateo<\/p>\n<p>                    E. E.<\/p>\n<p class=\"paragraph\" id=\"paragraph_28\"><strong>P.\u2013 A\u00fan sigue conservando la almohada de su infancia, no s\u00e9 si por protecci\u00f3n, seguridad o porque uno no quiere despegarse de lo que signific\u00f3.<\/strong><\/p>\n<p class=\"paragraph\" id=\"paragraph_29\"><strong>R.\u2013<\/strong> El principal motivo por el que me sigue acompa\u00f1ando es que mi padre, cuando se echaba la siesta, sol\u00eda ponerse un coj\u00edn encima de la cabeza. El coj\u00edn peque\u00f1o que yo ten\u00eda era esa almohada; lo imitaba y me la pon\u00eda en la cara o en la frente. Por eso, siempre he sentido la necesidad de llevarla conmigo. Ahora, por ejemplo, estoy en Santander y tambi\u00e9n la tengo aqu\u00ed. Pero desde hace unos diez a\u00f1os empec\u00e9 a trabajar el poder prescindir de todo lo material, tanto lo importante como lo no importante, para no ser esclavo de ello o sentirme inc\u00f3modo a la hora de tomar decisiones o viajar. Antes, si me iba sin la almohada, pod\u00eda ser un drama. Hoy, si un d\u00eda se pierde, espero que no lo sea, porque al final llegamos a esta vida sin nada y nos vamos sin nada. Hay que disfrutar de las cosas y de las personas que nos acompa\u00f1an en el camino, pero tambi\u00e9n aprender a ser feliz sin ellas.<\/p>\n<p class=\"paragraph\" id=\"paragraph_30\"><strong>P.\u2013 Debut\u00f3 en el cine junto a Paco Rabal en El palomo cojo. \u00bfQu\u00e9 recuerda de aquella primera vez? \u00bfContinu\u00f3 con el contacto?<\/strong><\/p>\n<p class=\"paragraph\" id=\"paragraph_31\"><strong>R.\u2013<\/strong> Tengo un recuerdo maravilloso de Paco. Me acogi\u00f3 como si fuera su nieto desde el primer d\u00eda que recib\u00ed el guion. De hecho, la primera l\u00ednea la subray\u00e9 junto a \u00e9l. Era un tipo excepcional, entra\u00f1able, uno de los m\u00e1s grandes de la historia de nuestro cine y tambi\u00e9n del internacional, porque ha sido de los m\u00e1s premiados. En el rodaje compart\u00ed mucho tiempo con su nieta, que era un par de a\u00f1os mayor que yo. Despu\u00e9s seguimos en contacto; iba a comidas y barbacoas en su casa, con Asunci\u00f3n, y qu\u00e9 te voy a decir, me acuerdo mucho de \u00e9l. La semana pasada, en Sanl\u00facar de Barrameda, pas\u00e9 por delante de la antigua casa de los Mendicutti, donde rodamos juntos, y me vinieron recuerdos maravillosos.<\/p>\n<p><img decoding=\"async\" alt=\"El cantante barcelon\u00e9s posa en su casa para las c\u00e1maras de EL ESPA\u00d1OL.\" height=\"180\" loading=\"lazy\" width=\"320\" data-lazy-status=\"processed\" id=\"9850eaa0a6\" src=\"https:\/\/www.elespanol.com\/reportajes\/20250810\/miguel-angel-munoz-decidi-competir-formula-peor-ano-vida-necesitaba-escapar-duelo-kmh\/[\" https:=\"\" data-lazy-info=\"changed src\"\/><\/p>\n<p class=\"paragraph\" id=\"paragraph_32\"><strong>P.\u2013 \u00bfAlguna an\u00e9cdota que se le venga a la mente?<\/strong><\/p>\n<p class=\"paragraph\" id=\"paragraph_33\"><strong>R.\u2013\u00a0<\/strong>Yo no entend\u00eda c\u00f3mo una persona hab\u00eda podido hacer m\u00e1s de cien pel\u00edculas. Me lo explicaba una y otra vez, yo era muy peque\u00f1o, y nunca perd\u00eda la paciencia conmigo. Sab\u00eda optimizar el tiempo de rodaje como nadie. Siempre ten\u00eda una silla preparada y nunca se saltaba su siesta. En alguna ocasi\u00f3n hubo que cambiar bastante el orden de las secuencias porque la noche anterior se lo hab\u00eda pasado estupendamente con la familia Bigote. Pero era tan encantador, tan profesional y lo hac\u00eda tan bien que nadie le iba a decir nada.<\/p>\n<p class=\"paragraph\" id=\"paragraph_34\"><strong>P.\u2013 \u00bfC\u00f3mo fue la experiencia de rodar What About Love? con Sharon Stone y Andy Garc\u00eda?<\/strong><\/p>\n<p class=\"paragraph\" id=\"paragraph_35\"><strong>R.\u2013<\/strong> Ha sido uno de los picos m\u00e1s importantes de mi carrera profesional y, parad\u00f3jicamente, la pel\u00edcula a\u00fan no se ha estrenado. No s\u00e9 si en alg\u00fan momento la llegaremos a ver en alguna plataforma. A nivel emocional fue muy importante. Imag\u00ednate: estar con uno de los actores de El Padrino III y la protagonista de Casino. Todos mis amigos que vinieron a verme a Ruman\u00eda estaban en el combo llorando de la emoci\u00f3n. Fue una experiencia muy bonita. Lo pasamos muy bien y gan\u00e9 dos amigos. Con Andy tengo m\u00e1s relaci\u00f3n; siempre que voy a Los \u00c1ngeles procuro verle, quedamos para comer y ponernos al d\u00eda. Es un tipo excepcional. Tambi\u00e9n lo es Sharon Stone, pero quiz\u00e1, por el idioma, Andy y yo nos hicimos todav\u00eda m\u00e1s amigos.<\/p>\n<p><img decoding=\"async\" alt=\"Miguel \u00c1ngel Mu\u00f1oz durante la entrevista con EL ESPA\u00d1OL.\" data-imgm=\"true\" height=\"180\" loading=\"lazy\"  src=\"https:\/\/www.europesays.com\/es\/wp-content\/uploads\/2025\/08\/1003743877667_257828608_1024x576.jpg\"  width=\"320\"\/><\/p>\n<p>                                                            Miguel \u00c1ngel Mu\u00f1oz durante la entrevista con EL ESPA\u00d1OL.<\/p>\n<p>                    Laura Mateo<\/p>\n<p>                    E. E.<\/p>\n<p class=\"paragraph\" id=\"paragraph_36\"><strong>P.\u2013 En su etapa como cantante tambi\u00e9n logr\u00f3 un hito al actuar en el mismo escenario con Janet Jackson.<\/strong><\/p>\n<p class=\"paragraph\" id=\"paragraph_37\"><strong>R.\u2013 <\/strong>Ese es otro highlight que le contar\u00eda a mis nietos si alg\u00fan d\u00eda los tengo. La actuaci\u00f3n fue en Lille, Francia, en 2006. Fue un d\u00eda incre\u00edble para m\u00ed, porque he seguido much\u00edsimo la trayectoria de ella y la de Michael. Fui uno de los seis invitados a ese concierto tan importante, y saber que Janet iba detr\u00e1s de m\u00ed en el escenario y me estaba viendo actuar\u2026 imag\u00ednate lo que supuso. Tambi\u00e9n guardo un recuerdo especial de cuando, en 2005 o 2006, cant\u00e9 y compart\u00ed escenario con Julio Iglesias, invitado por la reina do\u00f1a Sof\u00eda para su fundaci\u00f3n contra el Alzh\u00e9imer. A\u00f1os despu\u00e9s interpret\u00e9 el papel de Julio Iglesias en la serie Bos\u00e9\u00a0y, no s\u00e9, fue como si de alguna forma se cerrara el c\u00edrculo.<\/p>\n<p class=\"paragraph\" id=\"paragraph_38\"><strong>P.\u2013 Despu\u00e9s de tant\u00edsimos a\u00f1os trabajando, \u00bfllega a discernir la diferencia entre el \u00e9xito, la fama, la popularidad y el reconocimiento?<\/strong><\/p>\n<p class=\"paragraph\" id=\"paragraph_39\"><strong>R.\u2013\u00a0<\/strong>S\u00ed, pero creo que no hace falta llevar tres d\u00e9cadas como en mi caso, \u00bfno? Desde hace bastante tiempo empec\u00e9 a entenderlo. El \u00e9xito es poder compartir lo bueno que te pasa en la vida con la gente que quieres, vivir las cosas acompa\u00f1ado. A veces puede ser algo extraordinario, dependiendo a qu\u00e9 te dediques. En mi caso han ocurrido cosas muy excepcionales, como subirme a un escenario delante de 20.000 personas a cantar o trabajar con dos estrellas de Hollywood. El reconocimiento es maravilloso cuando la gente te lo hace saber y tienes la oportunidad de disfrutarlo.<\/p>\n<p><img decoding=\"async\" alt=\"Kike Sarasola\" height=\"180\" loading=\"lazy\" width=\"320\" data-lazy-status=\"processed\" id=\"2f201eb5fb\" src=\"https:\/\/www.elespanol.com\/reportajes\/20250810\/miguel-angel-munoz-decidi-competir-formula-peor-ano-vida-necesitaba-escapar-duelo-kmh\/[\" https:=\"\" data-lazy-info=\"changed src\"\/><\/p>\n<p class=\"paragraph\" id=\"paragraph_40\"><strong>P.\u2013 Habla castellano, ingl\u00e9s y franc\u00e9s, por lo que se puede mover por los mercados internacionales sin problema. \u00bfHasta qu\u00e9 punto no tiene ese miedo de trabajar en una industria diferente y pensar que quiz\u00e1s no da la talla?<\/strong><\/p>\n<p class=\"paragraph\" id=\"paragraph_41\"><strong>R.\u2013<\/strong> Eso nunca ha sido un miedo. Soy muy inquieto, me gusta hacer cosas diferentes y nuevas todo el tiempo. Por eso me encanta viajar y hablar idiomas. Tengo mucha suerte porque, cuando algo me parece complicado o puede darme respeto o miedo, voy para adelante a\u00fan con m\u00e1s ganas para superarlo y probarlo. En alg\u00fan momento de mi vida me encantar\u00eda ir a la India y hacer una pel\u00edcula en Bollywood. Cualquier experiencia nueva, en cualquier nivel, me resulta divertida. El a\u00f1o pasado estaba dirigiendo otro documental mientras hac\u00eda una serie, la pel\u00edcula Futbol\u00edsimos\u00a0y, entre medias, hice una pausa para irme a Asia y ser director\u00a0de carrera de Pek\u00edn Express. Abrazo mi versatilidad para probar cosas nuevas continuamente. La vida est\u00e1 para eso.<\/p>\n","protected":false},"excerpt":{"rendered":"Seguir el ritmo a Miguel \u00c1ngel Mu\u00f1oz (42), a quien popularmente se le conoce como MAM, puede ser&hellip;\n","protected":false},"author":2,"featured_media":37243,"comment_status":"","ping_status":"","sticky":false,"template":"","format":"standard","meta":{"footnotes":""},"categories":[270],"tags":[1014,168,2958,25,24,306,271,272,18535,4286,23,167],"class_list":{"0":"post-37242","1":"post","2":"type-post","3":"status-publish","4":"format-standard","5":"has-post-thumbnail","7":"category-formula-1","8":"tag-actores","9":"tag-deportes","10":"tag-entrevistas","11":"tag-es","12":"tag-espana","13":"tag-f1","14":"tag-formula-1","15":"tag-formula1","16":"tag-miguel-angel-munoz","17":"tag-reportajes","18":"tag-spain","19":"tag-sports"},"share_on_mastodon":{"url":"","error":""},"_links":{"self":[{"href":"https:\/\/www.europesays.com\/es\/wp-json\/wp\/v2\/posts\/37242","targetHints":{"allow":["GET"]}}],"collection":[{"href":"https:\/\/www.europesays.com\/es\/wp-json\/wp\/v2\/posts"}],"about":[{"href":"https:\/\/www.europesays.com\/es\/wp-json\/wp\/v2\/types\/post"}],"author":[{"embeddable":true,"href":"https:\/\/www.europesays.com\/es\/wp-json\/wp\/v2\/users\/2"}],"replies":[{"embeddable":true,"href":"https:\/\/www.europesays.com\/es\/wp-json\/wp\/v2\/comments?post=37242"}],"version-history":[{"count":0,"href":"https:\/\/www.europesays.com\/es\/wp-json\/wp\/v2\/posts\/37242\/revisions"}],"wp:featuredmedia":[{"embeddable":true,"href":"https:\/\/www.europesays.com\/es\/wp-json\/wp\/v2\/media\/37243"}],"wp:attachment":[{"href":"https:\/\/www.europesays.com\/es\/wp-json\/wp\/v2\/media?parent=37242"}],"wp:term":[{"taxonomy":"category","embeddable":true,"href":"https:\/\/www.europesays.com\/es\/wp-json\/wp\/v2\/categories?post=37242"},{"taxonomy":"post_tag","embeddable":true,"href":"https:\/\/www.europesays.com\/es\/wp-json\/wp\/v2\/tags?post=37242"}],"curies":[{"name":"wp","href":"https:\/\/api.w.org\/{rel}","templated":true}]}}