{"id":372455,"date":"2026-02-01T02:42:09","date_gmt":"2026-02-01T02:42:09","guid":{"rendered":"https:\/\/www.europesays.com\/es\/372455\/"},"modified":"2026-02-01T02:42:09","modified_gmt":"2026-02-01T02:42:09","slug":"enamorados-de-granada-en-la-alfombra-roja-de-los-carmen","status":"publish","type":"post","link":"https:\/\/www.europesays.com\/es\/372455\/","title":{"rendered":"Enamorados de Granada en la alfombra roja de los Carmen"},"content":{"rendered":"<p><a class=\"v-mdl-ath__fig-a\" href=\"https:\/\/www.ideal.es\/autor\/jose-e-cabrero-372.html\" title=\"Jos\u00e9 E. Cabrero\" rel=\"nofollow noopener\" target=\"_blank\"><br \/>\n<img decoding=\"async\" class=\"v-mdl-ath__img\" src=\"https:\/\/www.europesays.com\/es\/wp-content\/uploads\/2025\/12\/autor-372-foto-2.jpeg\" alt=\"Jos\u00e9 E. Cabrero\"\/><br \/>\n<\/a><\/p>\n<p class=\"v-mdl-ath__p v-mdl-ath__p--6\">\nS\u00e1bado, 31 de enero 2026, 23:35<\/p>\n<p class=\"v-p\">Fue la frase m\u00e1s repetida y escuchada en la alfombra roja de los Premios Carmen: \u00ab\u00bfQu\u00e9 te voy a decir? \u00a1Estoy enamorado de Granada!\u00bb. Las palabras podr\u00edan ser distintas, la sonrisa m\u00e1s o menos grande, pero el significado el mismo. Int\u00e9rpretes, guionistas, directores, cantantes&#8230; Bel\u00e9n Cuesta, Mar\u00eda Le\u00f3n, Nuria Ferg\u00f3&#8230; todos coincidieron una y otra vez en ese amor por la ciudad. Una ciudad, la nuestra, que volv\u00eda a ser pulso y coraz\u00f3n del mejor cine. El nuestro. <\/p>\n<p class=\"v-p\">El Hotel Saray se convirti\u00f3 en el primer fort\u00edn de la noche. Aunque, la verdad, hubo curiosos desde primera hora de la ma\u00f1ana apostados en la entrada, para saludar a todas las caras conocidas que se pusieran a tiro. Benito y su familia, por cierto, fueron los primeros en llegar. Y los \u00faltimos en irse. <\/p>\n<p class=\"v-p\">En las tres horas que dur\u00f3 la alfombra roja, hubo tiempo para todo. Vimos a Agust\u00edn Barajas bailar, a Mariola Cantarero alzar la voz por la tierra, a Marina Heredia ponerle duende y Antonio Vel\u00e1zquez contar, emocionado, sus primeros d\u00edas como padre \u00aben la ciudad que es, por derecho, la capital de la cultura\u00bb. Vel\u00e1zquez, que sabe que el primer paso para conseguirlo es so\u00f1arlo \u2013recordemos los Goya\u2013, aprovech\u00f3 para hacer una petici\u00f3n a la Granada de 2031: \u00abNecesitamos un gran espacio cultural\u00bb.<\/p>\n<p class=\"v-p\">Antonio Pagudo no pudo m\u00e1s que celebrar la suerte de \u00abvolver a casa\u00bb y record\u00f3, como Vel\u00e1zquez, que \u00abGranada es la ciudad donde nacen los sue\u00f1os\u00bb. Sue\u00f1os como los de la actriz Teresa Garz\u00f3n, el golpe revelaci\u00f3n de &#8216;Golpes&#8217;, que adem\u00e1s de disfrutar de un futuro prometedor en el cine, luci\u00f3 unos pendientes con granadas, dise\u00f1ados por Art by Noelia, y un vestido de Beatriz Pe\u00f1alver. <\/p>\n<p class=\"v-p\">Manu S\u00e1nchez, el presentador, dijo que eso de la malafoll\u00e1 \u00abson insidias\u00bb y Mariano Pe\u00f1a, el de &#8216;A\u00edda&#8217;, se luci\u00f3 entonando el \u00abGranada, tierra so\u00f1ada por m\u00ed\u00bb. Aunque el momento m\u00e1s extra\u00f1o y divertido de la alfombra lo protagoniz\u00f3 la cantaora Carmela de Jerez, que lanz\u00f3 un chorro de voz tan potente que se col\u00f3 en todas las c\u00e1maras al mismo tiempo. <\/p>\n<p class=\"v-p\">Muchos volvieron a Granada as\u00ed, como Miguel R\u00edos, aunque no nacieran aqu\u00ed. Como Edu Rej\u00f3n, uno de los actores de &#8216;Segundo Premio&#8217;, \u00abtan feliz siempre de venir\u00bb. O \u00c1lex O&#8217;Dogherty, que record\u00f3 los a\u00f1os en que su hermano estudiaba en la UGR y aprovechaba para venir a visitarle d\u00eda s\u00ed, d\u00eda tambi\u00e9n. O V\u00edctor Clavijo, uno de los grandes int\u00e9rpretes del cine, el teatro y la televisi\u00f3n espa\u00f1ola que pas\u00f3 dos a\u00f1os en nuestra Facultad de Derecho. <\/p>\n<p>\u00abEsto qu\u00e9 pollas es\u00bb<\/p>\n<p class=\"v-p\">Salva Reina no dud\u00f3 en revivir su ya m\u00edtico \u00abesto qu\u00e9 pollas es\u00bb con el que recogi\u00f3 el Goya el a\u00f1o pasado. Y Rosa L\u00f3pez, \u00abfelic\u00edsima\u00bb, se convirti\u00f3 en anfitriona inesperada, saludando y acogiendo con cari\u00f1o a todos los invitados. \u00abY qu\u00e9 bonito cantar \u2013dijo\u2013 en el mismo sitio donde por un golpe de suerte, hace ya muchos a\u00f1os, entr\u00e9 en &#8216;Operaci\u00f3n Triunfo&#8217;\u00bb. <\/p>\n<p class=\"v-p\">Cristalino y Dani Ib\u00e1\u00f1ez, que el a\u00f1o pasado fueron los otros Floren y Jota, se reencontraron en la Granada que tanta suerte les dio y les impuls\u00f3. Como Tusti de las Heras, que tras la serie &#8216;Ena&#8217; y la nueva de Almod\u00f3var \u2013que estrena en unas semanas\u2013, disfrut\u00f3 la noche como la que m\u00e1s. \u00abEs que Granada tiene mucho cine, mucho talento\u00bb. <\/p>\n<p class=\"v-p\">Por la alfombra roja tambi\u00e9n desfil\u00f3 la consejera de Cultura, Patricia del Pozo, \u00abtremendamente orgullosa de ser siempre tierra de cine\u00bb. Y tambi\u00e9n la alcaldesa de Granada, Marifr\u00e1n Carazo, y el concejal de Cultura, Jorge Saavedra. Ambos tomaron aire y aplaudieron ese horizonte que se dibuja con fuerza, el de 2031. Y, adem\u00e1s, recordaron que, entre tanta estrella hubo una que fue la primera que crey\u00f3 en los Carmen: \u00abTenemos a Juan Ram\u00f3n Ferreira en la memoria. Lo tenemos aqu\u00ed, en la alfombra, con nosotros\u00bb, dijeron. <\/p>\n<p>Reporta un error<\/p>\n<p class=\"v-crt__t\"> L\u00edmite de sesiones alcanzadas<\/p>\n<p class=\"v-crt__p\">El acceso al contenido Premium est\u00e1 abierto por cortes\u00eda del establecimiento donde te encuentras, pero ahora mismo hay demasiados usuarios conectados a las vez.<\/p>\n<p class=\"v-crt__p\">Por favor, int\u00e9ntalo pasados unos minutos.<\/p>\n<p>\nVolver a intentar\n<\/p>\n<p class=\"v-crt__t\">Sesi\u00f3n cerrada<\/p>\n<p class=\"v-crt__p\">Al iniciar sesi\u00f3n desde un dispositivo distinto, por seguridad, se cerr\u00f3 la \u00faltima sesi\u00f3n en este.<\/p>\n<p class=\"v-crt__p\">Para continuar disfrutando de su suscripci\u00f3n digital, inicie sesi\u00f3n en este dispositivo.<\/p>\n<p>\nEste contenido es exclusivo para suscriptores\n<\/p>\n<p class=\"text\">\u00bfTienes una suscripci\u00f3n? <a href=\"https:\/\/secure.ideal.es\/identidad\/inicio#vca=suscribete&amp;vso=ideal&amp;vmc=on&amp;vli=cdn-ce-link-login\" class=\"login\" data-voc-vtm-id=\"comienzoSuscripcionON\" data-voc-vtm-info=\"cdn-ce-link-login\" rel=\"nofollow noopener\" target=\"_blank\">Inicia sesi\u00f3n<\/a><\/p>\n","protected":false},"excerpt":{"rendered":"S\u00e1bado, 31 de enero 2026, 23:35 Fue la frase m\u00e1s repetida y escuchada en la alfombra roja de&hellip;\n","protected":false},"author":2,"featured_media":372456,"comment_status":"","ping_status":"","sticky":false,"template":"","format":"standard","meta":{"footnotes":""},"categories":[174],"tags":[19340,14750,255,49443,146,147,25,24,256,494,13644,23],"class_list":["post-372455","post","type-post","status-publish","format-standard","has-post-thumbnail","category-famosos","tag-alfombra","tag-carmen","tag-celebrities","tag-enamorados","tag-entertainment","tag-entretenimiento","tag-es","tag-espana","tag-famosos","tag-granada","tag-roja","tag-spain"],"share_on_mastodon":{"url":"https:\/\/pubeurope.com\/@es\/115993073645891076","error":""},"_links":{"self":[{"href":"https:\/\/www.europesays.com\/es\/wp-json\/wp\/v2\/posts\/372455","targetHints":{"allow":["GET"]}}],"collection":[{"href":"https:\/\/www.europesays.com\/es\/wp-json\/wp\/v2\/posts"}],"about":[{"href":"https:\/\/www.europesays.com\/es\/wp-json\/wp\/v2\/types\/post"}],"author":[{"embeddable":true,"href":"https:\/\/www.europesays.com\/es\/wp-json\/wp\/v2\/users\/2"}],"replies":[{"embeddable":true,"href":"https:\/\/www.europesays.com\/es\/wp-json\/wp\/v2\/comments?post=372455"}],"version-history":[{"count":0,"href":"https:\/\/www.europesays.com\/es\/wp-json\/wp\/v2\/posts\/372455\/revisions"}],"wp:featuredmedia":[{"embeddable":true,"href":"https:\/\/www.europesays.com\/es\/wp-json\/wp\/v2\/media\/372456"}],"wp:attachment":[{"href":"https:\/\/www.europesays.com\/es\/wp-json\/wp\/v2\/media?parent=372455"}],"wp:term":[{"taxonomy":"category","embeddable":true,"href":"https:\/\/www.europesays.com\/es\/wp-json\/wp\/v2\/categories?post=372455"},{"taxonomy":"post_tag","embeddable":true,"href":"https:\/\/www.europesays.com\/es\/wp-json\/wp\/v2\/tags?post=372455"}],"curies":[{"name":"wp","href":"https:\/\/api.w.org\/{rel}","templated":true}]}}