{"id":3730,"date":"2025-07-26T03:43:10","date_gmt":"2025-07-26T03:43:10","guid":{"rendered":"https:\/\/www.europesays.com\/es\/3730\/"},"modified":"2025-07-26T03:43:10","modified_gmt":"2025-07-26T03:43:10","slug":"espana-encabeza-la-lucha-por-eliminar-la-hepatitis-c-y-se-encuentra-muy-cerca-de-lograrlo","status":"publish","type":"post","link":"https:\/\/www.europesays.com\/es\/3730\/","title":{"rendered":"Espa\u00f1a encabeza la lucha por eliminar la hepatitis\u202fC y se encuentra muy cerca de lograrlo"},"content":{"rendered":"<p class=\"mostrar-fragmento\">La Alianza para la Eliminaci\u00f3n de las Hepatitis V\u00edricas en Espa\u00f1a, AEHVE, ha reivindicado los grandes logros que nuestro pa\u00eds ha alcanzado con el Plan Estrat\u00e9gico para el Abordaje de la Hepatitis C en el SNS (PEAHC), del que se han cumplido diez a\u00f1os en 2025. Gracias a este esfuerzo &#8230;            &#13;\n        <\/p>\n<p> &#13;<\/p>\n<p>La Alianza para la Eliminaci\u00f3n de las Hepatitis V\u00edricas en Espa\u00f1a, AEHVE, ha reivindicado los<strong> grandes logros que nuestro pa\u00eds ha alcanzado con el Plan Estrat\u00e9gico para el Abordaje de la Hepatitis C en el SNS<\/strong> (PEAHC), del que se han cumplido diez a\u00f1os en 2025. Gracias a este esfuerzo com\u00fan de Gobierno Central y comunidades aut\u00f3nomas, nuestro pa\u00eds ha tratado y curado en una d\u00e9cada a m\u00e1s de 172.400 personas, lo que le ha permitido bajar la prevalencia hasta apenas el 0,14% de la poblaci\u00f3n, menos de 55.000 casos.<\/p>\n<p>Estos datos sit\u00faan a Espa\u00f1a a las puertas de ser el primer pa\u00eds del mundo en lograr la <strong>eliminaci\u00f3n de la hepatitis C<\/strong>, lo que representar\u00e1 un gran hito en salud p\u00fablica, pues ser\u00eda la primera vez en la historia de la Medicina que en algo m\u00e1s de tres d\u00e9cadas se asiste al descubrimiento y eliminaci\u00f3n de una infecci\u00f3n viral cr\u00f3nica para la que no existe vacuna. Espa\u00f1a es de hecho ya el pa\u00eds n\u00famero uno del mundo en pacientes tratados por mill\u00f3n de habitantes y tiene al alcance de la mano adelantar el objetivo de eliminar la hepatitis C propuesto por la OMS para 2030.<\/p>\n<p>Para ello, necesita reducir la prevalencia en poblaciones vulnerables, donde a\u00fan est\u00e1 muy por encima de la de la poblaci\u00f3n general. As\u00ed, si en esta, la prevalencia se sit\u00faa en el 0,12%, en los usuarios de drogas se eleva hasta el 12,5%, entre ex usuarios de drogas hasta el 6,7% y entre usuarios de chemsex hasta el 14,4%. Asimismo, otro desaf\u00edo importante es la identificaci\u00f3n y vinculaci\u00f3n al tratamiento en poblaci\u00f3n general de las personas a las que en alg\u00fan momento se les realiz\u00f3 un diagn\u00f3stico de hepatitis C, pues se estima que de los 44.950 pacientes con infecci\u00f3n activa, hay 13.000 a\u00fan sin diagnosticar, pero hay 30.000 restantes que son conocidos, muchos de los cuales no llegaron a iniciar el tratamiento antiviral o lo iniciaron y no lo completaron.<\/p>\n<p>As\u00ed las cosas<strong>, los expertos de la AEHVE ha pedido a las comunidades aut\u00f3nomas que aceleren los \u00faltimos esfuerzos<\/strong> para conseguir el logro hist\u00f3rico de la eliminaci\u00f3n de la hepatitis C en Espa\u00f1a. En esta direcci\u00f3n, han se\u00f1alado que el diagn\u00f3stico oportunista en todos los \u00e1mbitos de atenci\u00f3n sanitaria, las pol\u00edticas activas para el rescate de pacientes perdidos y la descentralizaci\u00f3n del tratamiento en poblaciones vulnerables son claves fundamentales en los que los esfuerzos est\u00e1n siendo desiguales seg\u00fan la CC.AA. Asimismo, han insistido en las oportunidades para mejorar el cribado y el seguimiento que representan la digitalizaci\u00f3n y el uso de la IA, as\u00ed como en la necesidad de mejorar el sistema de vigilancia epidemiol\u00f3gica.<\/p>\n<p> &#13;<\/p>\n<p>&#13;<br \/>\n            SEGUIR LEYENDO&#13;\n        <\/p>\n","protected":false},"excerpt":{"rendered":"La Alianza para la Eliminaci\u00f3n de las Hepatitis V\u00edricas en Espa\u00f1a, AEHVE, ha reivindicado los grandes logros que&hellip;\n","protected":false},"author":2,"featured_media":3731,"comment_status":"","ping_status":"","sticky":false,"template":"","format":"standard","meta":{"footnotes":""},"categories":[92],"tags":[3586,3574,3578,3583,1512,3570,3582,3584,3568,3567,3569,25,3580,24,582,3575,165,1450,3571,3577,591,813,9,3579,661,3572,3585,3573,3576,2868,166,3587,23,3581,2075],"class_list":{"0":"post-3730","1":"post","2":"type-post","3":"status-publish","4":"format-standard","5":"has-post-thumbnail","7":"category-salud","8":"tag-actual","9":"tag-aehve","10":"tag-alcanzados","11":"tag-autonomas","12":"tag-central","13":"tag-cerca","14":"tag-comunidades","15":"tag-destacando","16":"tag-eliminar","17":"tag-encabeza","18":"tag-encuentra","19":"tag-es","20":"tag-esfuerzo","21":"tag-espana","22":"tag-gobierno","23":"tag-han","24":"tag-health","25":"tag-hepatitis-c","26":"tag-lograrlo","27":"tag-logros","28":"tag-lucha","29":"tag-nacional","30":"tag-news","31":"tag-nivel","32":"tag-objetivo","33":"tag-oms","34":"tag-prevalencia","35":"tag-propuso","36":"tag-puesto","37":"tag-reconocido","38":"tag-salud","39":"tag-situa","40":"tag-spain","41":"tag-tanto","42":"tag-valor"},"share_on_mastodon":{"url":"","error":""},"_links":{"self":[{"href":"https:\/\/www.europesays.com\/es\/wp-json\/wp\/v2\/posts\/3730","targetHints":{"allow":["GET"]}}],"collection":[{"href":"https:\/\/www.europesays.com\/es\/wp-json\/wp\/v2\/posts"}],"about":[{"href":"https:\/\/www.europesays.com\/es\/wp-json\/wp\/v2\/types\/post"}],"author":[{"embeddable":true,"href":"https:\/\/www.europesays.com\/es\/wp-json\/wp\/v2\/users\/2"}],"replies":[{"embeddable":true,"href":"https:\/\/www.europesays.com\/es\/wp-json\/wp\/v2\/comments?post=3730"}],"version-history":[{"count":0,"href":"https:\/\/www.europesays.com\/es\/wp-json\/wp\/v2\/posts\/3730\/revisions"}],"wp:featuredmedia":[{"embeddable":true,"href":"https:\/\/www.europesays.com\/es\/wp-json\/wp\/v2\/media\/3731"}],"wp:attachment":[{"href":"https:\/\/www.europesays.com\/es\/wp-json\/wp\/v2\/media?parent=3730"}],"wp:term":[{"taxonomy":"category","embeddable":true,"href":"https:\/\/www.europesays.com\/es\/wp-json\/wp\/v2\/categories?post=3730"},{"taxonomy":"post_tag","embeddable":true,"href":"https:\/\/www.europesays.com\/es\/wp-json\/wp\/v2\/tags?post=3730"}],"curies":[{"name":"wp","href":"https:\/\/api.w.org\/{rel}","templated":true}]}}