{"id":373013,"date":"2026-02-01T10:51:16","date_gmt":"2026-02-01T10:51:16","guid":{"rendered":"https:\/\/www.europesays.com\/es\/373013\/"},"modified":"2026-02-01T10:51:16","modified_gmt":"2026-02-01T10:51:16","slug":"el-1x1-de-osasuna-victor-vuelve-a-comandar","status":"publish","type":"post","link":"https:\/\/www.europesays.com\/es\/373013\/","title":{"rendered":"EL 1&#215;1 de Osasuna: V\u00edctor vuelve a comandar"},"content":{"rendered":"<p class=\"article-body__text \">\n        Doble parada clave del portero, que no pudo hacer nada en los goles.\n<\/p>\n<p>  6 Rosier <\/p>\n<p class=\"article-body__text \">\n        Buen partido del lateral, que va cogiendo tono tras su lesi\u00f3n.\n<\/p>\n<p>  6 Boyomo <\/p>\n<p class=\"article-body__text \">\n        El central estuvo bien, sobrio, y con una pelea constante con los delanteros del Villarreal.\n<\/p>\n<p>  6 Catena <\/p>\n<p class=\"article-body__text \">\n        Estuvo expeditivo, a veces demasiado, y arriesg\u00f3 la tarjeta roja.\n<\/p>\n<p>  6 Gal\u00e1n <\/p>\n<p class=\"article-body__text \">\n        Sigue cumpliendo, aunque el penalti, que no fue, le perjudic\u00f3.\n<\/p>\n<p>  6 Torr\u00f3 <\/p>\n<p class=\"article-body__text \">\n        Mejor que otros partidos. A\u00fan y todo, se perder\u00e1 el siguiente partido.\n<\/p>\n<p>  7 Moncayola <\/p>\n<p class=\"article-body__text \">\n        A su habitual despliegue, se uni\u00f3 una asistencia magistral a Budimir.\u00a0\n<\/p>\n<p>  6 Rub\u00e9n <\/p>\n<p class=\"article-body__text \">\n        Otra asistencia del centrocampista, esta vez a V\u00edctor Mu\u00f1oz.\n<\/p>\n<p>  5 Moro <\/p>\n<p class=\"article-body__text \">\n        Debut\u00f3 en El Sadar y se le not\u00f3 algo perdido y falto de ritmo, pero con detalles.\n<\/p>\n<p>  8 V\u00edctor <\/p>\n<p class=\"article-body__text \">\n        El mejor del partido. Buen despliegue defensivo y otro gol, ahora de cabeza. Da impresi\u00f3n de jugar muy serio.\n<\/p>\n<p>  7 Budimir <\/p>\n<p class=\"article-body__text \">\n        Otro gol m\u00e1s del croata, que ya alcanza la decena. Camino de otra temporada hist\u00f3rica.\n<\/p>\n<p>  6 Herrando <\/p>\n<p class=\"article-body__text \">\n        Tuvo que salir en el descanso y cumpli\u00f3. Ha llegado para quedarse.\n<\/p>\n<p>  5 Aimar <\/p>\n<p class=\"article-body__text \">\n        Entr\u00f3 en banda izquierda y se le vio algo inc\u00f3modo, aunque sigui\u00f3 intent\u00e1ndolo.\n<\/p>\n<p>  5 Bretones <\/p>\n<p class=\"article-body__text \">\n        El lateral volvi\u00f3 a jugar de extremo derecho. Se le ve raro en esa posici\u00f3n.\n<\/p>\n<p>  5 Ra\u00fal <\/p>\n<p class=\"article-body__text \">\n        Tuvo pocas ocasiones para poder hacer algo.<\/p>\n","protected":false},"excerpt":{"rendered":"Doble parada clave del portero, que no pudo hacer nada en los goles. 6 Rosier Buen partido del&hellip;\n","protected":false},"author":2,"featured_media":373014,"comment_status":"","ping_status":"","sticky":false,"template":"","format":"standard","meta":{"footnotes":""},"categories":[93],"tags":[10306,82311,168,25,24,621,23,167,1780,739],"class_list":["post-373013","post","type-post","status-publish","format-standard","has-post-thumbnail","category-deportes","tag-1x1","tag-comandar","tag-deportes","tag-es","tag-espana","tag-osasuna","tag-spain","tag-sports","tag-victor","tag-vuelve"],"share_on_mastodon":{"url":"https:\/\/pubeurope.com\/@es\/115994996505109409","error":""},"_links":{"self":[{"href":"https:\/\/www.europesays.com\/es\/wp-json\/wp\/v2\/posts\/373013","targetHints":{"allow":["GET"]}}],"collection":[{"href":"https:\/\/www.europesays.com\/es\/wp-json\/wp\/v2\/posts"}],"about":[{"href":"https:\/\/www.europesays.com\/es\/wp-json\/wp\/v2\/types\/post"}],"author":[{"embeddable":true,"href":"https:\/\/www.europesays.com\/es\/wp-json\/wp\/v2\/users\/2"}],"replies":[{"embeddable":true,"href":"https:\/\/www.europesays.com\/es\/wp-json\/wp\/v2\/comments?post=373013"}],"version-history":[{"count":0,"href":"https:\/\/www.europesays.com\/es\/wp-json\/wp\/v2\/posts\/373013\/revisions"}],"wp:featuredmedia":[{"embeddable":true,"href":"https:\/\/www.europesays.com\/es\/wp-json\/wp\/v2\/media\/373014"}],"wp:attachment":[{"href":"https:\/\/www.europesays.com\/es\/wp-json\/wp\/v2\/media?parent=373013"}],"wp:term":[{"taxonomy":"category","embeddable":true,"href":"https:\/\/www.europesays.com\/es\/wp-json\/wp\/v2\/categories?post=373013"},{"taxonomy":"post_tag","embeddable":true,"href":"https:\/\/www.europesays.com\/es\/wp-json\/wp\/v2\/tags?post=373013"}],"curies":[{"name":"wp","href":"https:\/\/api.w.org\/{rel}","templated":true}]}}