{"id":37309,"date":"2025-08-10T03:05:17","date_gmt":"2025-08-10T03:05:17","guid":{"rendered":"https:\/\/www.europesays.com\/es\/37309\/"},"modified":"2025-08-10T03:05:17","modified_gmt":"2025-08-10T03:05:17","slug":"las-notas-del-cadiz-cordoba-en-el-trofeo-carranza","status":"publish","type":"post","link":"https:\/\/www.europesays.com\/es\/37309\/","title":{"rendered":"Las notas del C\u00e1diz &#8211; C\u00f3rdoba en el Trofeo Carranza"},"content":{"rendered":"<p class=\"voc-pretitle\">\nC\u00e1diz &#8211; C\u00f3rdoba\n<\/p>\n<p class=\"voc-epigraph\">LXXI TROFEO CARRANZA<\/p>\n<p>V\u00edctor Aznar, que tuvo un error en el gol de Sergi Guardiola, se convierte en el h\u00e9roe al detener dos penaltis y dar el t\u00edtulo a su equipo<br \/>\nGaizka Garitano pone en liza un once titular que se puede parecer al del estreno liguero ante el Mirand\u00e9s<\/p>\n<p><img fetchpriority=\"high\" class=\"voc-img\" src=\"https:\/\/www.europesays.com\/es\/wp-content\/uploads\/2025\/08\/IMG-20250809-WA0040-RVDfEwdbhPSEpSeg4uJIXKP-1200x840@abc.jpg\" loading=\"eager\" decoding=\"async\" alt=\"Once titular del C\u00e1diz CF en el Trofeo Carranza.\" width=\"1200\" height=\"840\"\/><\/p>\n<p>Once titular del C\u00e1diz CF en el Trofeo Carranza.    NACHO FRADE  <\/p>\n<p><img decoding=\"async\" class=\"voc-author__img\" src=\"https:\/\/www.europesays.com\/es\/wp-content\/uploads\/2025\/08\/autor-5194-foto-1.jpeg\" alt=\"Antonio Valima\u00f1a\"\/><\/p>\n<p>10\/08\/2025<br \/>\n<br \/><strong><br \/>\nActualizado a las 00:40h.<br \/>\n<\/strong><\/p>\n<p class=\"voc-p\" style=\"\">A una semana del <a href=\"https:\/\/www.lavozdigital.es\/canal-amarillo\/noticias-cadiz-cf\/estreno-liguero-cadiz-ante-mirandes-fecha-20250705175026-ntv.html\" rel=\"nofollow noopener\" target=\"_self\" data-voc-vtm-id=\"in-text-traffic\" title=\"estreno liguero ante el Mirand\u00e9s\">estreno liguero ante el Mirand\u00e9s<\/a>, el <strong>C\u00e1diz CF<\/strong> ten\u00eda su \u00faltima prueba de fuego de la pretemporada. Era, como siempre es habitual, con la celebraci\u00f3n del <strong>Trofeo Carranza.<\/strong> En esta ocasi\u00f3n era a partido \u00fanico (como en los \u00faltimos a\u00f1os) y con el <strong>C\u00f3rdoba CF<\/strong> como adversario. Un duelo andaluz frente a un contrincante de su competici\u00f3n: LaLiga Hypermotion. Sin lugar a dudas, un aut\u00e9ntico examen.<\/p>\n<p class=\"voc-p\" style=\"\"><a href=\"https:\/\/www.lavozdigital.es\/canal-amarillo\/noticias-cadiz-cf\/gaizka-garitano-objetivo-estar-arriba-20250808135017-ntv.html\" rel=\"nofollow noopener\" target=\"_self\" data-voc-vtm-id=\"in-text-traffic\" title=\"Gaizka Garitano\">Gaizka Garitano<\/a> puso en liza un once titular formado por los siguientes futbolistas: V\u00edctor Aznar; Iza, Kovacevic, Iker Recio, Mario Climent; Moussa Diakit\u00e9, Yussi Diarra; Suso, Ontiveros, De la Rosa; y \u00c1lvaro Garc\u00eda Pascual.<\/p>\n<p class=\"voc-p\" style=\"\">El primer cambio del C\u00e1diz CF fue en el intermedio. <a href=\"https:\/\/www.lavozdigital.es\/canal-amarillo\/noticias-cadiz-cf\/cadiz-cuantos-fichajes-faltan-posiciones-garitano-responde-20250808133636-ntv.html\" rel=\"nofollow noopener\" target=\"_self\" data-voc-vtm-id=\"in-text-traffic\" title=\"Suso jug\u00f3 los 45 minutos\">Suso jug\u00f3 los 45 minutos<\/a> que hab\u00eda avisado el entrenador del C\u00e1diz CF y Brian Ocampo entr\u00f3 por \u00e9l.<\/p>\n<p class=\"voc-p\" style=\"\">Quedando media hora entr\u00f3 Sergio Ortu\u00f1o por Ontiveros, ya con 1-0 en el electr\u00f3nico. Despu\u00e9s se estren\u00f3 <a href=\"https:\/\/www.lavozdigital.es\/canal-amarillo\/fichajes-cadiz-cf\/oficial-jorge-moreno-apuntala-defensa-cadiz-20250807141134-ntv.html\" rel=\"nofollow noopener\" target=\"_self\" data-voc-vtm-id=\"in-text-traffic\" title=\"el reci\u00e9n incorporado Jorge Moreno\">el reci\u00e9n incorporado Jorge Moreno<\/a> y tambi\u00e9n entr\u00f3 Isaac Obeng por Iza y De la Rosa, respectivamente.<\/p>\n<p class=\"voc-p\" style=\"\">Los \u00faltimos en entrar fueron Ra\u00fal Pereira, Roger Mart\u00ed y Marcos Denia por el goleador Mario Climent, Yussi Diarra y \u00c1lvaro Garc\u00eda Pascual.<\/p>\n<p><img decoding=\"async\" loading=\"lazy\" src=\"https:\/\/www.europesays.com\/es\/wp-content\/uploads\/2025\/08\/image00051-U87621831387RYv-198x111@abc.jpeg\" class=\"voc-img\" width=\"198\" height=\"111\" alt=\"Imagen principal - Notable\"\/><\/p>\n<p class=\"voc-pretitle\"><strong>V\u00edctor Aznar<\/strong><\/p>\n<p><strong>Notable<\/strong><\/p>\n<p class=\"voc-p\">Estaba bastante acertado en sus intervenciones hasta que un notorio fallo tras un disparo de Kevin Medina hizo que marcara el excadista Sergi Guardiola, que no desaprovech\u00f3 el rechace. Sin Caro y con David Gil entrando ahora en la din\u00e1mica del equipo despu\u00e9s de su lesi\u00f3n, V\u00edctor Aznar apunta a la titularidad en el primer tramo liguero. Con los guardametas no hay perd\u00f3n en los errores y eso le pas\u00f3 al arquero del C\u00e1diz CF. Luego lo solvent\u00f3 con creces al parar un penalti a Sergi Guardiola y otro a Isma Ruiz, y as\u00ed dar el LXXI Trofeo Carranza a su equipo. Esta vez pudo redimirse.<\/p>\n<p><img decoding=\"async\" loading=\"lazy\" src=\"https:\/\/www.europesays.com\/es\/wp-content\/uploads\/2025\/08\/image00026-U31406632468auu-198x111@abc.jpeg\" class=\"voc-img\" width=\"198\" height=\"111\" alt=\"Imagen principal - Aprobado\"\/><\/p>\n<p class=\"voc-pretitle\"><strong>Iza<\/strong><\/p>\n<p><strong>Aprobado<\/strong><\/p>\n<p class=\"voc-p\">Sufri\u00f3 bastante con Jacobo Gonz\u00e1lez en los primeros minutos, aunque luego se fue recomponiendo. Actuaci\u00f3n discreta. Se march\u00f3 algo tocado a una semana del estreno liguero ante el Mirand\u00e9s.<\/p>\n<p><img decoding=\"async\" loading=\"lazy\" src=\"https:\/\/www.europesays.com\/es\/wp-content\/uploads\/2025\/08\/IMG-20250711-WA0022-U68632662065JLg-198x111@abc.jpg\" class=\"voc-img\" width=\"198\" height=\"111\" alt=\"Imagen principal - Bien\"\/><\/p>\n<p class=\"voc-pretitle\"><strong>Kovacevic<\/strong><\/p>\n<p><strong>Bien<\/strong><\/p>\n<p class=\"voc-p\">Bastante serio, en su l\u00ednea. Sin V\u00edctor Chust, el balc\u00e1nico debe dar un salto y ser ahora el l\u00edder de la defensa. Ya no es un experimento y se le va a exigir m\u00e1s. Le toc\u00f3 formar dupla con Iker Recio. Salv\u00f3 el 1-2 con un despeje en los \u00faltimos minutos.<\/p>\n<p><img decoding=\"async\" loading=\"lazy\" src=\"https:\/\/www.europesays.com\/es\/wp-content\/uploads\/2025\/08\/IMG-20250107-WA0043-U20760716420fTZ-198x111@abc.jpg\" class=\"voc-img\" width=\"198\" height=\"111\" alt=\"Imagen principal - Aprobado\"\/><\/p>\n<p class=\"voc-pretitle\"><strong>Iker Recio<\/strong><\/p>\n<p><strong>Aprobado<\/strong><\/p>\n<p class=\"voc-p\">Ya sin V\u00edctor Chust, Gaizka Garitano coloc\u00f3 a Iker Recio como pareja de Bojan Kovacevic. No transmite demasiada confianza. Se le nota algo nervioso y confundido. Necesita asentarse. Eso s\u00ed, no le tembl\u00f3 el pulso y marc\u00f3 en la tanda de penaltis.<\/p>\n<p><img decoding=\"async\" loading=\"lazy\" src=\"https:\/\/www.europesays.com\/es\/wp-content\/uploads\/2025\/08\/IMG-20250107-WA0041-U36242122574zYu-198x111@abc.jpg\" class=\"voc-img\" width=\"198\" height=\"111\" alt=\"Imagen principal - Notable\"\/><\/p>\n<p class=\"voc-pretitle\"><strong>Mario Climent<\/strong><\/p>\n<p><strong>Notable<\/strong><\/p>\n<p class=\"voc-p\">Sigue subiendo la banda izquierda con alegr\u00eda y desparpajo. Esa frescura la agradece mucho el equipo. Arriba es un arma m\u00e1s. Prueba innegable de ello es que hizo el 1-0 y confirm\u00f3 lo que ya demostr\u00f3 la temporada pasada cuando lleg\u00f3: es un lateral goleador. Fue relevado al final por Ra\u00fal Pereira.<\/p>\n<p><img decoding=\"async\" loading=\"lazy\" src=\"https:\/\/www.europesays.com\/es\/wp-content\/uploads\/2025\/08\/20250118AFR_R7_4794-U75312485415jNB-198x111@abc.jpeg\" class=\"voc-img\" width=\"198\" height=\"111\" alt=\"Imagen principal - Bien\"\/><\/p>\n<p class=\"voc-pretitle\"><strong>Moussa Diakit\u00e9<\/strong><\/p>\n<p><strong>Bien<\/strong><\/p>\n<p class=\"voc-p\">Es una de las noticias positivas. Aporta m\u00fasculo, derroche y criterio en la sala de m\u00e1quinas. Se siente c\u00f3modo con Yussi Diarra.<\/p>\n<p><img decoding=\"async\" loading=\"lazy\" src=\"https:\/\/www.europesays.com\/es\/wp-content\/uploads\/2025\/08\/IMG-20250731-WA0061-U48023372367QpM-198x111@abc.jpg\" class=\"voc-img\" width=\"198\" height=\"111\" alt=\"Imagen principal - Bien\"\/><\/p>\n<p class=\"voc-pretitle\"><strong>Yussi Diarra<\/strong><\/p>\n<p><strong>Bien<\/strong><\/p>\n<p class=\"voc-p\">Acertado en la conducci\u00f3n y con peso en la medular. Como si no hubiese llegado nuevo al C\u00e1diz CF. Tiene buena pinta.<\/p>\n<p><img decoding=\"async\" loading=\"lazy\" src=\"https:\/\/www.europesays.com\/es\/wp-content\/uploads\/2025\/08\/IMG-20250706-WA0040-U16053031065kbi-198x111@abc.jpg\" class=\"voc-img\" width=\"198\" height=\"111\" alt=\"Imagen principal - Bien\"\/><\/p>\n<p class=\"voc-pretitle\"><strong>Suso<\/strong><\/p>\n<p><strong>Bien<\/strong><\/p>\n<p class=\"voc-p\">Hab\u00eda much\u00edsimas ganas de ver a Suso jugando con el C\u00e1diz CF en casa. Tuvo la primera ocasi\u00f3n de su equipo a bal\u00f3n parado, faceta de la que toma el liderazgo. Su talento es indiscutible, aunque estuvo intermitente. Con minutos y respet\u00e1ndole las lesiones, Suso ser\u00e1 el l\u00edder del equipo. Y si encima se compenetra con Ontiveros&#8230; Jug\u00f3 lo que dijo el m\u00edster: 45 minutos. Brian Ocampo entr\u00f3 por \u00e9l.<\/p>\n<p><img decoding=\"async\" loading=\"lazy\" src=\"https:\/\/www.europesays.com\/es\/wp-content\/uploads\/2025\/08\/image00020-U73223314676qTZ-198x111@abc.jpeg\" class=\"voc-img\" width=\"198\" height=\"111\" alt=\"Imagen principal - Notable\"\/><\/p>\n<p class=\"voc-pretitle\"><strong>Ontiveros<\/strong><\/p>\n<p><strong>Notable<\/strong><\/p>\n<p class=\"voc-p\">No est\u00e1 al cien por cien y necesita rodaje, pero su talento est\u00e1 fuera de toda duda. Parti\u00f3 desde la banda izquierda y dej\u00f3 pinceladitas de alto nivel. Si encaja con Suso, como as\u00ed parece, pueden formar una dupla de ensue\u00f1o. Sin el gaditano, el malague\u00f1o pas\u00f3 a la mediapunta y ah\u00ed dio a Mario Climent medio gol en el 1-0. Despu\u00e9s descans\u00f3. Sigue siendo fundamental.<\/p>\n<p><img decoding=\"async\" loading=\"lazy\" src=\"https:\/\/www.europesays.com\/es\/wp-content\/uploads\/2025\/08\/IMG-20250223-WA0031-U05234555141oSl-198x111@abc.jpg\" class=\"voc-img\" width=\"198\" height=\"111\" alt=\"Imagen principal - Bien\"\/><\/p>\n<p class=\"voc-pretitle\"><strong>De la Rosa<\/strong><\/p>\n<p><strong>Bien<\/strong><\/p>\n<p class=\"voc-p\">Pasaba desapercibido cuando se sac\u00f3 un latigazo que a punto estuvo de sorprender a Carlos Mar\u00edn y entrar por la escuadra. A partir de ah\u00ed estuvo m\u00e1s activo y persistente por el extremo derecho. Sali\u00f3 desfondado en la recta final de la cita.<\/p>\n<p><img decoding=\"async\" loading=\"lazy\" src=\"https:\/\/www.europesays.com\/es\/wp-content\/uploads\/2025\/08\/464A1727(1)-U22351510253SHB-198x111@abc.JPG\" class=\"voc-img\" width=\"198\" height=\"111\" alt=\"Imagen principal - Bien\"\/><\/p>\n<p class=\"voc-pretitle\"><strong>\u00c1lvaro Garc\u00eda Pascual<\/strong><\/p>\n<p><strong>Bien<\/strong><\/p>\n<p class=\"voc-p\">Muy batallador. Utiliza bastante bien su corpulencia para bajar balones, sabe proteger el esf\u00e9rico y es un incordio constante para las defensas rivales. Le falt\u00f3 marcar, pero no estuvo fino en la mejor ocasi\u00f3n que tuvo. Acab\u00f3 exhausto y relevado.<\/p>\n<p><img decoding=\"async\" loading=\"lazy\" src=\"https:\/\/www.europesays.com\/es\/wp-content\/uploads\/2025\/08\/brian-ocampo-ccf-U40704131581qZw-198x111@abc.jpg\" class=\"voc-img\" width=\"198\" height=\"111\" alt=\"Imagen principal - Bien\"\/><\/p>\n<p class=\"voc-pretitle\"><strong>Brian Ocampo<\/strong><\/p>\n<p><strong>Bien<\/strong><\/p>\n<p class=\"voc-p\">Jug\u00f3 toda la segunda mitad al entrar por Suso. Estuvo fino e implicado, cosa que agradece el equipo. Con su insistencia pudo originar el 2-0, pero su pase lo toc\u00f3 un zaguero y se march\u00f3 al travesa\u00f1o. As\u00ed se le quiere ver esta temporada. El cadismo espera que no se pierda por el camino y aporte de una vez por todas todo lo que se espera de \u00e9l.<\/p>\n<p><img decoding=\"async\" loading=\"lazy\" src=\"https:\/\/www.europesays.com\/es\/wp-content\/uploads\/2025\/08\/IMG-20250709-WA0057-U38182507586pTg-198x111@abc.jpg\" class=\"voc-img\" width=\"198\" height=\"111\" alt=\"Imagen principal - Aprobado\"\/><\/p>\n<p class=\"voc-pretitle\"><strong>Sergio Ortu\u00f1o<\/strong><\/p>\n<p><strong>Aprobado<\/strong><\/p>\n<p class=\"voc-p\">Dispuso de algo m\u00e1s de media hora tras sustituir a Ontiveros. Labor de trabajo en la medular, teniendo que sufrir cuando el C\u00f3rdoba apret\u00f3 en los \u00faltimos minutos. Marc\u00f3 uno de los penaltis.<\/p>\n<p><img decoding=\"async\" loading=\"lazy\" src=\"https:\/\/www.europesays.com\/es\/wp-content\/uploads\/2025\/08\/Gxz4Aa0XUAATWMR-U56155475457JPm-198x111@abc.jpg\" class=\"voc-img\" width=\"198\" height=\"111\" alt=\"Imagen principal - Aprobado\"\/><\/p>\n<p class=\"voc-pretitle\"><strong>Jorge Moreno<\/strong><\/p>\n<p><strong>Aprobado<\/strong><\/p>\n<p class=\"voc-p\">Fue llegar y estrenarse. Lo hizo como lateral derecho al sustituir a Iza. Habr\u00e1 que ver al madrile\u00f1o con mayor detenimiento y tambi\u00e9n como central.<\/p>\n<p><img decoding=\"async\" loading=\"lazy\" src=\"https:\/\/www.europesays.com\/es\/wp-content\/uploads\/2025\/08\/IMG-20250714-WA0023-U67504250735ymY-198x111@abc.jpg\" class=\"voc-img\" width=\"198\" height=\"111\" alt=\"Imagen principal - Sin calificar\"\/><\/p>\n<p class=\"voc-pretitle\"><strong>Isaac Obeng<\/strong><\/p>\n<p><strong>Sin calificar<\/strong><\/p>\n<p class=\"voc-p\">Dio descanso a De la Rosa. Nada que destacar en el encuentro y con suerte en su penalti porque lo tir\u00f3 regular&#8230; Menos mal que entr\u00f3.<\/p>\n<p><img decoding=\"async\" loading=\"lazy\" src=\"https:\/\/www.europesays.com\/es\/wp-content\/uploads\/2025\/08\/roger-marti-tres-U72854210727qPI-198x111@abc.jpg\" class=\"voc-img\" width=\"198\" height=\"111\" alt=\"Imagen principal - Sin calificar\"\/><\/p>\n<p class=\"voc-pretitle\"><strong>Roger Mart\u00ed<\/strong><\/p>\n<p><strong>Sin calificar<\/strong><\/p>\n<p class=\"voc-p\">Sin tiempo en el encuentro, el delantero valenciano fall\u00f3 su penalti en la tanda. Afortunadamente no pas\u00f3 factura al C\u00e1diz CF.<\/p>\n<p><img decoding=\"async\" loading=\"lazy\" src=\"https:\/\/www.europesays.com\/es\/wp-content\/uploads\/2025\/08\/Gxx6wZeWUAAeYIZ-U11432325030Erk-198x111@abc.jpg\" class=\"voc-img\" width=\"198\" height=\"111\" alt=\"Imagen principal - Sin calificar\"\/><\/p>\n<p class=\"voc-pretitle\"><strong>Marcos Denia<\/strong><\/p>\n<p><strong>Sin calificar<\/strong><\/p>\n<p class=\"voc-p\">El autor del gol en el amistoso de La L\u00ednea volvi\u00f3 a tener minutos. Fueron pocos, pero le sirvieron para tirar uno de los penaltis. Y marc\u00f3.<\/p>\n<p><img decoding=\"async\" loading=\"lazy\" src=\"https:\/\/www.europesays.com\/es\/wp-content\/uploads\/2025\/08\/GxL9VbfXgAAJVEA-U67483538443pmQ-198x111@abc.jpg\" class=\"voc-img\" width=\"198\" height=\"111\" alt=\"Imagen principal - Sin calificar\"\/><\/p>\n<p class=\"voc-pretitle\"><strong>Ra\u00fal Pereira<\/strong><\/p>\n<p><strong>Sin calificar<\/strong><\/p>\n<p class=\"voc-p\">Entr\u00f3 al final por el goleador Mario Climent.<\/p>\n<p>Reportar un error<\/p>\n","protected":false},"excerpt":{"rendered":"C\u00e1diz &#8211; C\u00f3rdoba LXXI TROFEO CARRANZA V\u00edctor Aznar, que tuvo un error en el gol de Sergi Guardiola,&hellip;\n","protected":false},"author":2,"featured_media":37310,"comment_status":"","ping_status":"","sticky":false,"template":"","format":"standard","meta":{"footnotes":""},"categories":[268],"tags":[2193,15382,2760,168,25,24,280,282,17754,281,23,167,7132],"class_list":{"0":"post-37309","1":"post","2":"type-post","3":"status-publish","4":"format-standard","5":"has-post-thumbnail","7":"category-futbol","8":"tag-cadiz","9":"tag-carranza","10":"tag-cordoba","11":"tag-deportes","12":"tag-es","13":"tag-espana","14":"tag-football","15":"tag-futbol","16":"tag-notas","17":"tag-soccer","18":"tag-spain","19":"tag-sports","20":"tag-trofeo"},"share_on_mastodon":{"url":"","error":""},"_links":{"self":[{"href":"https:\/\/www.europesays.com\/es\/wp-json\/wp\/v2\/posts\/37309","targetHints":{"allow":["GET"]}}],"collection":[{"href":"https:\/\/www.europesays.com\/es\/wp-json\/wp\/v2\/posts"}],"about":[{"href":"https:\/\/www.europesays.com\/es\/wp-json\/wp\/v2\/types\/post"}],"author":[{"embeddable":true,"href":"https:\/\/www.europesays.com\/es\/wp-json\/wp\/v2\/users\/2"}],"replies":[{"embeddable":true,"href":"https:\/\/www.europesays.com\/es\/wp-json\/wp\/v2\/comments?post=37309"}],"version-history":[{"count":0,"href":"https:\/\/www.europesays.com\/es\/wp-json\/wp\/v2\/posts\/37309\/revisions"}],"wp:featuredmedia":[{"embeddable":true,"href":"https:\/\/www.europesays.com\/es\/wp-json\/wp\/v2\/media\/37310"}],"wp:attachment":[{"href":"https:\/\/www.europesays.com\/es\/wp-json\/wp\/v2\/media?parent=37309"}],"wp:term":[{"taxonomy":"category","embeddable":true,"href":"https:\/\/www.europesays.com\/es\/wp-json\/wp\/v2\/categories?post=37309"},{"taxonomy":"post_tag","embeddable":true,"href":"https:\/\/www.europesays.com\/es\/wp-json\/wp\/v2\/tags?post=37309"}],"curies":[{"name":"wp","href":"https:\/\/api.w.org\/{rel}","templated":true}]}}