{"id":373200,"date":"2026-02-01T13:03:09","date_gmt":"2026-02-01T13:03:09","guid":{"rendered":"https:\/\/www.europesays.com\/es\/373200\/"},"modified":"2026-02-01T13:03:09","modified_gmt":"2026-02-01T13:03:09","slug":"era-muy-creativo-en-la-cama","status":"publish","type":"post","link":"https:\/\/www.europesays.com\/es\/373200\/","title":{"rendered":"\u00abEra muy creativo en la cama\u00bb"},"content":{"rendered":"<p style=\"\">A mediados del pasado mes de enero,<strong> Juliana Awada<\/strong>, de 51 a\u00f1os, anunci\u00f3 el fin de su matrimonio con <strong>Mauricio Macri<\/strong> (66), que ejerci\u00f3 como presidente de Argentina entre 2015 y 2019. \u00abHay procesos \u00edntimos y personales que necesitan de tiempo, silencio  &#8230; y cuidado, <a href=\"https:\/\/www.abc.es\/gente\/mauricio-macri-juliana-awada-separan-tras-anos-20260112150936-nt.html\" target=\"_self\" data-voc-vtm-id=\"in-text-traffic\" title=\"estamos cerrando una etapa\" data-mrf-link=\"www.abc.es\" rel=\"nofollow noopener\">estamos cerrando una etapa<\/a>\u00bb, escribi\u00f3 a trav\u00e9s de su perfil en redes sociales. <\/p>\n<p class=\"voc-p\" style=\"\">\u00abVamos a tomar una pausa en este espacio para transitarla con respeto y calma. Gracias por acompa\u00f1ar desde el mismo lugar\u00bb, a\u00f1adi\u00f3 tras salir a la luz una serie de informaciones que especulaban sobre una posible crisis en su matrimonio. Un mensaje que escribi\u00f3 sobre un fondo en blanco, acompa\u00f1ado por un coraz\u00f3n y <a href=\"https:\/\/www.abc.es\/gente\/mauricio-macri-juliana-awada-separan-tras-anos-20260112150936-nt.html\" target=\"_self\" data-voc-vtm-id=\"in-text-traffic\" title=\"sin ofrecer detalles sobre lo ocurrido\" data-mrf-link=\"www.abc.es\" rel=\"nofollow noopener\">sin ofrecer detalles sobre lo ocurrido<\/a>.<\/p>\n<p class=\"voc-p\" style=\"\">Seg\u00fan confirm\u00f3 horas m\u00e1s tarde el diario &#8216;Clarin&#8217; desde el entorno del expresidente, la pareja tom\u00f3 la decisi\u00f3n de mutuo acuerdo antes de fin de a\u00f1o, aunque pasaron las fiestas juntos y con su familia.<\/p>\n<p>\nRelaci\u00f3n clandestina\n<\/p>\n<p class=\"voc-p\" style=\"\">Tan solo un d\u00eda m\u00e1s tarde de que trascendiera la noticia, <strong>Graciela Alfano<\/strong>, una reconocida actriz, vedette, modelo y presentadora argentina de 73 a\u00f1os, revel\u00f3 que el expresidente hab\u00eda contactado con ella para proponerle una cita. \u00abHoy a las cuatro de la ma\u00f1ana me escribi\u00f3. Quedamos en ir a comer, as\u00ed que seguramente nos veremos en el transcurso de esta semana\u00bb, dijo el pasado lunes 12 de enero cuando Juliana hab\u00eda escrito el comunicado en redes sociales el domingo anterior. \u00abMe sorprendi\u00f3 porque yo<a href=\"https:\/\/www.abc.es\/gente\/mauricio-macri-juliana-awada-separan-tras-anos-20260112150936-nt.html\" target=\"_self\" data-voc-vtm-id=\"in-text-traffic\" title=\" no estoy al tanto de la vida amorosa de esta pareja\" data-mrf-link=\"www.abc.es\" rel=\"nofollow noopener\"> no estoy al tanto de la vida amorosa de esta pareja<\/a>, que es muy querida, pero a veces las cosas se terminan\u00bb, coment\u00f3.<\/p>\n<p class=\"voc-title\">\u00abTuvimos una relaci\u00f3n de siete a\u00f1os en la que la pasamos bomba. Era clandestina por parte de los dos, pero nos divert\u00edamos mucho\u00bb<\/p>\n<p class=\"voc-p\" style=\"\">Fue durante una entrevista concedida con el programa &#8216;Diario de Mariana&#8217;, en el que, lejos de esquivar el tema, Alfano repas\u00f3 el v\u00ednculo que mantuvo con Macri en el pasado y explic\u00f3 el marco en el que se produc\u00eda este nuevo acercamiento. \u00abQuedamos en ir a comer. Me parece fabuloso, porque yo tuve un romance durante varios a\u00f1os con Mauricio, ya lo he dicho, y es un hombre que me encanta\u00bb, afirm\u00f3, sin rodeos. En ese momento, la presentadora <strong>Marina Calabr\u00f3<\/strong> le pregunt\u00f3 de forma directa si estaba abierta a algo m\u00e1s que una cena. \u00ab\u00bfPor qu\u00e9 no? Somos personas grandes. Hay que esperar que las cosas pasen y ver qu\u00e9 sucede. No puedo decir previamente qu\u00e9 puede pasar\u00bb, respondi\u00f3 ella. <\/p>\n<p><img decoding=\"async\" loading=\"lazy\" src=\"https:\/\/www.europesays.com\/es\/wp-content\/uploads\/2026\/02\/macri-U78746142246PSP-760x600@diario_abc.jpg\" class=\"voc-img\" width=\"760\" height=\"600\" alt=\"Una imagen de Mauricio Macri en 2005\" data-voc-vtm-id=\"in-text-traffic\"\/><\/p>\n<p>Una imagen de Mauricio Macri en 2005<\/p>\n<p>agencias<\/p>\n<p class=\"voc-p\" style=\"\">Esta pasada semana y despu\u00e9s de convertirse en noticia, la televisiva concedi\u00f3 una entrevista con el diario &#8216;El Pa\u00eds Uruguay&#8217; en la que ha contado algunos de los detalles m\u00e1s \u00edntimos de su relaci\u00f3n con Mauricio Macri entre 1992 y 1999. \u00ab<a href=\"https:\/\/www.abc.es\/gente\/mauricio-macri-juliana-awada-separan-tras-anos-20260112150936-nt.html\" target=\"_self\" data-voc-vtm-id=\"in-text-traffic\" title=\"Tuve una relaci\u00f3n de siete a\u00f1os con Mauricio\" data-mrf-link=\"www.abc.es\" rel=\"nofollow noopener\">Tuve una relaci\u00f3n de siete a\u00f1os con Mauricio<\/a> en la que la pasamos bomba. Era clandestina por parte de los dos, pero nos divert\u00edamos mucho\u00bb, comenz\u00f3 diciendo. \u00ab\u00c9l tiene mucho humor y nos re\u00edamos de todo. Es un hombre muy inteligente y comprensivo. Adem\u00e1s en la cama es muy creativo. Capaz que esto le sirve para relanzar su carrera pol\u00edtica\u00bb, a\u00f1adi\u00f3. <\/p>\n","protected":false},"excerpt":{"rendered":"A mediados del pasado mes de enero, Juliana Awada, de 51 a\u00f1os, anunci\u00f3 el fin de su matrimonio&hellip;\n","protected":false},"author":2,"featured_media":373201,"comment_status":"","ping_status":"","sticky":false,"template":"","format":"standard","meta":{"footnotes":""},"categories":[174],"tags":[5109,255,55408,146,147,981,25,24,82345,256,82346,27451,7482,23,82344],"class_list":["post-373200","post","type-post","status-publish","format-standard","has-post-thumbnail","category-famosos","tag-cama","tag-celebrities","tag-creativo","tag-entertainment","tag-entretenimiento","tag-era","tag-es","tag-espana","tag-examante","tag-famosos","tag-macri","tag-mauricio","tag-revelaciones","tag-spain","tag-torridas"],"share_on_mastodon":{"url":"https:\/\/pubeurope.com\/@es\/115995515627479002","error":""},"_links":{"self":[{"href":"https:\/\/www.europesays.com\/es\/wp-json\/wp\/v2\/posts\/373200","targetHints":{"allow":["GET"]}}],"collection":[{"href":"https:\/\/www.europesays.com\/es\/wp-json\/wp\/v2\/posts"}],"about":[{"href":"https:\/\/www.europesays.com\/es\/wp-json\/wp\/v2\/types\/post"}],"author":[{"embeddable":true,"href":"https:\/\/www.europesays.com\/es\/wp-json\/wp\/v2\/users\/2"}],"replies":[{"embeddable":true,"href":"https:\/\/www.europesays.com\/es\/wp-json\/wp\/v2\/comments?post=373200"}],"version-history":[{"count":0,"href":"https:\/\/www.europesays.com\/es\/wp-json\/wp\/v2\/posts\/373200\/revisions"}],"wp:featuredmedia":[{"embeddable":true,"href":"https:\/\/www.europesays.com\/es\/wp-json\/wp\/v2\/media\/373201"}],"wp:attachment":[{"href":"https:\/\/www.europesays.com\/es\/wp-json\/wp\/v2\/media?parent=373200"}],"wp:term":[{"taxonomy":"category","embeddable":true,"href":"https:\/\/www.europesays.com\/es\/wp-json\/wp\/v2\/categories?post=373200"},{"taxonomy":"post_tag","embeddable":true,"href":"https:\/\/www.europesays.com\/es\/wp-json\/wp\/v2\/tags?post=373200"}],"curies":[{"name":"wp","href":"https:\/\/api.w.org\/{rel}","templated":true}]}}