{"id":373280,"date":"2026-02-01T13:59:10","date_gmt":"2026-02-01T13:59:10","guid":{"rendered":"https:\/\/www.europesays.com\/es\/373280\/"},"modified":"2026-02-01T13:59:10","modified_gmt":"2026-02-01T13:59:10","slug":"caceres-business-market-2026-impulsa-el-emprendimiento-y-la-inversion-internacional-desde-extremadura","status":"publish","type":"post","link":"https:\/\/www.europesays.com\/es\/373280\/","title":{"rendered":"C\u00e1ceres Business Market 2026 impulsa el emprendimiento y la inversi\u00f3n internacional desde Extremadura"},"content":{"rendered":"<p class=\"ft-text\">C\u00e1ceres vuelve a situarse en el foco del <a class=\"ft-link ft-link--decoration\" href=\"https:\/\/www.elperiodicoextremadura.com\/caceres-local\/2026\/01\/08\/camara-comercio-formacion-financiacion-pymes-125461915.html\" target=\"_blank\" rel=\"nofollow noopener\">ecosistema<\/a> emprendedor con la celebraci\u00f3n de la segunda edici\u00f3n del <strong>C\u00e1ceres Business Market<\/strong>, un foro empresarial que los d\u00edas 5 y 6 de febrero convierte la sede de la C\u00e1mara de Comercio en un espacio de conexi\u00f3n directa entre talento, inversi\u00f3n y oportunidades de negocio a escala internacional.<\/p>\n<p class=\"ft-text\">Impulsado por el <strong>Centro de Alto Rendimiento para Emprendedores de la C\u00e1mara de Comercio de C\u00e1ceres (C-LAB)<\/strong>, en colaboraci\u00f3n con la <strong>Red Business Market<\/strong>, el encuentro da continuidad a una iniciativa que ya en su primera edici\u00f3n, celebrada en 2024, evidencia la capacidad del territorio para atraer perfiles estrat\u00e9gicos del \u00e1mbito inversor, tecnol\u00f3gico y corporativo.<\/p>\n<p class=\"ft-text\">El C\u00e1ceres Business Market se configura como un punto de encuentro entre startups, fondos de inversi\u00f3n, grandes empresas y responsables institucionales procedentes de Espa\u00f1a, Europa y Am\u00e9rica Latina. La cita refuerza el posicionamiento de la provincia cacere\u00f1a como un entorno competitivo para el desarrollo de proyectos innovadores, especialmente en \u00e1mbitos ligados a la digitalizaci\u00f3n, la tecnolog\u00eda y los nuevos modelos de negocio.<\/p>\n<p class=\"ft-text\">En esta edici\u00f3n participan figuras destacadas del ecosistema emprendedor e inversor, como Ron Oliver, CEO de Parquetec; Ismael Teij\u00f3n, fundador de Cupido Capital y Demiun Startups; Carlos Ruisanchez, responsable de Scouting &amp; Dealflow de Wayra Telef\u00f3nica; Orfeo Balboa, partner de First Drop VC; \u00cd\u00f1igo Pe\u00f1a, CEO de Tetu\u00e1n Valley; Silvia Altieri, CEO de Letsfinance; o Roberto Touza, socio fundador de Startups.st, entre otros perfiles de referencia.<\/p>\n<p class=\"ft-text\">El evento lo presenta <strong>Josu G\u00f3mez Barrutia<\/strong>, presidente de la Asociaci\u00f3n Internacional de Startups y CEO de la Red Business Market.<\/p>\n<p class=\"ft-text\">Uno de los ejes centrales del C\u00e1ceres Business Market es la visibilizaci\u00f3n del talento emprendedor que impulsa C-LAB a trav\u00e9s de sus programas de aceleraci\u00f3n. En este contexto, varias startups que participan durante semanas en el programa <strong>\u2018Growth\u2019<\/strong> presentan sus proyectos ante inversores y corporaciones en un concurso de pitches.<\/p>\n<p class=\"ft-text\">Estas presentaciones permiten mostrar iniciativas con capacidad de crecimiento y escalabilidad, reforzando el papel de C\u00e1ceres como laboratorio real de emprendimiento y validaci\u00f3n de ideas de negocio en fases tempranas y de consolidaci\u00f3n.<\/p>\n<p>Estrategia de largo recorrido<\/p>\n<p class=\"ft-text\">El foro se enmarca en las acciones que desarrolla C-LAB dentro del programa <strong>Impulsa Startups<\/strong>, financiado por el <strong>Fondo Social Europeo Plus (FSE+)<\/strong> y promovido en colaboraci\u00f3n con la C\u00e1mara de Comercio de Espa\u00f1a. A trav\u00e9s de formaci\u00f3n especializada y mentorizaci\u00f3n personalizada, este programa contribuye a acompa\u00f1ar a startups innovadoras en la validaci\u00f3n y crecimiento de sus proyectos empresariales.<\/p>\n<p class=\"ft-text\">Con esta segunda edici\u00f3n, el C\u00e1ceres Business Market refuerza su papel como cita estrat\u00e9gica del calendario emprendedor y consolida a Extremadura como un territorio con capacidad para atraer inversi\u00f3n, generar alianzas empresariales y conectar con los principales hubs de negocio internacionales.<\/p>\n","protected":false},"excerpt":{"rendered":"C\u00e1ceres vuelve a situarse en el foco del ecosistema emprendedor con la celebraci\u00f3n de la segunda edici\u00f3n del&hellip;\n","protected":false},"author":2,"featured_media":373281,"comment_status":"","ping_status":"","sticky":false,"template":"","format":"standard","meta":{"footnotes":""},"categories":[80],"tags":[82,3975,3250,7264,28938,95,94,25,24,61,23,16578,702],"class_list":["post-373280","post","type-post","status-publish","format-standard","has-post-thumbnail","category-economia","tag-business","tag-caceres","tag-camara","tag-capital","tag-conecta","tag-economia","tag-economy","tag-es","tag-espana","tag-internacional","tag-spain","tag-talento","tag-territorio"],"share_on_mastodon":{"url":"https:\/\/pubeurope.com\/@es\/115995735750753882","error":""},"_links":{"self":[{"href":"https:\/\/www.europesays.com\/es\/wp-json\/wp\/v2\/posts\/373280","targetHints":{"allow":["GET"]}}],"collection":[{"href":"https:\/\/www.europesays.com\/es\/wp-json\/wp\/v2\/posts"}],"about":[{"href":"https:\/\/www.europesays.com\/es\/wp-json\/wp\/v2\/types\/post"}],"author":[{"embeddable":true,"href":"https:\/\/www.europesays.com\/es\/wp-json\/wp\/v2\/users\/2"}],"replies":[{"embeddable":true,"href":"https:\/\/www.europesays.com\/es\/wp-json\/wp\/v2\/comments?post=373280"}],"version-history":[{"count":0,"href":"https:\/\/www.europesays.com\/es\/wp-json\/wp\/v2\/posts\/373280\/revisions"}],"wp:featuredmedia":[{"embeddable":true,"href":"https:\/\/www.europesays.com\/es\/wp-json\/wp\/v2\/media\/373281"}],"wp:attachment":[{"href":"https:\/\/www.europesays.com\/es\/wp-json\/wp\/v2\/media?parent=373280"}],"wp:term":[{"taxonomy":"category","embeddable":true,"href":"https:\/\/www.europesays.com\/es\/wp-json\/wp\/v2\/categories?post=373280"},{"taxonomy":"post_tag","embeddable":true,"href":"https:\/\/www.europesays.com\/es\/wp-json\/wp\/v2\/tags?post=373280"}],"curies":[{"name":"wp","href":"https:\/\/api.w.org\/{rel}","templated":true}]}}