{"id":37341,"date":"2025-08-10T03:27:08","date_gmt":"2025-08-10T03:27:08","guid":{"rendered":"https:\/\/www.europesays.com\/es\/37341\/"},"modified":"2025-08-10T03:27:08","modified_gmt":"2025-08-10T03:27:08","slug":"espana-tumba-a-italia-y-jugara-la-final-del-eurobasket-u20","status":"publish","type":"post","link":"https:\/\/www.europesays.com\/es\/37341\/","title":{"rendered":"Espa\u00f1a tumba a Italia y jugar\u00e1 la final del Eurobasket U20"},"content":{"rendered":"<p><strong>Espa\u00f1a\u00a0<\/strong>jugar\u00e1 la final del Eurobasket U20. La selecci\u00f3n dirigida por Isaac Fern\u00e1ndez ha sellado su pase para la gran final del pr\u00f3ximo domingo tras superar a Italia (73 a 67) en un partido que dominaron durante los 40 minutos pero en el que terminaron sufriendo en el \u00faltimo periodo.<\/p>\n<p>Espa\u00f1a arranco el encuentro con una marcha m\u00e1s que las italianas logrando un parcial de 14-3 de salida que consiguieron mantener durante el resto del primer cuarto (25-13). En el segundo cuarto Italia mejor\u00f3 especialmente en ataque y logr\u00f3 reducir algo la diferencia aunque el acierto de Gina Garc\u00eda, Marina Mata y Judit Rodr\u00edguez manten\u00eda a las espa\u00f1olas por delante al descanso (43-33).<\/p>\n<p>La selecci\u00f3n volvi\u00f3 a salir con m\u00e1s ritmo tras el descanso llegando a estirar la diferencia por encima de los 15 con los puntos de Okafor y una In\u00e9s M\u00edguez que rozaba el doble-doble con 10 puntos y 8 rebotes. La diferencia se quedaba en 14 puntos de cara al \u00faltimo periodo (60-46).<\/p>\n<p>Italia no se rindi\u00f3 y sigui\u00f3 peleando durante el \u00faltimo cuarto subiendo l\u00edneas en defensa y aprovechando los fallos de Espa\u00f1a para colocarse por debajo de la decena con menos de 5 minutos por jugarse (64-55). Los errores pasaron factura a Espa\u00f1a hasta el punto de que dos p\u00e9rdidas consecutivos permitieron a Italia colocarse a solo 2 puntos pero una falta antideportiva a favor de la selecci\u00f3n le permiti\u00f3 sellar el billete para la final del Eurobasket U20.<\/p>\n<p><strong>Gina Garc\u00eda<\/strong>, como ya ocurriese en los cuartos de final, fue la jugadora m\u00e1s destacada con 20 puntos y 17 de valoraci\u00f3n. In\u00e9s M\u00edguez alcanz\u00f3 un doble-doble con 11 puntos y 10 rebotes.<\/p>\n<p>Espa\u00f1a vs Italia: Resultado y marcador de la semifinal del Eurobasket U20<\/p>\n<tr>\n<td\/>\n<td data-sheets-value=\"{&quot;1&quot;:2,&quot;2&quot;:&quot;1C&quot;}\"><strong>1C<\/strong><\/td>\n<td data-sheets-value=\"{&quot;1&quot;:2,&quot;2&quot;:&quot;2C&quot;}\"><strong>2C<\/strong><\/td>\n<td data-sheets-value=\"{&quot;1&quot;:2,&quot;2&quot;:&quot;3C&quot;}\"><strong>3C<\/strong><\/td>\n<td data-sheets-value=\"{&quot;1&quot;:2,&quot;2&quot;:&quot;4C&quot;}\"><b>4C<\/b><\/td>\n<td data-sheets-value=\"{&quot;1&quot;:2,&quot;2&quot;:&quot;Total&quot;}\"><strong>Final<\/strong><\/td>\n<\/tr>\n<tr>\n<td data-sheets-value=\"{&quot;1&quot;:2,&quot;2&quot;:&quot;Real Madrid&quot;}\">Espa\u00f1a<\/td>\n<td data-sheets-value=\"{&quot;1&quot;:2,&quot;2&quot;:&quot;-&quot;}\">25<\/td>\n<td data-sheets-value=\"{&quot;1&quot;:2,&quot;2&quot;:&quot;-&quot;}\">18<\/td>\n<td data-sheets-value=\"{&quot;1&quot;:2,&quot;2&quot;:&quot;-&quot;}\">17<\/td>\n<td data-sheets-value=\"{&quot;1&quot;:2,&quot;2&quot;:&quot;-&quot;}\">13<\/td>\n<td data-sheets-value=\"{&quot;1&quot;:2,&quot;2&quot;:&quot;-&quot;}\">73<\/td>\n<\/tr>\n<tr>\n<td data-sheets-value=\"{&quot;1&quot;:2,&quot;2&quot;:&quot;Panathinaikos&quot;}\">Francia<\/td>\n<td data-sheets-value=\"{&quot;1&quot;:2,&quot;2&quot;:&quot;-&quot;}\">13<\/td>\n<td data-sheets-value=\"{&quot;1&quot;:2,&quot;2&quot;:&quot;-&quot;}\">20<\/td>\n<td data-sheets-value=\"{&quot;1&quot;:2,&quot;2&quot;:&quot;-&quot;}\">13<\/td>\n<td data-sheets-value=\"{&quot;1&quot;:2,&quot;2&quot;:&quot;-&quot;}\">21<\/td>\n<td data-sheets-value=\"{&quot;1&quot;:2,&quot;2&quot;:&quot;-&quot;}\">67<\/td>\n<\/tr>\n<p>Espa\u00f1a se enfrentar\u00e1 a Lituania en la gran final el domingo desde las 21:30h. Las lituanas superaron a Suecia en semifinales tras una pr\u00f3rroga. El partido podr\u00e1 seguirse a trav\u00e9s de Teledeporte que emitir\u00e1 la final en directo.<\/p>\n<p style=\"text-align: right;\">Foto: FIBA<\/p>\n<p><a href=\"https:\/\/www.gigantes.com\/tienda\/?srsltid=AfmBOoqlKLoMe2MxAL77XtHDbuXA5XSEJIxYJGLJlcaz0YRCBtT8lx_s\" rel=\"nofollow noopener\" target=\"_blank\"><img loading=\"lazy\" decoding=\"async\" class=\"aligncenter wp-image-749935 size-full\" src=\"https:\/\/cdn.gigantes.com\/wp-content\/uploads\/2025\/07\/INSTAGRAMdoble-1.jpg\" alt=\"\" width=\"1969\" height=\"1969\"  \/><\/a><\/p>\n<p>\t\t\t\t\t<img loading=\"lazy\" decoding=\"async\" src=\"https:\/\/cdn.gigantes.com\/wp-content\/uploads\/2024\/01\/mano.png\" width=\"60\" height=\"60\" alt=\"Deliza hacia abajo\"\/>Sigue deslizando hacia abajo para ver m\u00e1s contenidos<\/p>\n","protected":false},"excerpt":{"rendered":"Espa\u00f1a\u00a0jugar\u00e1 la final del Eurobasket U20. La selecci\u00f3n dirigida por Isaac Fern\u00e1ndez ha sellado su pase para la&hellip;\n","protected":false},"author":2,"featured_media":37342,"comment_status":"","ping_status":"","sticky":false,"template":"","format":"standard","meta":{"footnotes":""},"categories":[269],"tags":[299,298,168,25,24,18565,23,167],"class_list":{"0":"post-37341","1":"post","2":"type-post","3":"status-publish","4":"format-standard","5":"has-post-thumbnail","7":"category-baloncesto","8":"tag-baloncesto","9":"tag-basketball","10":"tag-deportes","11":"tag-es","12":"tag-espana","13":"tag-espana-u20","14":"tag-spain","15":"tag-sports"},"share_on_mastodon":{"url":"","error":""},"_links":{"self":[{"href":"https:\/\/www.europesays.com\/es\/wp-json\/wp\/v2\/posts\/37341","targetHints":{"allow":["GET"]}}],"collection":[{"href":"https:\/\/www.europesays.com\/es\/wp-json\/wp\/v2\/posts"}],"about":[{"href":"https:\/\/www.europesays.com\/es\/wp-json\/wp\/v2\/types\/post"}],"author":[{"embeddable":true,"href":"https:\/\/www.europesays.com\/es\/wp-json\/wp\/v2\/users\/2"}],"replies":[{"embeddable":true,"href":"https:\/\/www.europesays.com\/es\/wp-json\/wp\/v2\/comments?post=37341"}],"version-history":[{"count":0,"href":"https:\/\/www.europesays.com\/es\/wp-json\/wp\/v2\/posts\/37341\/revisions"}],"wp:featuredmedia":[{"embeddable":true,"href":"https:\/\/www.europesays.com\/es\/wp-json\/wp\/v2\/media\/37342"}],"wp:attachment":[{"href":"https:\/\/www.europesays.com\/es\/wp-json\/wp\/v2\/media?parent=37341"}],"wp:term":[{"taxonomy":"category","embeddable":true,"href":"https:\/\/www.europesays.com\/es\/wp-json\/wp\/v2\/categories?post=37341"},{"taxonomy":"post_tag","embeddable":true,"href":"https:\/\/www.europesays.com\/es\/wp-json\/wp\/v2\/tags?post=37341"}],"curies":[{"name":"wp","href":"https:\/\/api.w.org\/{rel}","templated":true}]}}