{"id":373604,"date":"2026-02-01T17:47:10","date_gmt":"2026-02-01T17:47:10","guid":{"rendered":"https:\/\/www.europesays.com\/es\/373604\/"},"modified":"2026-02-01T17:47:10","modified_gmt":"2026-02-01T17:47:10","slug":"una-caida-desde-varios-metros-que-le-ha-dislocado-el-hombro","status":"publish","type":"post","link":"https:\/\/www.europesays.com\/es\/373604\/","title":{"rendered":"una ca\u00edda desde varios metros que le ha dislocado el hombro"},"content":{"rendered":"<p class=\"c-paragraph\">El concierto de Delaossa este s\u00e1bado en el Movistar Arena de Madrid ha estado marcado desde pr\u00e1cticamente el inicio por una <b>aparatosa ca\u00edda<\/b> del rapero malague\u00f1o que <b>le disloc\u00f3 el hombro<\/b>. A pesar del accidente, ello no fue impedimento para continuar con el espect\u00e1culo, y despu\u00e9s de unos minutos de pausa, reapareci\u00f3 sobre el escenario para seguir deleitando a sus fans.<\/p>\n<p class=\"c-paragraph\">En redes sociales han sido varios <b>los v\u00eddeos<\/b> que sus seguidores han publicado sobre el accidente, cuyo origen parece estar en un fallo del sistema de arn\u00e9s que le sujetaba mientras se lanzaba al vac\u00edo desde lo m\u00e1s alto del escenario.\u00a0<\/p>\n<p class=\"c-paragraph\">Tal y como se puede ver en las im\u00e1genes, la ca\u00edda fue <b>desde varios metros de altura<\/b>, y el artista se precipit\u00f3 contra el suelo del propio escenario, que <b>no contaba con amortiguaci\u00f3n<\/b> de ning\u00fan tipo, mientras cantaba el tema 2 the Sky.<\/p>\n<p class=\"c-paragraph\">El momento de lanzarse desde las alturas coincidi\u00f3 con un fundido a negro, pero los v\u00eddeos grabados desde las primeras filas muestran perfectamente el <b>aparatoso aterrizaje<\/b> del malague\u00f1o, que tuvo que detener durante unos minutos su concierto para ser atendido por los m\u00e9dicos.<\/p>\n<p class=\"c-paragraph\">Tras lo ocurrido, una pantalla gigante mostraba a los seguidores del rapero el siguiente mensaje: \u00ab<b>Ha surgido una incidencia<\/b>, enseguida volvemos. Gracias\u00bb.<\/p>\n<p class=\"c-paragraph\">Delaossa reapareci\u00f3 para proseguir con su show, no sin antes informar a los all\u00ed presentes de lo que le hab\u00eda pasado. \u00abPerdonad lo ocurrido,<b>\u00a0se me ha salido el hombro<\/b> y me lo han tenido que colocar. Ahora volver\u00e9 a que me lo miren porque se me ha vuelto a salir\u00bb, dijo.<\/p>\n<p class=\"c-paragraph\">Finalmente, y a pesar de las pausas por el aparatoso inicio de concierto, el rapero cumpli\u00f3 cantando <b>con el hombro dislocado<\/b> y el brazo sujeto en una especie de cabestrillo bajo una sudadera azul.<\/p>\n","protected":false},"excerpt":{"rendered":"El concierto de Delaossa este s\u00e1bado en el Movistar Arena de Madrid ha estado marcado desde pr\u00e1cticamente el&hellip;\n","protected":false},"author":2,"featured_media":373605,"comment_status":"","ping_status":"","sticky":false,"template":"","format":"standard","meta":{"footnotes":""},"categories":[91],"tags":[2339,71886,146,147,25,24,205,23],"class_list":["post-373604","post","type-post","status-publish","format-standard","has-post-thumbnail","category-entretenimiento","tag-concierto","tag-delaossa","tag-entertainment","tag-entretenimiento","tag-es","tag-espana","tag-madrid","tag-spain"],"share_on_mastodon":{"url":"https:\/\/pubeurope.com\/@es\/115996632244764497","error":""},"_links":{"self":[{"href":"https:\/\/www.europesays.com\/es\/wp-json\/wp\/v2\/posts\/373604","targetHints":{"allow":["GET"]}}],"collection":[{"href":"https:\/\/www.europesays.com\/es\/wp-json\/wp\/v2\/posts"}],"about":[{"href":"https:\/\/www.europesays.com\/es\/wp-json\/wp\/v2\/types\/post"}],"author":[{"embeddable":true,"href":"https:\/\/www.europesays.com\/es\/wp-json\/wp\/v2\/users\/2"}],"replies":[{"embeddable":true,"href":"https:\/\/www.europesays.com\/es\/wp-json\/wp\/v2\/comments?post=373604"}],"version-history":[{"count":0,"href":"https:\/\/www.europesays.com\/es\/wp-json\/wp\/v2\/posts\/373604\/revisions"}],"wp:featuredmedia":[{"embeddable":true,"href":"https:\/\/www.europesays.com\/es\/wp-json\/wp\/v2\/media\/373605"}],"wp:attachment":[{"href":"https:\/\/www.europesays.com\/es\/wp-json\/wp\/v2\/media?parent=373604"}],"wp:term":[{"taxonomy":"category","embeddable":true,"href":"https:\/\/www.europesays.com\/es\/wp-json\/wp\/v2\/categories?post=373604"},{"taxonomy":"post_tag","embeddable":true,"href":"https:\/\/www.europesays.com\/es\/wp-json\/wp\/v2\/tags?post=373604"}],"curies":[{"name":"wp","href":"https:\/\/api.w.org\/{rel}","templated":true}]}}