{"id":373841,"date":"2026-02-01T20:46:15","date_gmt":"2026-02-01T20:46:15","guid":{"rendered":"https:\/\/www.europesays.com\/es\/373841\/"},"modified":"2026-02-01T20:46:15","modified_gmt":"2026-02-01T20:46:15","slug":"la-coartada-de-la-tele-en-lugares-publicos","status":"publish","type":"post","link":"https:\/\/www.europesays.com\/es\/373841\/","title":{"rendered":"La coartada de la tele en lugares p\u00fablicos"},"content":{"rendered":"<p class=\"c-paragraph\"><b>Esa tele que est\u00e1 frente de ti en el gimnasio y nunca escuchas<\/b>, esta tele que cuelga de las paredes de los bares y nadie la mira. Pero todos la ven.<\/p>\n<p class=\"c-paragraph\">La tele sigue ocupando espacios, que se dir\u00eda ahora. El televisor de siempre<b> contin\u00faa omnipresente en lugares p\u00fablicos<\/b>. Y no solo como reclamo cuando se emite el gran partido de f\u00fatbol.\u00a0 <\/p>\n<p class=\"c-paragraph\">La tele est\u00e1 en la hosteler\u00eda, los transportes y hasta los centros deportivos en los que<b> se entrena el cuerpo, aunque no siempre sabemos d\u00f3nde poner la mente. <\/b>Ah\u00ed la pantalla tambi\u00e9n cobra todo su sentido.\u00a0 <\/p>\n<p class=\"c-paragraph\"><b>Necesitamos sitios a los que mirar. Siempre estamos buscando un punto en el que colocar nuestra mirada. <\/b>A veces, por verg\u00fcenza. Otras, porque no sabemos desconectar. Ni siquiera mojando un churro en el caf\u00e9. Tampoco sudando el marat\u00f3n en una m\u00e1quina de correr.<\/p>\n<p class=\"c-paragraph\">Anta\u00f1o aseguraban que la cadena que estaba encendida en la tele de los restaurantes era un s\u00edntoma de \u00e9xito social. Porque consegu\u00eda estar en la conversaci\u00f3n de la calle. En la capital, TeleMadrid era la reina en bares, tascas y pubs. <b>La auton\u00f3mica madrile\u00f1a hab\u00eda logrado el m\u00e1s dif\u00edcil todav\u00eda: enfocar la cotidianidad m\u00e1s pr\u00f3xima en una ciudad en la que todo se mira en clave nacional.<\/b> En los gimnasios, en cambio, mejor moverse al ritmo de <a href=\"https:\/\/www.20minutos.es\/television\/asi-se-ha-ido-negro-mtv-we-ll-always-be-together-together-in-electric-dreams_6916498_3.html\" target=\"_blank\" rel=\"nofollow noopener\">canales de videoclips -de esos que se han extinguido- <\/a>o de los canales que la actualidad sin tregua impedir\u00e1 que desaparezcan jam\u00e1s: las cadenas de informaci\u00f3n 24 horas. Perfectas para los establecimientos con la tele prendida, aunque con el mute puesto. La imagen y los r\u00f3tulos hacen el trabajo por nuestros o\u00eddos. \u00a0 <\/p>\n<p class=\"c-paragraph\">Porque <b>la tele ejercita la compa\u00f1\u00eda hasta cuando no es escuchada<\/b>. Ah\u00ed est\u00e1, mir\u00e1ndonos, con su traj\u00edn multicolor. Incluso esperando nuestra complicidad. Incluso sabiendo que tambi\u00e9n es coartada, cuando estamos solos y no sabemos hacia d\u00f3nde mirar.<\/p>\n","protected":false},"excerpt":{"rendered":"Esa tele que est\u00e1 frente de ti en el gimnasio y nunca escuchas, esta tele que cuelga de&hellip;\n","protected":false},"author":2,"featured_media":373842,"comment_status":"","ping_status":"","sticky":false,"template":"","format":"standard","meta":{"footnotes":""},"categories":[171],"tags":[82421,146,147,25,24,1285,5539,23,7099,214],"class_list":["post-373841","post","type-post","status-publish","format-standard","has-post-thumbnail","category-tv","tag-coartada","tag-entertainment","tag-entretenimiento","tag-es","tag-espana","tag-lugares","tag-publicos","tag-spain","tag-tele","tag-tv"],"share_on_mastodon":{"url":"https:\/\/pubeurope.com\/@es\/115997336221787479","error":""},"_links":{"self":[{"href":"https:\/\/www.europesays.com\/es\/wp-json\/wp\/v2\/posts\/373841","targetHints":{"allow":["GET"]}}],"collection":[{"href":"https:\/\/www.europesays.com\/es\/wp-json\/wp\/v2\/posts"}],"about":[{"href":"https:\/\/www.europesays.com\/es\/wp-json\/wp\/v2\/types\/post"}],"author":[{"embeddable":true,"href":"https:\/\/www.europesays.com\/es\/wp-json\/wp\/v2\/users\/2"}],"replies":[{"embeddable":true,"href":"https:\/\/www.europesays.com\/es\/wp-json\/wp\/v2\/comments?post=373841"}],"version-history":[{"count":0,"href":"https:\/\/www.europesays.com\/es\/wp-json\/wp\/v2\/posts\/373841\/revisions"}],"wp:featuredmedia":[{"embeddable":true,"href":"https:\/\/www.europesays.com\/es\/wp-json\/wp\/v2\/media\/373842"}],"wp:attachment":[{"href":"https:\/\/www.europesays.com\/es\/wp-json\/wp\/v2\/media?parent=373841"}],"wp:term":[{"taxonomy":"category","embeddable":true,"href":"https:\/\/www.europesays.com\/es\/wp-json\/wp\/v2\/categories?post=373841"},{"taxonomy":"post_tag","embeddable":true,"href":"https:\/\/www.europesays.com\/es\/wp-json\/wp\/v2\/tags?post=373841"}],"curies":[{"name":"wp","href":"https:\/\/api.w.org\/{rel}","templated":true}]}}