{"id":374048,"date":"2026-02-01T23:11:11","date_gmt":"2026-02-01T23:11:11","guid":{"rendered":"https:\/\/www.europesays.com\/es\/374048\/"},"modified":"2026-02-01T23:11:11","modified_gmt":"2026-02-01T23:11:11","slug":"colas-kilometricas-en-la-nueva-cafeteria-de-zara-de-la-coruna-i-llega-al-norte-de-espana-el-zacaffe-el-establecimiento-de-inditex-que-sirve-cafe-de-especialidad-y-una-cuidada-bolleria-esta-todo-ric","status":"publish","type":"post","link":"https:\/\/www.europesays.com\/es\/374048\/","title":{"rendered":"Colas kilom\u00e9tricas en la nueva cafeter\u00eda de Zara de La Coru\u00f1a I Llega al norte de Espa\u00f1a el Zacaff\u00e9, el establecimiento de Inditex que sirve caf\u00e9 de especialidad y una cuidada boller\u00eda: \u00abEst\u00e1 todo rico\u00bb"},"content":{"rendered":"<p class=\"ft-text\">Su nombre lo dice todo: <strong>Zacaff\u00e9<\/strong>. Es Zara y es cafeter\u00eda. O mejor dicho, es una <strong>cafeter\u00eda dentro de una <\/strong><a class=\"ft-link ft-link--decoration\" href=\"https:\/\/www.lne.es\/tags\/zara\/\" rel=\"nofollow noopener\" target=\"_blank\"><strong>tienda de Zara<\/strong><\/a>. Despu\u00e9s de abrir sus puertas en <strong>Osaka, Se\u00fal, Nanjing y Madrid<\/strong>, la nueva<strong> apuesta hostelera del <\/strong><a class=\"ft-link ft-link--decoration\" href=\"https:\/\/www.lne.es\/gijon\/2026\/01\/30\/adios-tienda-amancio-ortega-asturias-126263820.html\" rel=\"nofollow noopener\" target=\"_blank\"><strong>gigante textil de Inditex<\/strong><\/a><strong> <\/strong>acaba de llegar al <strong>norte de Espa\u00f1a<\/strong>. Y m\u00e1s en concreto a La Coru\u00f1a, la ciudad en la que empez\u00f3 todo. El Zacaff\u00e9 de la calle Compostela <strong>empez\u00f3 este s\u00e1bado con colas desde primera hora<\/strong> para conocer un espacio bonito a la vista y agradable al gusto, que sirve <strong>caf\u00e9 de especialidad y una cuidada boller\u00eda<\/strong>. \u00abEs impresionante\u00bb, afirman los primeros clientes.<\/p>\n<p class=\"ft-text\">Su filosof\u00eda es tomarse un caf\u00e9 <strong>en un ambiente relajado entre compra y compra<\/strong> (est\u00e1 situado en la planta baja de una tienda de Zara), rodeado de libros de moda y de <strong>productos de merchandashing<\/strong>, en este caso de La Coru\u00f1a. All\u00ed se pueden encontrar y comprar gorras, sudaderas, camisetas, bolsas, tazas&#8230; En total, hay cinco mesas m\u00e1s una amplia zona de barra, en la que los clientes pueden degustar los<strong> <\/strong><a class=\"ft-link ft-link--decoration\" href=\"https:\/\/www.cafesiboney.com\/?srsltid=AfmBOopPA2sFGqXHGlLBGYWq7mvrw-p2WypQA4xr95fIjhAixGpI8lUu\" rel=\"nofollow noopener\" target=\"_blank\"><strong>caf\u00e9s de Siboney. <\/strong><\/a><\/p>\n<p>T\u00e9s, infusiones, chocolates&#8230;<\/p>\n<p class=\"ft-text\">La carta incluye <strong>desde un expreso y el cl\u00e1sico caf\u00e9 con leche hasta un\u00a0orange cold brew\u00a0o un\u00a0coffee and tonic<\/strong>.\u00a0No faltan tampoco los t\u00e9s, las infusiones, los chocolates ni bebidas de moda como el matcha &amp; chai. Y para acompa\u00f1ar, <strong>reposter\u00eda artesana.<\/strong><\/p>\n<p><img decoding=\"async\" src=\"https:\/\/www.europesays.com\/es\/wp-content\/uploads\/2026\/02\/dc7d2ae7-6a6c-4e08-a3db-3231b84a2624_alta-libre-aspect-ratio_default_0_x1000y375.jpg\" width=\"1200\" height=\"675\" alt=\"Un Zacaff\u00e9\" class=\"ft-helper-img-rd\" loading=\"lazy\"\/><\/p>\n<p class=\"ft-helper-fontColor-quaternary ft-helper-fontSize-body-S ft-helper-spacer-t-xxs\">Un Zacaff\u00e9  \/ Zara<\/p>\n<p>El primero, en Madrid<\/p>\n<p class=\"ft-text\">El Zacaff\u00e9 de La Coru\u00f1a es<strong> el segundo de toda Espa\u00f1a<\/strong>. Desembarc\u00f3 <strong>en 2024 en el Zara de Hermosilla de Madrid<\/strong>. El espacio fue desarrollado por Art Recherche et Industrie, la agencia de dise\u00f1o del artista y creador Ramdane Touhami, el Rey Midas de Par\u00eds. La cafeter\u00eda de la capital no est\u00e1 gestionado pr Siboney, sino por\u00a0<strong>Waco Coffee<\/strong>, especialistas coru\u00f1eses en el arte de preparar un buen caf\u00e9 que cuenta con su cafeter\u00eda en el centro de la ciudad.<\/p>\n<p class=\"ft-text\">Al igual que el de Madrid, el Zacaff\u00e9 gallego tiene acceso a trav\u00e9s de la tienda o directamente desde la calle. Se trata de una propuesta similar, pero m\u00e1s grande a <strong>la cafeter\u00eda de <\/strong><a class=\"ft-link ft-link--decoration\" href=\"https:\/\/www.lne.es\/vida-y-estilo\/consumo\/2025\/09\/25\/apartamento-nueva-sofisticada-tienda-zara-121955023.html\" rel=\"nofollow noopener\" target=\"_blank\"><strong>El Apartamento de Zara. <\/strong><\/a><\/p>\n","protected":false},"excerpt":{"rendered":"Su nombre lo dice todo: Zacaff\u00e9. Es Zara y es cafeter\u00eda. O mejor dicho, es una cafeter\u00eda dentro&hellip;\n","protected":false},"author":2,"featured_media":374049,"comment_status":"","ping_status":"","sticky":false,"template":"","format":"standard","meta":{"footnotes":""},"categories":[80],"tags":[1770,82,6185,95,94,25,24,20354,3906,7386,5012,205,3449,23,82454,7335],"class_list":["post-374048","post","type-post","status-publish","format-standard","has-post-thumbnail","category-economia","tag-asturias","tag-business","tag-cafe","tag-economia","tag-economy","tag-es","tag-espana","tag-establecimiento","tag-inditex","tag-la-coruna","tag-llega","tag-madrid","tag-norte","tag-spain","tag-zacaffe","tag-zara"],"share_on_mastodon":{"url":"https:\/\/pubeurope.com\/@es\/115997906325725880","error":""},"_links":{"self":[{"href":"https:\/\/www.europesays.com\/es\/wp-json\/wp\/v2\/posts\/374048","targetHints":{"allow":["GET"]}}],"collection":[{"href":"https:\/\/www.europesays.com\/es\/wp-json\/wp\/v2\/posts"}],"about":[{"href":"https:\/\/www.europesays.com\/es\/wp-json\/wp\/v2\/types\/post"}],"author":[{"embeddable":true,"href":"https:\/\/www.europesays.com\/es\/wp-json\/wp\/v2\/users\/2"}],"replies":[{"embeddable":true,"href":"https:\/\/www.europesays.com\/es\/wp-json\/wp\/v2\/comments?post=374048"}],"version-history":[{"count":0,"href":"https:\/\/www.europesays.com\/es\/wp-json\/wp\/v2\/posts\/374048\/revisions"}],"wp:featuredmedia":[{"embeddable":true,"href":"https:\/\/www.europesays.com\/es\/wp-json\/wp\/v2\/media\/374049"}],"wp:attachment":[{"href":"https:\/\/www.europesays.com\/es\/wp-json\/wp\/v2\/media?parent=374048"}],"wp:term":[{"taxonomy":"category","embeddable":true,"href":"https:\/\/www.europesays.com\/es\/wp-json\/wp\/v2\/categories?post=374048"},{"taxonomy":"post_tag","embeddable":true,"href":"https:\/\/www.europesays.com\/es\/wp-json\/wp\/v2\/tags?post=374048"}],"curies":[{"name":"wp","href":"https:\/\/api.w.org\/{rel}","templated":true}]}}