{"id":374050,"date":"2026-02-01T23:12:07","date_gmt":"2026-02-01T23:12:07","guid":{"rendered":"https:\/\/www.europesays.com\/es\/374050\/"},"modified":"2026-02-01T23:12:07","modified_gmt":"2026-02-01T23:12:07","slug":"zelenski-anuncia-conversaciones-en-abu-dabi-mientras-continuan-los-bombardeos-en-ucrania","status":"publish","type":"post","link":"https:\/\/www.europesays.com\/es\/374050\/","title":{"rendered":"Zelenski anuncia conversaciones en Abu Dabi, mientras contin\u00faan los bombardeos en Ucrania"},"content":{"rendered":"<p>  Por&amp;nbsp<a href=\"https:\/\/es.euronews.com\/perfiles\/1220\" rel=\"nofollow noopener\" target=\"_blank\">Andreas Rogal<\/a>&amp;nbsp&amp;&amp;nbsp<b>Jerry Fisayo-Bambi<\/b><\/p>\n<p>\n         Publicado<br \/>\n            01\/02\/2026 &#8211; 17:47 CET\n            <\/p>\n<p>Un ataque ruso contra un autob\u00fas a las afueras de la ciudad de Pavlohrad, en el \u00f3blast de Dnipropetrovsk, ha causado el domingo <strong>la muerte de al menos 15 mineros<\/strong> y heridas a otros 7, seg\u00fan ha informado la mayor empresa energ\u00e9tica privada de Ucrania, DTEK.<\/p>\n<p>Rusia lanz\u00f3 un ataque masivo dirigido contra las minas de DTEK, seg\u00fan la empresa. Uno de los ataques <strong>alcanz\u00f3 un autob\u00fas de servicio<\/strong> en la ciudad de Ternivka, que transportaba a los mineros a casa despu\u00e9s de su turno.<\/p>\n<p>\u00abEl autob\u00fas de servicio transportaba a trabajadores de las minas, <strong>civiles que no participaban en los combates<\/strong>. Se trata de otro ataque brutal con v\u00edctimas, s\u00f3lo por hoy\u00bb, <a href=\"https:\/\/x.com\/lubinetzs\/status\/2017909615996862919\" target=\"_blank\" rel=\"noreferrer nofollow\">declar\u00f3<\/a> el Defensor del Pueblo, <strong>Dmytro Lubinets<\/strong>.<\/p>\n<p>A primera hora del d\u00eda, un ataque ruso caus\u00f3 da\u00f1os en una maternidad de Zaporiyia, hiriendo al menos a nueve personas, entre ellas un ni\u00f1o, seg\u00fan informaron el domingo las autoridades ucranianas. Seg\u00fan el Servicio Estatal de Emergencias de Ucrania (SES), <strong>los dos ataques provocaron un incendio<\/strong> que se inici\u00f3 en la segunda planta del hospital, en la zona de recepci\u00f3n del departamento de ginecolog\u00eda.<\/p>\n<p>Dos mujeres y un ni\u00f1o de cuatro a\u00f1os fueron examinados, y todos los fuegos se extinguieron posteriormente, declar\u00f3 el gobernador <strong>Iv\u00e1n Fedorov<\/strong>. \u00abEl ataque al hospital de maternidad es una prueba m\u00e1s de la guerra que se libra contra la vida\u00bb, lament\u00f3.<\/p>\n<p>Conversaciones en curso<\/p>\n<p>El ataque se produjo en medio de <a href=\"https:\/\/es.euronews.com\/my-europe\/2026\/01\/31\/plan-de-paz-para-ucrania-reunion-constructiva-entre-eeuu-y-rusia-en-miami\" rel=\"nofollow noopener\" target=\"_blank\">los esfuerzos en curso para negociar un acuerdo de paz<\/a> y horas antes de que el presidente ucraniano, Volod\u00edmir Zelenski, anunciara las fechas <strong>del 4 al 5 de febrero para las conversaciones trilaterales<\/strong>. En un tuit del domingo, el l\u00edder ucraniano anunci\u00f3 que las conversaciones de paz estaban previstas para esas fechas y que tendr\u00edan lugar en Abu Dabi.<\/p>\n<p>Los ataques del domingo tambi\u00e9n se producen el d\u00eda en que deb\u00eda finalizar la reducci\u00f3n unilateral de los ataques rusos contra Ucrania <a href=\"https:\/\/es.euronews.com\/2026\/01\/30\/trump-anuncia-una-pausa-de-una-semana-en-los-ataques-rusos-a-kiev-en-pleno-invierno\" rel=\"nofollow noopener\" target=\"_blank\">anunciada por el presidente de Estados Unidos<\/a>, <strong>Donald Trump<\/strong>.<\/p>\n<p>Trump hab\u00eda desvelado la semana pasada que el presidente ruso, <strong>Vlad\u00edmir Putin<\/strong>, hab\u00eda aceptado detener los ataques contra ciudades ucranianas <strong>durante una semana<\/strong> despu\u00e9s de que un ataque de Mosc\u00fa <a href=\"https:\/\/es.euronews.com\/2026\/01\/20\/rusia-castiga-la-red-energetica-ucraniana-kiev-se-queda-en-parte-sin-luz-y-sin-calefaccion\" rel=\"nofollow noopener\" target=\"_blank\">provocara apagones en toda Ucrania<\/a>.<\/p>\n<p>Mosc\u00fa aclar\u00f3 m\u00e1s tarde que <strong>solo se aplicar\u00eda a Kiev<\/strong> y que terminar\u00eda el 1 de febrero, justo antes de la pr\u00f3xima ola de fr\u00edo prevista. Actualmente, en su cuarto a\u00f1o, la guerra en Ucrania sigue siendo el mayor conflicto en Europa desde la Segunda Guerra Mundial.<\/p>\n<p>Fuentes adicionales<strong> \u2022 EBU<\/strong><\/p>\n","protected":false},"excerpt":{"rendered":"Por&amp;nbspAndreas Rogal&amp;nbsp&amp;&amp;nbspJerry Fisayo-Bambi Publicado 01\/02\/2026 &#8211; 17:47 CET Un ataque ruso contra un autob\u00fas a las afueras de&hellip;\n","protected":false},"author":2,"featured_media":374051,"comment_status":"","ping_status":"","sticky":false,"template":"","format":"standard","meta":{"footnotes":""},"categories":[42],"tags":[17,18,13,14,7419,11,61,62,63,64,19,20,9,10,15,16,67276,1614,12,7081,21,22,7083,14181,65,66,67],"class_list":["post-374050","post","type-post","status-publish","format-standard","has-post-thumbnail","category-internacional","tag-breaking-news","tag-breakingnews","tag-featured-news","tag-featurednews","tag-guerra-en-ucrania","tag-headlines","tag-internacional","tag-international","tag-international-news","tag-internationalnews","tag-latest-news","tag-latestnews","tag-news","tag-noticias","tag-noticias-destacadas","tag-noticiasdestacadas","tag-proceso-de-paz","tag-rusia","tag-titulares","tag-ucrania","tag-ultimas-noticias","tag-ultimasnoticias","tag-vladimir-putin","tag-volodimir-zelenski","tag-world","tag-world-news","tag-worldnews"],"share_on_mastodon":{"url":"https:\/\/pubeurope.com\/@es\/115997910251821701","error":""},"_links":{"self":[{"href":"https:\/\/www.europesays.com\/es\/wp-json\/wp\/v2\/posts\/374050","targetHints":{"allow":["GET"]}}],"collection":[{"href":"https:\/\/www.europesays.com\/es\/wp-json\/wp\/v2\/posts"}],"about":[{"href":"https:\/\/www.europesays.com\/es\/wp-json\/wp\/v2\/types\/post"}],"author":[{"embeddable":true,"href":"https:\/\/www.europesays.com\/es\/wp-json\/wp\/v2\/users\/2"}],"replies":[{"embeddable":true,"href":"https:\/\/www.europesays.com\/es\/wp-json\/wp\/v2\/comments?post=374050"}],"version-history":[{"count":0,"href":"https:\/\/www.europesays.com\/es\/wp-json\/wp\/v2\/posts\/374050\/revisions"}],"wp:featuredmedia":[{"embeddable":true,"href":"https:\/\/www.europesays.com\/es\/wp-json\/wp\/v2\/media\/374051"}],"wp:attachment":[{"href":"https:\/\/www.europesays.com\/es\/wp-json\/wp\/v2\/media?parent=374050"}],"wp:term":[{"taxonomy":"category","embeddable":true,"href":"https:\/\/www.europesays.com\/es\/wp-json\/wp\/v2\/categories?post=374050"},{"taxonomy":"post_tag","embeddable":true,"href":"https:\/\/www.europesays.com\/es\/wp-json\/wp\/v2\/tags?post=374050"}],"curies":[{"name":"wp","href":"https:\/\/api.w.org\/{rel}","templated":true}]}}