{"id":374253,"date":"2026-02-02T01:48:10","date_gmt":"2026-02-02T01:48:10","guid":{"rendered":"https:\/\/www.europesays.com\/es\/374253\/"},"modified":"2026-02-02T01:48:10","modified_gmt":"2026-02-02T01:48:10","slug":"ucam-murcia-barca-en-directo-hoy-resultado-del-partido-de-la-liga-endesa-en-vivo","status":"publish","type":"post","link":"https:\/\/www.europesays.com\/es\/374253\/","title":{"rendered":"UCAM Murcia &#8211; Bar\u00e7a, en directo hoy: resultado del partido de la Liga Endesa, en vivo"},"content":{"rendered":"<p class=\"ft-text\">UCAM Murcia se lleva la victoria en uno de los<strong> partidazos de la temporada.<\/strong> Final igualad\u00edsimo en el Palacio, que cae del lado del equipo de Sito Alonso. El Bar\u00e7a ha tenido dos tiros libres de Vesely, un triple de Punter y otro tiro del p\u00edvot checo para ganar en la \u00faltima jugada, pero no han acertado.<\/p>\n<p class=\"ft-text\">Este ha sido el triple de <strong>Nakic<\/strong>, que le ha dado el triunfo a los locales:<\/p>\n","protected":false},"excerpt":{"rendered":"UCAM Murcia se lleva la victoria en uno de los partidazos de la temporada. Final igualad\u00edsimo en el&hellip;\n","protected":false},"author":2,"featured_media":374254,"comment_status":"","ping_status":"","sticky":false,"template":"","format":"standard","meta":{"footnotes":""},"categories":[93],"tags":[302,299,2296,168,2125,25,24,665,1478,21710,133,1045,18128,23,167,9413,1852],"class_list":["post-374253","post","type-post","status-publish","format-standard","has-post-thumbnail","category-deportes","tag-acb","tag-baloncesto","tag-barca","tag-deportes","tag-directo","tag-es","tag-espana","tag-liga-endesa","tag-murcia","tag-narracion","tag-online","tag-partido","tag-retransmision","tag-spain","tag-sports","tag-ucam","tag-vivo"],"share_on_mastodon":{"url":"https:\/\/pubeurope.com\/@es\/115998523653470607","error":""},"_links":{"self":[{"href":"https:\/\/www.europesays.com\/es\/wp-json\/wp\/v2\/posts\/374253","targetHints":{"allow":["GET"]}}],"collection":[{"href":"https:\/\/www.europesays.com\/es\/wp-json\/wp\/v2\/posts"}],"about":[{"href":"https:\/\/www.europesays.com\/es\/wp-json\/wp\/v2\/types\/post"}],"author":[{"embeddable":true,"href":"https:\/\/www.europesays.com\/es\/wp-json\/wp\/v2\/users\/2"}],"replies":[{"embeddable":true,"href":"https:\/\/www.europesays.com\/es\/wp-json\/wp\/v2\/comments?post=374253"}],"version-history":[{"count":0,"href":"https:\/\/www.europesays.com\/es\/wp-json\/wp\/v2\/posts\/374253\/revisions"}],"wp:featuredmedia":[{"embeddable":true,"href":"https:\/\/www.europesays.com\/es\/wp-json\/wp\/v2\/media\/374254"}],"wp:attachment":[{"href":"https:\/\/www.europesays.com\/es\/wp-json\/wp\/v2\/media?parent=374253"}],"wp:term":[{"taxonomy":"category","embeddable":true,"href":"https:\/\/www.europesays.com\/es\/wp-json\/wp\/v2\/categories?post=374253"},{"taxonomy":"post_tag","embeddable":true,"href":"https:\/\/www.europesays.com\/es\/wp-json\/wp\/v2\/tags?post=374253"}],"curies":[{"name":"wp","href":"https:\/\/api.w.org\/{rel}","templated":true}]}}