{"id":374346,"date":"2026-02-02T02:58:14","date_gmt":"2026-02-02T02:58:14","guid":{"rendered":"https:\/\/www.europesays.com\/es\/374346\/"},"modified":"2026-02-02T02:58:14","modified_gmt":"2026-02-02T02:58:14","slug":"cinco-indicadores-de-sedentarismo-y-consejos-para-prevenir-sus-consecuencias","status":"publish","type":"post","link":"https:\/\/www.europesays.com\/es\/374346\/","title":{"rendered":"Cinco indicadores de sedentarismo y consejos para prevenir sus consecuencias"},"content":{"rendered":"<p><img alt=\"La inactividad f\u00edsica es uno\" class=\"global-image\" decoding=\"async\" fetchpriority=\"high\" height=\"1265\" loading=\"eager\" src=\"https:\/\/www.europesays.com\/es\/wp-content\/uploads\/2026\/02\/PAGIBBMXVJDDBOPX3IV54T3YHI.jpg\" width=\"1920\"\/>La inactividad f\u00edsica es uno de los principales factores de riesgo para enfermedades cr\u00f3nicas (Freepik)<\/p>\n<p class=\"paragraph\">La <b>actividad f\u00edsica insuficiente<\/b> representa un <b>factor principal de mortalidad global<\/b> y, seg\u00fan la <b>Organizaci\u00f3n Mundial de la Salud (<\/b><a href=\"https:\/\/www.infobae.com\/tag\/oms\/\" target=\"_blank\" rel=\"noreferrer nofollow noopener\" title=\"https:\/\/www.infobae.com\/tag\/oms\/\"><b>OMS<\/b><\/a><b>)<\/b>, la tendencia va en aumento en diversos pa\u00edses.<\/p>\n<p class=\"paragraph\">De acuerdo con la <b>OMS<\/b>, cerca de <b>1.400 millones de adultos<\/b>, es decir, uno de cada cuatro en el mundo, no cumplen con el m\u00ednimo recomendado de <b>150 minutos de actividad f\u00edsica moderada semanal<\/b>.<\/p>\n<p class=\"paragraph\">Por eso, reconocer las se\u00f1ales de alerta temprana que da el cuerpo cuando le falta movimiento es clave para reducir el impacto.<\/p>\n<p><img alt=\"La Organizaci\u00f3n Mundial de la\" class=\"global-image\" decoding=\"async\" fetchpriority=\"low\" height=\"1080\" loading=\"lazy\" src=\"https:\/\/www.europesays.com\/es\/wp-content\/uploads\/2026\/02\/432I3IQ5ENAT5JRHMOY2CRXFKY.png\" width=\"1920\"\/>La Organizaci\u00f3n Mundial de la Salud recomienda al menos 150 minutos de actividad f\u00edsica moderada por semana (Pixabay)<\/p>\n<p class=\"paragraph\"><a rel=\"noopener nofollow\" href=\"https:\/\/link.springer.com\/article\/10.1186\/s12966-017-0525-8\" target=\"_blank\" title=\"https:\/\/link.springer.com\/article\/10.1186\/s12966-017-0525-8\">El trabajo<\/a> \u00ab<b>Red de Investigaci\u00f3n del Comportamiento Sedentario\u00bb<\/b> define el sedentarismo como cualquier comportamiento de vigilia con un gasto energ\u00e9tico menor a 1,5 equivalentes metab\u00f3licos, especialmente sentado o acostado. <\/p>\n<p class=\"paragraph\">Seg\u00fan la Organizaci\u00f3n Mundial de la Salud,<b> se recomienda entre 150 y 300 minutos semanales de actividad aer\u00f3bica moderada, o entre 75 y 150 minutos de actividad vigorosa<\/b>, sumados a dos d\u00edas de entrenamiento de fuerza. No alcanzar estos m\u00ednimos es la primera se\u00f1al de alerta. <b>El cuerpo humano no est\u00e1 dise\u00f1ado para la inactividad prolongada<\/b> y, tras solo dos semanas sin movimiento, pueden observarse p\u00e9rdida de masa muscular y cambios metab\u00f3licos.<\/p>\n<p><img alt=\"Permanecer sentado durante periodos prolongados\" class=\"global-image\" decoding=\"async\" fetchpriority=\"low\" height=\"1080\" loading=\"lazy\" src=\"https:\/\/www.europesays.com\/es\/wp-content\/uploads\/2026\/02\/R75X63EFAFDCZC5KWKZMNCLQL4.jpg\" width=\"1920\"\/>Permanecer sentado durante periodos prolongados afecta negativamente la circulaci\u00f3n sangu\u00ednea (Freepik)<\/p>\n<p class=\"paragraph\">Si m\u00e1s de la mitad de las horas que una persona pasa despierta las transcurre sentada, reclinada o inm\u00f3vil, es momento de tomar medidas. Especialistas como <b>Suzanne Steinbaum<\/b>, cardi\u00f3loga de<b> <\/b>Heart-Tech Health recomiendan limitar los periodos inactivos a no m\u00e1s de 60 minutos seguidos. <\/p>\n<p class=\"paragraph\">La recomendaci\u00f3n de los especialistas es reducir el sedentarismo prolongado a <b>no m\u00e1s de 60 minutos seguidos<\/b>. Para eso, incorporar peque\u00f1os movimientos, como levantarse cada hora, caminar brevemente o realizar sentadillas, puede marcar la diferencia. <b>Interrumpir los periodos prolongados de sedentarismo con los llamados <\/b><a rel=\"noopener noreferrer nofollow\" href=\"https:\/\/www.infobae.com\/salud\/2025\/11\/08\/snacks-de-ejercicios-la-receta-para-hacer-actividad-fisica-a-pesar-de-la-falta-de-tiempo\/\" target=\"_blank\" title=\"https:\/\/www.infobae.com\/salud\/2025\/11\/08\/snacks-de-ejercicios-la-receta-para-hacer-actividad-fisica-a-pesar-de-la-falta-de-tiempo\/\"><b>snacks de ejercicios<\/b><\/a><b> estimula la circulaci\u00f3n<\/b> y ayuda a preservar la salud cardiovascular.<\/p>\n<p><img alt=\"La fatiga persistente puede ser\" class=\"global-image\" decoding=\"async\" fetchpriority=\"low\" height=\"1080\" loading=\"lazy\" src=\"https:\/\/www.europesays.com\/es\/wp-content\/uploads\/2026\/02\/JCZ5Q4VEWVDAFG3C2UURPYP6BE.jpg\" width=\"1920\"\/>La fatiga persistente puede ser un s\u00edntoma de falta de ejercicio (Freepik)<\/p>\n<p class=\"paragraph\">El cansancio extremo no siempre se explica solo por el estr\u00e9s o la alimentaci\u00f3n. <b>Permanecer inactivo debilita el coraz\u00f3n, los pulmones y los m\u00fasculos<\/b>, lo que puede provocar agotamiento incluso en pocos d\u00edas. Estudios muestran que practicar ejercicio leve o moderado, como caminar 20 minutos tres veces por semana, incrementa los niveles de energ\u00eda hasta en un 20%. <b>Moverse, aunque sea poco, revitaliza el organismo<\/b> y contribuye a disminuir la sensaci\u00f3n de fatiga.<\/p>\n<p><img alt=\"El metabolismo se ralentiza cuando\" class=\"global-image\" decoding=\"async\" fetchpriority=\"low\" height=\"707\" loading=\"lazy\" src=\"https:\/\/www.europesays.com\/es\/wp-content\/uploads\/2026\/02\/UIUFBJZ5FBFPXHTT52VSAKN2BQ.png\" width=\"1257\"\/>El metabolismo se ralentiza cuando el cuerpo permanece inactivo durante mucho tiempo (Imagen ilustrativa Infobae)<\/p>\n<p class=\"paragraph\">El sedentarismo favorece el aumento de peso. <b>Cuando el gasto energ\u00e9tico cae pero la ingesta cal\u00f3rica se mantiene, el exceso se almacena como grasa<\/b>. Adem\u00e1s, el metabolismo se ralentiza. <\/p>\n<p class=\"paragraph\">\u201cCon la falta de movimiento, el flujo sangu\u00edneo y la actividad metab\u00f3lica disminuyen\u201d, explic\u00f3 la fisi\u00f3loga del ejercicio de la <b>Universidad de Columbia <\/b>Aimee Layton. \u201c<b>Con el tiempo, esto puede derivar en diabetes, infartos, accidentes cerebrovasculares <\/b>y otras enfermedades\u201d, agreg\u00f3. Ante una sensaci\u00f3n de estancamiento en el peso, la prioridad debe ser aumentar el movimiento diario antes de reducir la ingesta cal\u00f3rica.<\/p>\n<p class=\"paragraph\"><b>La falta de movimiento reduce el flujo sangu\u00edneo y la capacidad de quemar calor\u00edas<\/b>, lo que puede derivar en problemas metab\u00f3licos. Mantenerse activo, incluso con tareas cotidianas, es clave para evitar estas consecuencias.<\/p>\n<p><img alt=\"La falta de movimiento diario\" class=\"global-image\" decoding=\"async\" fetchpriority=\"low\" height=\"3634\" loading=\"lazy\" src=\"https:\/\/www.europesays.com\/es\/wp-content\/uploads\/2026\/02\/X4AFGUO4ORBO7ADZFS2CDR2ISM.jpg\" width=\"5451\"\/>La falta de movimiento diario pasa factura al cuerpo y la mente (Freepik)<\/p>\n<p class=\"paragraph\">La poca actividad f\u00edsica tambi\u00e9n afecta al sistema respiratorio y cardiovascular. Seg\u00fan el cardi\u00f3logo <b>Sanul Corrielus<\/b>, la respiraci\u00f3n superficial y la falta de movimiento privan al coraz\u00f3n de ox\u00edgeno, lo que puede causar palpitaciones y aumentar el riesgo de enfermedades card\u00edacas. Estudios indican que cada hora adicional de sedentarismo diario eleva el riesgo de afecciones cardiovasculares. <b>Realizar al menos treinta minutos de actividad f\u00edsica moderada cinco d\u00edas a la semana es fundamental para proteger la salud del coraz\u00f3n<\/b>.<\/p>\n<p class=\"paragraph\">Incorporar movimientos simples a la rutina diaria puede revertir los efectos del sedentarismo y mejorar la calidad de vida.<\/p>\n","protected":false},"excerpt":{"rendered":"La inactividad f\u00edsica es uno de los principales factores de riesgo para enfermedades cr\u00f3nicas (Freepik) La actividad f\u00edsica&hellip;\n","protected":false},"author":2,"featured_media":374347,"comment_status":"","ping_status":"","sticky":false,"template":"","format":"standard","meta":{"footnotes":""},"categories":[92],"tags":[82497,82498,82499,82500,1057,30535,82,82501,9366,82502,82503,3757,36707,55721,26750,19769,82504,45092,70790,82505,82506,232,82507,70792,35265,82508,82509,22806,25,24,82510,45095,6290,82511,16667,82512,28993,34593,165,10769,30348,82513,71268,3772,3773,1383,71270,16052,17461,82514,22993,82515,71272,17481,82516,166,82517,23,16671,82518,2621,3786,3787,42695,42377,1222,66483,82519,82520,82521,3797,6320,5722,70801,16065,39200,82522,2658],"class_list":["post-374346","post","type-post","status-publish","format-standard","has-post-thumbnail","category-salud","tag-20s","tag-30s","tag-agency","tag-anxious","tag-black","tag-black-background","tag-business","tag-career","tag-casual","tag-casual-business","tag-casual-clothing","tag-caucasian","tag-cloud","tag-colleagues","tag-communication","tag-company","tag-considering","tag-cool","tag-creative","tag-curious","tag-cut-out","tag-design","tag-design-professional","tag-designer","tag-desk","tag-digital-composite","tag-digital-image","tag-document","tag-es","tag-espana","tag-executive","tag-fashionable","tag-female","tag-fluffy","tag-frustration","tag-giving","tag-graphic","tag-group","tag-health","tag-hip","tag-holding","tag-inquisitive","tag-job","tag-male","tag-man","tag-meeting","tag-mid-adult","tag-occupation","tag-office","tag-overwhelmed","tag-overworked","tag-paperwork","tag-profession","tag-professional","tag-puzzled","tag-salud","tag-softness","tag-spain","tag-stress","tag-stressed","tag-studio","tag-style","tag-stylish","tag-success","tag-suit","tag-team","tag-teamwork","tag-tie","tag-transaction","tag-understanding","tag-white","tag-woman","tag-work","tag-worker","tag-working","tag-workplace","tag-worried","tag-young-adult"],"share_on_mastodon":{"url":"","error":"Validation failed: Text character limit of 500 exceeded"},"_links":{"self":[{"href":"https:\/\/www.europesays.com\/es\/wp-json\/wp\/v2\/posts\/374346","targetHints":{"allow":["GET"]}}],"collection":[{"href":"https:\/\/www.europesays.com\/es\/wp-json\/wp\/v2\/posts"}],"about":[{"href":"https:\/\/www.europesays.com\/es\/wp-json\/wp\/v2\/types\/post"}],"author":[{"embeddable":true,"href":"https:\/\/www.europesays.com\/es\/wp-json\/wp\/v2\/users\/2"}],"replies":[{"embeddable":true,"href":"https:\/\/www.europesays.com\/es\/wp-json\/wp\/v2\/comments?post=374346"}],"version-history":[{"count":0,"href":"https:\/\/www.europesays.com\/es\/wp-json\/wp\/v2\/posts\/374346\/revisions"}],"wp:featuredmedia":[{"embeddable":true,"href":"https:\/\/www.europesays.com\/es\/wp-json\/wp\/v2\/media\/374347"}],"wp:attachment":[{"href":"https:\/\/www.europesays.com\/es\/wp-json\/wp\/v2\/media?parent=374346"}],"wp:term":[{"taxonomy":"category","embeddable":true,"href":"https:\/\/www.europesays.com\/es\/wp-json\/wp\/v2\/categories?post=374346"},{"taxonomy":"post_tag","embeddable":true,"href":"https:\/\/www.europesays.com\/es\/wp-json\/wp\/v2\/tags?post=374346"}],"curies":[{"name":"wp","href":"https:\/\/api.w.org\/{rel}","templated":true}]}}