{"id":374455,"date":"2026-02-02T04:37:08","date_gmt":"2026-02-02T04:37:08","guid":{"rendered":"https:\/\/www.europesays.com\/es\/374455\/"},"modified":"2026-02-02T04:37:08","modified_gmt":"2026-02-02T04:37:08","slug":"maria-corina-machado-afirma-que-sera-presidenta-cuando-llegue-el-momento","status":"publish","type":"post","link":"https:\/\/www.europesays.com\/es\/374455\/","title":{"rendered":"Mar\u00eda Corina Machado afirma que ser\u00e1 presidenta \u201ccuando llegue el momento\u201d"},"content":{"rendered":"<p class=\"article-body__paragraph\">La l\u00edder opositora venezolana Mar\u00eda Corina Machado declar\u00f3 a CBS News que <b>alg\u00fan d\u00eda ser\u00e1 presidenta, al tiempo que presion\u00f3 por una transici\u00f3n a la democracia<\/b> electoral tras la captura de Nicol\u00e1s Maduro.<\/p>\n<p class=\"article-body__paragraph\">\u201c<b>Ser\u00e9 presidenta cuando llegue el momento<\/b>\u201d, declar\u00f3 en el programa de entrevistas Face the Nation. \u201cPero no importa. Eso deber\u00eda decidirlo el pueblo venezolano en las elecciones\u201d, sigui\u00f3.<\/p>\n<p class=\"article-body__paragraph\"><a href=\"https:\/\/www.latercera.com\/mundo\/noticia\/consejo-electoral-venezolano-confirmo-que-machado-presenta-una-prohibicion-para-ejercer-cargos-publicos\/UJGYESKQKRAFJHYCNBVHOQCTBE\/\" target=\"_self\" rel=\"nofollow noopener\" title=\"https:\/\/www.latercera.com\/mundo\/noticia\/consejo-electoral-venezolano-confirmo-que-machado-presenta-una-prohibicion-para-ejercer-cargos-publicos\/UJGYESKQKRAFJHYCNBVHOQCTBE\/\"><b>A Machado se le prohibi\u00f3 postularse contra Maduro en las \u00faltimas elecciones venezolanas de 2024<\/b><\/a>, pero apoy\u00f3 al exdiplom\u00e1tico Edmundo Gonz\u00e1lez Urrutia. Estados Unidos y gran parte de la comunidad internacional <b>reconocieron a Gonz\u00e1lez Urrutia como el leg\u00edtimo ganador<\/b> de las votaciones, pero Maduro se mantuvo en el poder en medio de acusaciones generalizadas de fraude electoral.<\/p>\n<p class=\"article-body__paragraph\">Machado afirm\u00f3 que <b>se le impidi\u00f3 postularse en 2024 \u201cporque Maduro ten\u00eda miedo de presentarse contra m\u00ed<\/b> y pensaba que Edmundo no era una amenaza, porque nadie sab\u00eda qui\u00e9n era\u201d.<\/p>\n<p class=\"article-body__paragraph\">\u201cY en menos de tres meses, logramos que todo el pa\u00eds lo apoyara, porque esto es una cuesti\u00f3n de libertad\u201d, a\u00f1adi\u00f3 Machado.<\/p>\n<p class=\"article-body__paragraph\">Pero <b>no est\u00e1 claro cu\u00e1ndo Venezuela podr\u00eda celebrar sus pr\u00f3ximas elecciones<\/b>. El pa\u00eds a\u00fan est\u00e1 gobernado interinamente por la sucesora del gobierno de Maduro, la exvicepresidenta Delcy Rodr\u00edguez, mientras Maduro se encuentra en una c\u00e1rcel de Nueva York a la espera de ser procesado por cargos de drogas. El presidente Trump declar\u00f3 a la prensa la semana pasada que Rodr\u00edguez \u201cha estado trabajando muy bien con nosotros\u201d.<\/p>\n<p class=\"article-body__paragraph\">Inicialmente, Trump tambi\u00e9n desestim\u00f3 la idea de que Machado asumiera el poder, declarando horas despu\u00e9s de la captura de Maduro: \u201c<b>Es una mujer muy agradable, pero no tiene el respeto<\/b>\u201d.<\/p>\n<p class=\"article-body__paragraph\">Menos de dos semanas despu\u00e9s, <a href=\"https:\/\/www.latercera.com\/tendencias\/noticia\/es-donald-trump-ahora-un-premio-nobel-de-la-paz-que-implica-que-maria-corina-machado-le-haya-regalado-su-medalla\/\" target=\"_self\" rel=\"nofollow noopener\" title=\"https:\/\/www.latercera.com\/tendencias\/noticia\/es-donald-trump-ahora-un-premio-nobel-de-la-paz-que-implica-que-maria-corina-machado-le-haya-regalado-su-medalla\/\"><b>Machado le entreg\u00f3 su medalla del Premio Nobel de la Paz a Trump<\/b> <\/a>en reconocimiento a lo que ella llam\u00f3 su acci\u00f3n \u201chist\u00f3rica\u201d \u200b\u200bde derrocar a Maduro.<\/p>\n<p class=\"article-body__paragraph\">Trump dijo posteriormente sobre Machado: \u201cQuiz\u00e1s podamos involucrarla de alguna manera\u201d.<\/p>\n","protected":false},"excerpt":{"rendered":"La l\u00edder opositora venezolana Mar\u00eda Corina Machado declar\u00f3 a CBS News que alg\u00fan d\u00eda ser\u00e1 presidenta, al tiempo&hellip;\n","protected":false},"author":2,"featured_media":374456,"comment_status":"","ping_status":"","sticky":false,"template":"","format":"standard","meta":{"footnotes":""},"categories":[42],"tags":[17,18,352,13,14,11,61,62,63,64,19,20,11576,4371,3013,9,1194,10,15,16,12,21,22,1192,65,66,67],"class_list":["post-374455","post","type-post","status-publish","format-standard","has-post-thumbnail","category-internacional","tag-breaking-news","tag-breakingnews","tag-donald-trump","tag-featured-news","tag-featurednews","tag-headlines","tag-internacional","tag-international","tag-international-news","tag-internationalnews","tag-latest-news","tag-latestnews","tag-machado","tag-maria-corina-machado","tag-mundo","tag-news","tag-nicolas-maduro","tag-noticias","tag-noticias-destacadas","tag-noticiasdestacadas","tag-titulares","tag-ultimas-noticias","tag-ultimasnoticias","tag-venezuela","tag-world","tag-world-news","tag-worldnews"],"share_on_mastodon":{"url":"https:\/\/pubeurope.com\/@es\/115999188138569179","error":""},"_links":{"self":[{"href":"https:\/\/www.europesays.com\/es\/wp-json\/wp\/v2\/posts\/374455","targetHints":{"allow":["GET"]}}],"collection":[{"href":"https:\/\/www.europesays.com\/es\/wp-json\/wp\/v2\/posts"}],"about":[{"href":"https:\/\/www.europesays.com\/es\/wp-json\/wp\/v2\/types\/post"}],"author":[{"embeddable":true,"href":"https:\/\/www.europesays.com\/es\/wp-json\/wp\/v2\/users\/2"}],"replies":[{"embeddable":true,"href":"https:\/\/www.europesays.com\/es\/wp-json\/wp\/v2\/comments?post=374455"}],"version-history":[{"count":0,"href":"https:\/\/www.europesays.com\/es\/wp-json\/wp\/v2\/posts\/374455\/revisions"}],"wp:featuredmedia":[{"embeddable":true,"href":"https:\/\/www.europesays.com\/es\/wp-json\/wp\/v2\/media\/374456"}],"wp:attachment":[{"href":"https:\/\/www.europesays.com\/es\/wp-json\/wp\/v2\/media?parent=374455"}],"wp:term":[{"taxonomy":"category","embeddable":true,"href":"https:\/\/www.europesays.com\/es\/wp-json\/wp\/v2\/categories?post=374455"},{"taxonomy":"post_tag","embeddable":true,"href":"https:\/\/www.europesays.com\/es\/wp-json\/wp\/v2\/tags?post=374455"}],"curies":[{"name":"wp","href":"https:\/\/api.w.org\/{rel}","templated":true}]}}