{"id":374547,"date":"2026-02-02T05:47:09","date_gmt":"2026-02-02T05:47:09","guid":{"rendered":"https:\/\/www.europesays.com\/es\/374547\/"},"modified":"2026-02-02T05:47:09","modified_gmt":"2026-02-02T05:47:09","slug":"un-hombre-se-sube-al-techo-de-un-avion-y-retrasa-un-vuelo-mas-de-dos-horas-en-valencia","status":"publish","type":"post","link":"https:\/\/www.europesays.com\/es\/374547\/","title":{"rendered":"Un hombre se sube al techo de un avi\u00f3n y retrasa un vuelo m\u00e1s de dos horas en Valencia"},"content":{"rendered":"<p style=\"\"><strong>\ufeff<\/strong><strong>\ufeff<\/strong>El aeropuerto de la localidad valenciana de Manises vivi\u00f3 este s\u00e1bado por la tarde momentos de tensi\u00f3n despu\u00e9s de que un hombre, poco antes de las seis y media, se <strong>subiera al techo de un avi\u00f3n<\/strong> de la compa\u00f1\u00eda Vueling, provocando retrasos  &#8230; de m\u00e1s de dos horas en un vuelo con destino a \u00c1msterdam. <\/p>\n<p class=\"voc-p\" style=\"\">Al parecer, el individuo accedi\u00f3 de forma indebida a las pistas y se subi\u00f3 al techo de la aeronave con una mochila. Seg\u00fan se puede observar en las im\u00e1genes que grabaron varios pasajeros y sus testimonios, el hombre comenz\u00f3 a correr encima del techo mientras <strong>realizaba gestos y gritaba frases dif\u00edciles de descifrar. <\/strong><\/p>\n<blockquote class=\"twitter-tweet\" data-width=\"550\">\n<p lang=\"es\" dir=\"ltr\">Un hombre de donde siempre  \ud83c\uddf2\ud83c\udde6 , subido ayer por la tarde al techo de un avi\u00f3n de Vueling tras colarse en las pistas del aeropuerto de Manises, retrasando dos horas y media un vuelo con destino a Amsterdam. <a href=\"https:\/\/t.co\/A3O3d63lNw\" rel=\"nofollow\">pic.twitter.com\/A3O3d63lNw<\/a><\/p>\n<p>\u2014 Politeia (@Politeia_ESP) <a href=\"https:\/\/twitter.com\/Politeia_ESP\/status\/2017984579336827067?ref_src=twsrc%5Etfw\" rel=\"nofollow noopener\" target=\"_blank\">February 1, 2026<\/a><\/p><\/blockquote>\n<p class=\"voc-p\" style=\"\">Aunque el suceso gener\u00f3 momentos de angustia, apenas dur\u00f3 unos minutos, despu\u00e9s de que agentes de la Guardia Civil acudieran al lugar y lograran que el hombre, de nacionalidad marroqu\u00ed y cuya edad no ha trascendido, bajase del avi\u00f3n.<\/p>\n<p class=\"voc-p\" style=\"\">Finalmente, el individuo fue trasladado en ambulancia a un centro hospitalario, donde fue <strong>ingresado debido a su estado ps\u00edquico alterado. <\/strong>Adem\u00e1s, el hombre fue denunciado por incumplir la Ley de Seguridad A\u00e9rea.<\/p>\n<p class=\"voc-p\" style=\"\">Tal y como se aprecia en las im\u00e1genes grabadas por algunos testigos, los pasajeros segu\u00edan la escena con preocupaci\u00f3n ante el riesgo de que el hombre pudiera caer desde lo alto de la aeronave, incluso en uno de los v\u00eddeos se escucha a un viajero afirmar que no quer\u00eda \u00abver c\u00f3mo se abre la cabeza\u00bb, mientras otros expresaban su temor a que pudiera ir armado.<\/p>\n<p class=\"voc-p\" style=\"\">Afortunadamente, el incidente no supuso ning\u00fan riesgo ni para el personal del aeropuerto ni para los viajeros, ya que la Guardia Civil se hizo cargo de la situaci\u00f3n en cuesti\u00f3n de minutos. Seg\u00fan precisan, no se produjeron heridos y el hombre<strong> no portaba ning\u00fan tipo de arma.<\/strong><\/p>\n<p><script async src=\"https:\/\/platform.twitter.com\/widgets.js\" charset=\"utf-8\"><\/script><\/p>\n","protected":false},"excerpt":{"rendered":"\ufeff\ufeffEl aeropuerto de la localidad valenciana de Manises vivi\u00f3 este s\u00e1bado por la tarde momentos de tensi\u00f3n despu\u00e9s&hellip;\n","protected":false},"author":2,"featured_media":374548,"comment_status":"","ping_status":"","sticky":false,"template":"","format":"standard","meta":{"footnotes":""},"categories":[8],"tags":[3197,17,18,1563,25,24,13,14,11,366,297,19,20,9,10,15,16,39575,23,7247,18018,12,21,22,235,11266],"class_list":["post-374547","post","type-post","status-publish","format-standard","has-post-thumbnail","category-espana","tag-avion","tag-breaking-news","tag-breakingnews","tag-dos","tag-es","tag-espana","tag-featured-news","tag-featurednews","tag-headlines","tag-hombre","tag-horas","tag-latest-news","tag-latestnews","tag-news","tag-noticias","tag-noticias-destacadas","tag-noticiasdestacadas","tag-retrasa","tag-spain","tag-sube","tag-techo","tag-titulares","tag-ultimas-noticias","tag-ultimasnoticias","tag-valencia","tag-vuelo"],"share_on_mastodon":{"url":"https:\/\/pubeurope.com\/@es\/115999463461016460","error":""},"_links":{"self":[{"href":"https:\/\/www.europesays.com\/es\/wp-json\/wp\/v2\/posts\/374547","targetHints":{"allow":["GET"]}}],"collection":[{"href":"https:\/\/www.europesays.com\/es\/wp-json\/wp\/v2\/posts"}],"about":[{"href":"https:\/\/www.europesays.com\/es\/wp-json\/wp\/v2\/types\/post"}],"author":[{"embeddable":true,"href":"https:\/\/www.europesays.com\/es\/wp-json\/wp\/v2\/users\/2"}],"replies":[{"embeddable":true,"href":"https:\/\/www.europesays.com\/es\/wp-json\/wp\/v2\/comments?post=374547"}],"version-history":[{"count":0,"href":"https:\/\/www.europesays.com\/es\/wp-json\/wp\/v2\/posts\/374547\/revisions"}],"wp:featuredmedia":[{"embeddable":true,"href":"https:\/\/www.europesays.com\/es\/wp-json\/wp\/v2\/media\/374548"}],"wp:attachment":[{"href":"https:\/\/www.europesays.com\/es\/wp-json\/wp\/v2\/media?parent=374547"}],"wp:term":[{"taxonomy":"category","embeddable":true,"href":"https:\/\/www.europesays.com\/es\/wp-json\/wp\/v2\/categories?post=374547"},{"taxonomy":"post_tag","embeddable":true,"href":"https:\/\/www.europesays.com\/es\/wp-json\/wp\/v2\/tags?post=374547"}],"curies":[{"name":"wp","href":"https:\/\/api.w.org\/{rel}","templated":true}]}}