{"id":374737,"date":"2026-02-02T08:22:08","date_gmt":"2026-02-02T08:22:08","guid":{"rendered":"https:\/\/www.europesays.com\/es\/374737\/"},"modified":"2026-02-02T08:22:08","modified_gmt":"2026-02-02T08:22:08","slug":"de-ferrero-a-samuel-lopez-un-alcaraz-mas-paciente-y-alegre","status":"publish","type":"post","link":"https:\/\/www.europesays.com\/es\/374737\/","title":{"rendered":"De Ferrero a Samuel L\u00f3pez, un Alcaraz m\u00e1s paciente y alegre"},"content":{"rendered":"<p style=\"\">Desde aquel 17 de diciembre hasta este 1 de febrero, <strong>Carlos Alcaraz<\/strong> ha soportado rivales, calambres, v\u00f3mitos, partidos de cinco sets, cr\u00edticas, habladur\u00edas, presi\u00f3n medi\u00e1tica, bolas de rotura, errores no forzados. Pero celebra con champ\u00e1n que todo eso ha terminado como \u00e9l quer\u00eda: campe\u00f3n  &#8230; del Abierto de Australia. Qu\u00e9 mejor forma de silenciar todo el ruido que se produjo con su <a href=\"https:\/\/www.abc.es\/deportes\/tenis\/alcaraz-ruptura-ferrero-llena-incognitas-20251217195822-nt.html\" target=\"_blank\" data-voc-vtm-id=\"in-text-traffic\" title=\"ruptura con Juan Carlos Ferrero\" data-mrf-link=\"www.abc.es\" rel=\"nofollow noopener\">ruptura con Juan Carlos Ferrero<\/a>.<\/p>\n<p class=\"voc-p\" style=\"\">Tiene que lo que necesita, con los que \u00e9l ha elegido, y no se esconde en subrayarlo una y otra vez cada vez que alza la voz: \u00abNadie sabe lo que hemos pasado y hemos tenido que trabajar,  lo mucho que he perseguido este momento, lo que hemos aguantado de gente hablando. Este trofeo es tambi\u00e9n vuestro\u00bb, se explay\u00f3 en el discurso de campe\u00f3n. <\/p>\n<p class=\"voc-p\" style=\"\">Qu\u00e9 duda cabe que aprendi\u00f3 todo lo que sabe del compendio de Kiko Navarro y Carlos Santos en sus inicios en Murcia y, sobre todo, de su mentor y principal valedor, un Ferrero que <a href=\"https:\/\/www.abc.es\/deportes\/tenis\/reto-personal-ferrero-alcaraz-anos-20251217195732-nt.html\" target=\"_blank\" data-voc-vtm-id=\"in-text-traffic\" title=\"apost\u00f3 por \u00e9l cuando ten\u00eda 12 a\u00f1os\" data-mrf-link=\"www.abc.es\" rel=\"nofollow noopener\">apost\u00f3 por \u00e9l cuando ten\u00eda 12 a\u00f1os<\/a> y lo condujo a sus mejores resultados. Pero con 22 a\u00f1os, Alcaraz decidi\u00f3 que quer\u00eda otro rumbo, y sin alterar demasiado, opt\u00f3 por dejar en solitario a <strong>Samuel L\u00f3pez<\/strong>, que este domingo cumpl\u00eda 66 a\u00f1os. El mundo del tenis abri\u00f3 los ojos como platos, porque el d\u00fao hab\u00eda cosechado \u00e9xitos magn\u00edficos y todav\u00eda se ten\u00eda la sensaci\u00f3n de que quedaba m\u00e1s. <\/p>\n<p class=\"voc-p\" style=\"\">Pero el murciano apost\u00f3 por el cambio. <strong>Uno sutil, f\u00e1cil, c\u00f3modo, de continuidad<\/strong>. Que todo estaba escrito para este 2026 porque la pretemporada estaba en marcha. Que <a href=\"https:\/\/www.abc.es\/deportes\/tenis\/alcaraz-queda-samuel-lopez-cara-amable-banquillo-20251217030900-nt.html\" target=\"_blank\" data-voc-vtm-id=\"in-text-traffic\" title=\"L\u00f3pez estuvo ah\u00ed desde su llegada a Villena\" data-mrf-link=\"www.abc.es\" rel=\"nofollow noopener\">L\u00f3pez estuvo ah\u00ed desde su llegada a Villena<\/a>, que observaba sus entrenamientos mientras viajaba con Pablo Carre\u00f1o, hasta que empez\u00f3 a acompa\u00f1arlo como segundo de abordo en 2025. Ahora es el capit\u00e1n, pero beben ambos de un pasado com\u00fan muy bien forjado, consolidado. Simplemente, el camino que bifurc\u00f3 en favor de L\u00f3pez, a quien defiende: \u00abAl no haber sido n\u00famero uno, o jugador top, no se le reconoce lo que merece. Me han querido poner muchos tenistas profesionales como principal entrenador, y no me parece justo, porque para m\u00ed <strong>Samuel es de los mejores, si no el mejor entrenador<\/strong> del mundo ahora mismo\u00ab.<\/p>\n<p class=\"voc-p\" style=\"\">Es quien le ha hecho entender mejor las modificaciones que necesitaba su tenis para evolucionar, principal defensor de que el saque deb\u00eda ser m\u00e1s fluido y con el que ha arrasado por momentos en estas dos semanas en Melbourne. Es quien exige en la pista y deja volar fuera. Es quien le da <strong>direcciones y consejos envueltos en bromas<\/strong> y palabras que solo ellos entienden. \u00abSurfea, surfea\u00bb, le indicaba en la tierra del Conde de God\u00f3 ante Arthur Fils; \u00abNon ti preocupare\u00bb, le puede soltar cuando est\u00e1 atascado; \u00abVamos a hacer tortilla\u00bb, le comunica en clave para que sea m\u00e1s valiente; \u00abA los domingueros tambi\u00e9n se lo he visto hacer\u00bb, le vacila tras un golpe ejecutado regular en el partido de semifinales.<\/p>\n<p class=\"voc-p\" style=\"\">Una comunicaci\u00f3n did\u00e1ctica pero distendida que es lo que pretende el alicantino: aportarle a su pupilo la paciencia y la diversi\u00f3n en la que sabe que es donde mejor se mueve el murciano. Es la principal diferencia de este Alcaraz con el de hace apenas un mes y medio, cuando se manejaba bajo las \u00f3rdenes de Ferrero. \u00abEsto es un juego, por eso mi forma de dar una instrucci\u00f3n es m\u00e1s alegre, <strong>quitando importancia, quitando presi\u00f3n<\/strong>\u00ab, para sacar el mejor Alcaraz posible. \u00bbEs un t\u00edo muy gracioso y me hace re\u00edr, que es cuando mejor saco mi tenis. Cuando las cosas no salen bien, Samu est\u00e1 con el l\u00e1tigo para que yo me mantenga positivo y lo siga intentando\u00ab, confirmaba el murciano.<\/p>\n<p>\nPadre, hermano y buen rollo\n<\/p>\n<p class=\"voc-p\" style=\"\">El otro soporte fundamental que ha subido en importancia es la familia. Ah\u00ed est\u00e1 la dedicatoria de Alcaraz <a href=\"https:\/\/www.abc.es\/deportes\/tenis\/alcaraz-aprende-paciente-equipo-necesito-20260127195146-nt.html\" target=\"_blank\" data-voc-vtm-id=\"in-text-traffic\" title=\"hacia su padre tras vencer a De Mi\u00f1aur\" data-mrf-link=\"www.abc.es\" rel=\"nofollow noopener\">hacia su padre tras vencer a De Mi\u00f1aur<\/a>: \u00abEstoy orgulloso y feliz de que mi padre est\u00e9 experimentando todas estas cosas; su sue\u00f1o, que ahora lo est\u00e1 viviendo conmigo\u00bb. Y ese <strong>ascenso que ha tomado  \u00c1lvaro<\/strong>, &#8216;sparring&#8217;, confidente, entrenador, ojeador, animador, pero sobre todo, hermano: \u00abEs una persona muy importante en mi vida, tanto personal como profesionalmente. Conoce c\u00f3mo funcionamos, c\u00f3mo es el circuito, sabe much\u00edsimo. Tiene opiniones que <strong>aportan  mucho tanto a Samu como a m\u00ed<\/strong>. Cosas positivas que necesito para rendir bien en la pista y en los torneos\u00ab.<\/p>\n<p class=\"voc-p\" style=\"\">Tras ganar a Zverev, el de El Palmar pilot\u00f3 el carrito de golf que llev\u00f3 al equipo de vuelta a casa. Antes de la final, Alcaraz se mueve por la zona de jugadores cascos en ristre bailando y bromeando con su equipo, que hasta abofetea medio en broma a Juanjo Moreno, su fisio. Es en estos momentos donde el murciano cimenta sus \u00e9xitos, en este buen rollo con los suyos que lo hacen ser el Alcaraz que quiere ser, un chico de 22 a\u00f1os con un talento descomunal para el tenis y una capacidad de trabajo y superaci\u00f3n excelsa, un campe\u00f3n de siete Grand Slams que no renuncia a vivir acorde con su edad. <\/p>\n<p class=\"voc-p\" style=\"\">\u00abFue una decisi\u00f3n dif\u00edcil para Alcaraz tener que romper con  Ferrero despu\u00e9s de tantos \u00e9xitos. Pero despu\u00e9s de estos 14 d\u00edas, sabemos que la decisi\u00f3n fue la correcta. El viaje contin\u00faa y tiene el tenis a sus pies\u00bb, plasmaba Boris Becker. \u00bfHubiera ganado en Melbourne con Ferrero en su banda? \u00bfQui\u00e9n lo sabe? \u00bfY qu\u00e9 importa ahora?<\/p>\n","protected":false},"excerpt":{"rendered":"Desde aquel 17 de diciembre hasta este 1 de febrero, Carlos Alcaraz ha soportado rivales, calambres, v\u00f3mitos, partidos&hellip;\n","protected":false},"author":2,"featured_media":374738,"comment_status":"","ping_status":"","sticky":false,"template":"","format":"standard","meta":{"footnotes":""},"categories":[93],"tags":[4736,21075,168,25,24,3460,7355,10066,21640,23,167],"class_list":["post-374737","post","type-post","status-publish","format-standard","has-post-thumbnail","category-deportes","tag-alcaraz","tag-alegre","tag-deportes","tag-es","tag-espana","tag-ferrero","tag-lopez","tag-paciente","tag-samuel","tag-spain","tag-sports"],"share_on_mastodon":{"url":"https:\/\/pubeurope.com\/@es\/116000072936962538","error":""},"_links":{"self":[{"href":"https:\/\/www.europesays.com\/es\/wp-json\/wp\/v2\/posts\/374737","targetHints":{"allow":["GET"]}}],"collection":[{"href":"https:\/\/www.europesays.com\/es\/wp-json\/wp\/v2\/posts"}],"about":[{"href":"https:\/\/www.europesays.com\/es\/wp-json\/wp\/v2\/types\/post"}],"author":[{"embeddable":true,"href":"https:\/\/www.europesays.com\/es\/wp-json\/wp\/v2\/users\/2"}],"replies":[{"embeddable":true,"href":"https:\/\/www.europesays.com\/es\/wp-json\/wp\/v2\/comments?post=374737"}],"version-history":[{"count":0,"href":"https:\/\/www.europesays.com\/es\/wp-json\/wp\/v2\/posts\/374737\/revisions"}],"wp:featuredmedia":[{"embeddable":true,"href":"https:\/\/www.europesays.com\/es\/wp-json\/wp\/v2\/media\/374738"}],"wp:attachment":[{"href":"https:\/\/www.europesays.com\/es\/wp-json\/wp\/v2\/media?parent=374737"}],"wp:term":[{"taxonomy":"category","embeddable":true,"href":"https:\/\/www.europesays.com\/es\/wp-json\/wp\/v2\/categories?post=374737"},{"taxonomy":"post_tag","embeddable":true,"href":"https:\/\/www.europesays.com\/es\/wp-json\/wp\/v2\/tags?post=374737"}],"curies":[{"name":"wp","href":"https:\/\/api.w.org\/{rel}","templated":true}]}}