{"id":375142,"date":"2026-02-02T14:07:08","date_gmt":"2026-02-02T14:07:08","guid":{"rendered":"https:\/\/www.europesays.com\/es\/375142\/"},"modified":"2026-02-02T14:07:08","modified_gmt":"2026-02-02T14:07:08","slug":"megaacuerdo-entre-la-nfl-y-el-bernabeu-habra-partidos-en-el-estadio-del-madrid-en-2026-y-2027-el-mundo","status":"publish","type":"post","link":"https:\/\/www.europesays.com\/es\/375142\/","title":{"rendered":"Megaacuerdo entre la NFL y el Bernab\u00e9u: habr\u00e1 partidos en el estadio del Madrid en 2026 y 2027 &#8211; El Mundo"},"content":{"rendered":"<ol>\n<li><a href=\"https:\/\/news.google.com\/rss\/articles\/CBMikwFBVV95cUxPMUJ3SDZRdjRMeU5DMUJPc1RkZHhGaFhUNmI0aG04dlh1QWdCaFh2eldlbjVSS25NeXFmZkV4bER0UU5MaThOYUdOLXhZRm9BWjZzNTc2N3VsbXZKV1dLelp4TlRJczBaRVBNYTcxYXRDdEx5QjNERk0xZFdRNzZMQldhTGFoR1RWSF9Pd3pFOHJ1ZVnSAZMBQVVfeXFMT2FhWVd4NEE4NVZrMEl4R29rUzlPQ2UzTUFPcE1PbWJHUXZwdmJMV3ZLXzFYMXRuRHBCeWc3RUV5UGJ1UVNHSXBqMEFwaHBaWUtBS2lrZ1NfRmh4WGEzZGxDdHFaOW85ZzlCbkY4Wlo2LUlKb2dGdEhiNEQ1NHlZbkxwNXJwQTl2VnhNeTZ2VzU0YVJz?oc=5\" target=\"_blank\" rel=\"nofollow noopener\">Megaacuerdo entre la NFL y el Bernab\u00e9u: habr\u00e1 partidos en el estadio del Madrid en 2026 y 2027<\/a>&nbsp;&nbsp;El Mundo<\/li>\n<li><a href=\"https:\/\/news.google.com\/rss\/articles\/CBMieEFVX3lxTE5mLS1pcFAwdS1za3NwRUVGS2VBOERKYmtKVmR2cEdRU09nTU5sLU95WTIxWVpBSV9PLWc4eVI5QkZNT2pOVk9lc2FDUFVtbjBNMFpDbWlpb2J5T0t5cXRPZWpUdG5ZbDFrdFdQaG1OOXFHNnBpaF9odw?oc=5\" target=\"_blank\" rel=\"nofollow noopener\">Confirmado: la NFL regresa al Bernab\u00e9u<\/a>&nbsp;&nbsp;MARCA<\/li>\n<li><a href=\"https:\/\/news.google.com\/rss\/articles\/CBMirgFBVV95cUxQSGdMdXRNcUJFU0NkQm93Ym5RTFlPOFRBNGkxdldHMUlmVTg1U0xSM1pLVldVTzJ6TjAxRkM4RGNBeVF4dHVOSi0tV2d3Q3gzdWdHV3dkc2habjVqRmZoSEQ3NVA3NHQxNnpUV0xZWm1CUFl1N3pVaVNjQWNWdENYRVNITm02ZG5rTmFKVlEtZ0hMZHRMdkJzWTVIVTQtRlp1TXVnSk5UQnhWYUxCQnc?oc=5\" target=\"_blank\" rel=\"nofollow noopener\">La NFL volver\u00e1 al Bernab\u00e9u con un partido este a\u00f1o y otro en 2027<\/a>&nbsp;&nbsp;EL PA\u00cdS<\/li>\n<li><a href=\"https:\/\/news.google.com\/rss\/articles\/CBMitANBVV95cUxOSXZQTTdZSzJ5OWRNSlM2eHF3YzhpUi1WbXNqY1JqdWlNUTdzekFCX2Z4ZklLZmhqR2FpNU1fVE14UG9helJGMmE5eWl5dU1iOHlWWGt2Q1VHS2o3RzBHbDRibFVicWlJcEpkSHhVWlhseE9nUTVSdzI5UzNQekpnOEllOVpQcWFPcDNWSUZhR0ZhcWxzSEJJbHQ4SHVlQWNHMlZSR2VudHdOd1E4MjNXaU1HazA0M2JvS3JuanBNaWtzY0xjRF9ZRUdvNU1QQ1czSjRna0lMZjdxdmdPMHJMZm84Z2RXeDNHWGxJbnZHcWRBSVZKdFM2dnZrRmtpSW1iR2hWUnhmODlfTldiQldvRTVfVFlzenZqUVBFY0pPVFc1YU10QnpTLVJVVkNFNUlLMUZYdGFBdGZwQjZsWWZSZ1JwVHVjZGhpc0U4OFhNV1c0TFlHOGxCZU55NGlzbmNEM296TExpXzZpUElmTlJvSzVMRFJfNUVlOF8wMXZ5NDdqd1l5TzhwSEU3dUotWF9GTjdlUXV2Z0o0aS10YUNVZnp3RUN3Q2VSOFZ6S25mU1pMckxR?oc=5\" target=\"_blank\" rel=\"nofollow noopener\">Almeida participa en la presentaci\u00f3n del nuevo partido de la NFL que se disputar\u00e1 en Madrid en 2026<\/a>&nbsp;&nbsp;Ayuntamiento de Madrid<\/li>\n<li><a href=\"https:\/\/news.google.com\/rss\/articles\/CBMijgFBVV95cUxQWDVpZXZZUG5tcTEzczRTRkpuVzJnWWNqSVpVTlJZWl9nX1MyQk5kMm5vNVdCc1kxbHpNZXpUMWZzeFdVVzFKNFl3enRwZFliMVpHb2RZTHBjbkRqd2dTLTBzM3A4bjBZTXBmSVpZOC1sUDYwRm9RNTVMNGxubjVhQlJLRGdQX3hUaFNkaktR?oc=5\" target=\"_blank\" rel=\"nofollow noopener\">Oficial: la NFL vuelve al Bernab\u00e9u en 2026<\/a>&nbsp;&nbsp;Diario AS<\/li>\n<\/ol>\n","protected":false},"excerpt":{"rendered":"Megaacuerdo entre la NFL y el Bernab\u00e9u: habr\u00e1 partidos en el estadio del Madrid en 2026 y 2027&nbsp;&nbsp;El&hellip;\n","protected":false},"author":2,"featured_media":375143,"comment_status":"","ping_status":"","sticky":false,"template":"","format":"standard","meta":{"footnotes":""},"categories":[93],"tags":[168,82606,25,24,24865,59036,11268,3048,23,167],"class_list":["post-375142","post","type-post","status-publish","format-standard","has-post-thumbnail","category-deportes","tag-deportes","tag-deportes-futbol-americano","tag-es","tag-espana","tag-estadio-santiago-bernabeu","tag-futbol-americano","tag-nfl","tag-real-madrid","tag-spain","tag-sports"],"share_on_mastodon":{"url":"https:\/\/pubeurope.com\/@es\/116001429536223561","error":""},"_links":{"self":[{"href":"https:\/\/www.europesays.com\/es\/wp-json\/wp\/v2\/posts\/375142","targetHints":{"allow":["GET"]}}],"collection":[{"href":"https:\/\/www.europesays.com\/es\/wp-json\/wp\/v2\/posts"}],"about":[{"href":"https:\/\/www.europesays.com\/es\/wp-json\/wp\/v2\/types\/post"}],"author":[{"embeddable":true,"href":"https:\/\/www.europesays.com\/es\/wp-json\/wp\/v2\/users\/2"}],"replies":[{"embeddable":true,"href":"https:\/\/www.europesays.com\/es\/wp-json\/wp\/v2\/comments?post=375142"}],"version-history":[{"count":0,"href":"https:\/\/www.europesays.com\/es\/wp-json\/wp\/v2\/posts\/375142\/revisions"}],"wp:featuredmedia":[{"embeddable":true,"href":"https:\/\/www.europesays.com\/es\/wp-json\/wp\/v2\/media\/375143"}],"wp:attachment":[{"href":"https:\/\/www.europesays.com\/es\/wp-json\/wp\/v2\/media?parent=375142"}],"wp:term":[{"taxonomy":"category","embeddable":true,"href":"https:\/\/www.europesays.com\/es\/wp-json\/wp\/v2\/categories?post=375142"},{"taxonomy":"post_tag","embeddable":true,"href":"https:\/\/www.europesays.com\/es\/wp-json\/wp\/v2\/tags?post=375142"}],"curies":[{"name":"wp","href":"https:\/\/api.w.org\/{rel}","templated":true}]}}