{"id":375364,"date":"2026-02-02T17:04:09","date_gmt":"2026-02-02T17:04:09","guid":{"rendered":"https:\/\/www.europesays.com\/es\/375364\/"},"modified":"2026-02-02T17:04:09","modified_gmt":"2026-02-02T17:04:09","slug":"un-jugador-de-futbol-sufre-un-colapso-y-cae-desplomado-en-pleno-partido","status":"publish","type":"post","link":"https:\/\/www.europesays.com\/es\/375364\/","title":{"rendered":"un jugador de f\u00fatbol sufre un colapso y cae desplomado en pleno partido"},"content":{"rendered":"<p class=\"paragraph\">Tremendo susto en el campo del Actur Pablo Iglesias de Zaragoza. El jugador del equipo de Regional Preferente del club Manu Osa cay\u00f3 desplomado este domingo, en el tiempo de descuento del partido que enfrentaba a su equipo con el Ajax de Juslibol. <b>El futbolista sufri\u00f3 un colapso que oblig\u00f3 a suspender el partido<\/b>, fue reanimado sobre el propio c\u00e9sped y trasladado de urgencia al hospital Miguel Servet, donde se recupera adecuadamente.<\/p>\n<p class=\"paragraph\">Fue en el minuto 92 de partido. Manu Osa, sin que el bal\u00f3n estuviera cerca, cay\u00f3 desplomado hacia adelante, en una posici\u00f3n antinatural, en un claro signo de que hab\u00eda sufrido al menos un desvanecimiento. <b>De inmediato sus compa\u00f1eros y miembros del banquillo saltaron al c\u00e9sped para ver qu\u00e9 le ocurr\u00eda.<\/b><\/p>\n<p class=\"paragraph\">Afortunadamente, pudo ser atendido por un jugador del equipo rival que estaba sin convocar y que es sanitario de profesi\u00f3n. <b>\u201cVieron que se hab\u00eda quedado sin conocimiento, pero que respiraba y ten\u00eda pulso\u201d<\/b>, cuenta Kike Bened\u00ed, director deportivo del Actur Pablo Iglesias, que de inmediato llam\u00f3 al 112.<\/p>\n<p class=\"paragraph\">A la espera de que llegara, los sanitarios que estaban en el campo se acercaron hasta donde estaba le hicieron maniobras para que volviera en s\u00ed, y funcionaron. El jugador lleg\u00f3 a decir que le dol\u00eda la cabeza, pero de pronto perdi\u00f3 de nuevo el conocimiento y adem\u00e1s, en este caso, tambi\u00e9n la respiraci\u00f3n. El presidente del API <b>sali\u00f3 corriendo a por un Desfibrilador Externo Semiautom\u00e1tico (DESA)<\/b>. No se lleg\u00f3 a usar, ya que las maniobras que le aplicaron permitieron que recuperara el aliento.<\/p>\n<p class=\"paragraph\">La ambulancia, una UVI m\u00f3vil, lleg\u00f3 al poco tiempo con un m\u00e9dico. Le hicieron dos electrocardiogramas en el sitio y determinaron que hab\u00eda sufrido un colapso. Se lo llevaron al Servet, donde <b>ha pasado buena noche y se recupera adecuadamente.<\/b><\/p>\n<p class=\"paragraph\">Sobre las causas del colapso, y a falta de una confirmaci\u00f3n total, el presidente sospecha que puede deberse a un golpe en la cabeza que sufri\u00f3 en la cabeza unos minutos antes, como \u00e9l mismo le ha transmitido en las \u00faltimas horas, y no cree que se trate de unas dolencias o enfermedad previa. No obstante, tomar\u00e1n las precauciones adecuadas con las pruebas pertinentes.<\/p>\n<p class=\"paragraph\">El incidente pone de relieve la importancia de tomar medidas ante casos as\u00ed. <b>\u201cEstas cosas pasan en el deporte de alto rendimiento, y tenemos que estar todos listos con el material y la preparaci\u00f3n de adecuada de nuestra gente\u201d<\/b>, se\u00f1ala Kike Bened\u00ed.<\/p>\n<p class=\"paragraph\">Aunque en este caso es lo de menos, el partido qued\u00f3 suspendido en el minuto 92 con 0-1 para el equipo visitante, pero no va a ser reanudado y acabar\u00e1 con victoria del Ajax de Juslibol, a quien el API agradece su gran comportamiento y disposici\u00f3n con el incidente.<\/p>\n","protected":false},"excerpt":{"rendered":"Tremendo susto en el campo del Actur Pablo Iglesias de Zaragoza. El jugador del equipo de Regional Preferente&hellip;\n","protected":false},"author":2,"featured_media":375365,"comment_status":"","ping_status":"","sticky":false,"template":"","format":"standard","meta":{"footnotes":""},"categories":[268],"tags":[33150,168,82634,25,24,280,282,1045,281,23,167,18058,491],"class_list":["post-375364","post","type-post","status-publish","format-standard","has-post-thumbnail","category-futbol","tag-colapso","tag-deportes","tag-desplomado","tag-es","tag-espana","tag-football","tag-futbol","tag-partido","tag-soccer","tag-spain","tag-sports","tag-tremendo","tag-zaragoza"],"share_on_mastodon":{"url":"https:\/\/pubeurope.com\/@es\/116002125605419321","error":""},"_links":{"self":[{"href":"https:\/\/www.europesays.com\/es\/wp-json\/wp\/v2\/posts\/375364","targetHints":{"allow":["GET"]}}],"collection":[{"href":"https:\/\/www.europesays.com\/es\/wp-json\/wp\/v2\/posts"}],"about":[{"href":"https:\/\/www.europesays.com\/es\/wp-json\/wp\/v2\/types\/post"}],"author":[{"embeddable":true,"href":"https:\/\/www.europesays.com\/es\/wp-json\/wp\/v2\/users\/2"}],"replies":[{"embeddable":true,"href":"https:\/\/www.europesays.com\/es\/wp-json\/wp\/v2\/comments?post=375364"}],"version-history":[{"count":0,"href":"https:\/\/www.europesays.com\/es\/wp-json\/wp\/v2\/posts\/375364\/revisions"}],"wp:featuredmedia":[{"embeddable":true,"href":"https:\/\/www.europesays.com\/es\/wp-json\/wp\/v2\/media\/375365"}],"wp:attachment":[{"href":"https:\/\/www.europesays.com\/es\/wp-json\/wp\/v2\/media?parent=375364"}],"wp:term":[{"taxonomy":"category","embeddable":true,"href":"https:\/\/www.europesays.com\/es\/wp-json\/wp\/v2\/categories?post=375364"},{"taxonomy":"post_tag","embeddable":true,"href":"https:\/\/www.europesays.com\/es\/wp-json\/wp\/v2\/tags?post=375364"}],"curies":[{"name":"wp","href":"https:\/\/api.w.org\/{rel}","templated":true}]}}