{"id":375368,"date":"2026-02-02T17:08:09","date_gmt":"2026-02-02T17:08:09","guid":{"rendered":"https:\/\/www.europesays.com\/es\/375368\/"},"modified":"2026-02-02T17:08:09","modified_gmt":"2026-02-02T17:08:09","slug":"no-me-gusta-como-te-han-dejado-el-programa","status":"publish","type":"post","link":"https:\/\/www.europesays.com\/es\/375368\/","title":{"rendered":"No me gusta c\u00f3mo te han dejado el programa"},"content":{"rendered":"<p class=\"article-text\">\n        <strong>M\u00e1ximo Huerta<\/strong> se coloc\u00f3 involuntariamente en el centro del hurac\u00e1n tras abandonar su puesto como colaborador en<strong> <\/strong><strong>El programa de AR<\/strong>. Para sorpresa de los espectadores, el escritor ha tomado asiento en el espacio matinal de <strong>Telecinco <\/strong>este lunes, 2 de febrero, protagonizando una entrevista enmarcada en la promoci\u00f3n de su libro. La conversaci\u00f3n ha derivado en un inesperado ofrecimiento por parte de <strong>Ana Rosa Quintana<\/strong>: \u201c\u00bfCu\u00e1ndo acabas? Te lo digo para que vuelvas a casa por Navidad\u201d.\n    <\/p>\n<p>    <a href=\"https:\/\/www.eldiario.es\/vertele\/noticias\/karmele-marchante-entrevista-de-viernes-vuelve-telecinco-criticas-salvame_1_12952375.html\" data-mrf-recirculation=\"saber-mas\" data-dl-event=\"saber-mas\" rel=\"nofollow noopener\" target=\"_blank\"><\/p>\n<p class=\"know-more__title\">Karmele volvi\u00f3 a Telecinco 10 a\u00f1os despu\u00e9s de abandonar &#8216;S\u00e1lvame&#8217;: \u00abDesarroll\u00f3 una mara\u00f1a muy cruel\u00bb<\/p>\n<p>            <img decoding=\"async\" class=\"lazy\" loading=\"lazy\" data-src=\"https:\/\/static.eldiario.es\/clip\/9e5b32c9-4521-4489-ac9c-2ca5fbffb8c2_16-9-aspect-ratio_default_0.jpg\" src=\"data:image\/svg+xml,%3Csvg xmlns=\" http:=\"\" viewbox=\"0 0 880 495\" alt=\"Karmele volvi\u00f3 a Telecinco 10 a\u00f1os despu\u00e9s de abandonar 'S\u00e1lvame': &quot;Desarroll\u00f3 una mara\u00f1a muy cruel&quot;\"\/><\/p>\n<p>                        <\/a><\/p>\n<p class=\"article-text\">\n        Las ma\u00f1anas del canal <a href=\"https:\/\/www.eldiario.es\/vertele\/noticias\/mananas-telecinco-el-precio-justo-nuevos-horarios-recorte-ana-rosa-baile-colaboradores_1_12914247.html\" target=\"_blank\" data-mrf-recirculation=\"links-noticia\" class=\"link\" rel=\"nofollow noopener\">sufrieron su particular revoluci\u00f3n<\/a> el pasado mes de enero ante el regreso de El precio justo, provocando un cambio de programaci\u00f3n en la disposici\u00f3n en parrillas de los magacines de<strong> Unicorn Content<\/strong>. Como confirmaron fuentes de Mediaset a verTele entonces,<strong> <\/strong><strong>El programa de Ana Rosa<\/strong> pas\u00f3 a emitirse entre las 09:00 y las 12:30 horas. El estreno esta estrategia confirm\u00f3 la reconfiguraci\u00f3n del espacio, eliminando la secci\u00f3n dedicada espec\u00edficamente a la cr\u00f3nica social.\n    <\/p>\n<p class=\"article-text\">\n        Esta estrategia coincidi\u00f3 en el tiempo con la decisi\u00f3n de Huerta, quien \u201cdejaba su trabajo como colaborador para <strong>dedicarse por completo a la promoci\u00f3n<\/strong>\u201d \u2014como se ha destacado en su regreso\u2014 de su \u00faltimo libro publicado: <strong>Mam\u00e1 est\u00e1 dormida<\/strong>. El excolaborador ha tomado asiento frente a Quintana, donde ambos han evidenciado el cari\u00f1o mutuo que se profesan. Despu\u00e9s de enumerar las ciudades en las que firmar\u00e1 libros, la presentadora se ha hecho con el turno de palabra: \u201c<strong>\u00bfY cu\u00e1ndo acabas?<\/strong>\u201d.\n    <\/p>\n<p class=\"article-text\">\n        A continuaci\u00f3n, ha respondido con un escueto \u201cyo qu\u00e9 s\u00e9\u201d, motivando que su interlocutora contextualizase el porqu\u00e9 de la cuesti\u00f3n planteada: \u201c<strong>No, te lo digo para que vuelvas a casa por Navidad<\/strong>\u201d. Sin dudarlo, M\u00e1ximo Huerta se ha pronunciado con sinceridad: \u201cPues no lo s\u00e9, pero es que ahora te han cortado esto\u2026 <strong>No me gusta c\u00f3mo te han dejado el programa<\/strong>. Esto cambia mucho\u201d, asegur\u00f3, tirando de humor al instante para no generar malentendidos: \u201c\u00a1Hazte un decreto como Irene y como Pedro!\u201d.\n    <\/p>\n<p class=\"article-text\">\n        Entre risas, la periodista ha reaccionado al comentario: \u201cTodo el mundo cree que mando mucho, y <strong>yo no mando absolutamente nada<\/strong>. Soy una mandada. Despu\u00e9s de que Huerta intentase reflexionar sobre la autoridad de Quintana, la presentadora ha aprovechado para dejar ver su punto de vista sobre las decisiones de Mediaset: \u201dDesde luego, en la cadena,<strong> f\u00edjate si mando que estamos viendo lo que estamos viendo\u2026<\/strong>\u201c.\n    <\/p>\n<p>    M\u00e1ximo Huerta, sobre la decisi\u00f3n de pausar sus colaboraciones en TV<\/p>\n<p class=\"article-text\">\n        En una entrevista reciente publicada en <a href=\"https:\/\/www.semana.es\/corazon\/maximo-huerta-comparte-su-vida-su-nueva-novela-he-llorado-mucho-escribiendola_2810008\" target=\"_blank\" data-mrf-recirculation=\"links-noticia\" class=\"link\" rel=\"nofollow noopener\">Semana<\/a>, M\u00e1ximo Huerta abord\u00f3 su decisi\u00f3n de centrarse en la promoci\u00f3n de su libro y apartarse de la televisi\u00f3n: \u201c<strong>Me ofrecieron estar en la mesa pol\u00edtica, pero no quise<\/strong>\u201d, asegur\u00f3, insistiendo en que se produjeron cambios: \u201cHan recortado la secci\u00f3n\u201d. Unicorn Content, productora de El programa de AR, mantiene las puertas abiertas al excolaborador para reincorporarse en cualquier momento, tal y como se ha podido ver en directo.\n    <\/p>\n<p>    <a href=\"https:\/\/www.eldiario.es\/vertele\/noticias\/anita-williams-explica-gh-duo-accidente-operacion-mano-no-pudieron-coser_1_12955101.html\" data-mrf-recirculation=\"saber-mas-abajo\" data-dl-event=\"saber-mas-abajo\" rel=\"nofollow noopener\" target=\"_blank\"><\/p>\n<p class=\"know-more__title\">Anita Williams explica en &#8216;GH D\u00fao&#8217; c\u00f3mo fue el accidente y la posterior operaci\u00f3n de su mano: \u201cNo me pudieron coser\u201d<\/p>\n<p>            <img decoding=\"async\" class=\"lazy\" loading=\"lazy\" data-src=\"https:\/\/static.eldiario.es\/clip\/b9475b17-2f08-4384-873d-d19226a94754_16-9-aspect-ratio_default_0.jpg\" src=\"data:image\/svg+xml,%3Csvg xmlns=\" http:=\"\" viewbox=\"0 0 880 495\" alt=\"Anita Williams explica en 'GH D\u00fao' c\u00f3mo fue el accidente y la posterior operaci\u00f3n de su mano: &quot;No me pudieron coser&quot;\"\/><\/p>\n<p>                        <\/a><\/p>\n<p class=\"article-text\">\n        Conviene recordar que &#8216;<strong>El apertivo<\/strong>&#8216;, como se denominaba al tramo dedicado al coraz\u00f3n, sali\u00f3 de la escaleta del matinal ante la reestructuraci\u00f3n de las ma\u00f1anas en Telecinco, como inform\u00f3 el perfil Poco Pasa TV. La mayor\u00eda de colaboradores pasaron a otros magacines de la compa\u00f1\u00eda, con la cr\u00f3nica social apoder\u00e1ndose de <strong>Vamos a ver<\/strong>, espacio que <strong>Patricia Pardo<\/strong> presenta entre las 12:30 y las 13:45 horas.\n    <\/p>\n","protected":false},"excerpt":{"rendered":"M\u00e1ximo Huerta se coloc\u00f3 involuntariamente en el centro del hurac\u00e1n tras abandonar su puesto como colaborador en El&hellip;\n","protected":false},"author":2,"featured_media":375369,"comment_status":"","ping_status":"","sticky":false,"template":"","format":"standard","meta":{"footnotes":""},"categories":[171],"tags":[683,2835,146,147,25,24,9647,3575,38851,5137,689,2145,2465,9474,23,692,214,1357],"class_list":["post-375368","post","type-post","status-publish","format-standard","has-post-thumbnail","category-tv","tag-ana","tag-dejado","tag-entertainment","tag-entretenimiento","tag-es","tag-espana","tag-gusta","tag-han","tag-huerta","tag-maximo","tag-no","tag-programa","tag-rosa","tag-sincera","tag-spain","tag-telecinco","tag-tv","tag-vuelta"],"share_on_mastodon":{"url":"https:\/\/pubeurope.com\/@es\/116002141287809614","error":""},"_links":{"self":[{"href":"https:\/\/www.europesays.com\/es\/wp-json\/wp\/v2\/posts\/375368","targetHints":{"allow":["GET"]}}],"collection":[{"href":"https:\/\/www.europesays.com\/es\/wp-json\/wp\/v2\/posts"}],"about":[{"href":"https:\/\/www.europesays.com\/es\/wp-json\/wp\/v2\/types\/post"}],"author":[{"embeddable":true,"href":"https:\/\/www.europesays.com\/es\/wp-json\/wp\/v2\/users\/2"}],"replies":[{"embeddable":true,"href":"https:\/\/www.europesays.com\/es\/wp-json\/wp\/v2\/comments?post=375368"}],"version-history":[{"count":0,"href":"https:\/\/www.europesays.com\/es\/wp-json\/wp\/v2\/posts\/375368\/revisions"}],"wp:featuredmedia":[{"embeddable":true,"href":"https:\/\/www.europesays.com\/es\/wp-json\/wp\/v2\/media\/375369"}],"wp:attachment":[{"href":"https:\/\/www.europesays.com\/es\/wp-json\/wp\/v2\/media?parent=375368"}],"wp:term":[{"taxonomy":"category","embeddable":true,"href":"https:\/\/www.europesays.com\/es\/wp-json\/wp\/v2\/categories?post=375368"},{"taxonomy":"post_tag","embeddable":true,"href":"https:\/\/www.europesays.com\/es\/wp-json\/wp\/v2\/tags?post=375368"}],"curies":[{"name":"wp","href":"https:\/\/api.w.org\/{rel}","templated":true}]}}