{"id":375494,"date":"2026-02-02T18:37:11","date_gmt":"2026-02-02T18:37:11","guid":{"rendered":"https:\/\/www.europesays.com\/es\/375494\/"},"modified":"2026-02-02T18:37:11","modified_gmt":"2026-02-02T18:37:11","slug":"carlos-baute-santiago-praza-obradoiro","status":"publish","type":"post","link":"https:\/\/www.europesays.com\/es\/375494\/","title":{"rendered":"CARLOS BAUTE SANTIAGO PRAZA OBRADOIRO"},"content":{"rendered":"<p class=\"ft-text\">Cada vez son m\u00e1s las figuras reconocidas del panorama nacional e internacional que eligen <a class=\"ft-link ft-link--decoration\" href=\"https:\/\/www.elcorreogallego.es\/tags\/santiago\/\" target=\"_blank\" rel=\"nofollow noopener\"><strong>Santiago<\/strong><\/a> como un destino de de paseo y de relax. <strong>Influencers, cantantes, m\u00fasicos, actores, pol\u00edticos e incluso\u00a0<\/strong><a href=\"https:\/\/www.elcorreogallego.es\/santiago\/2024\/07\/22\/estrella-ufc-jiri-prochazka-termina-camino-105943039.html\" class=\"ft-link ft-link--decoration\" rel=\"nofollow noopener\" target=\"_blank\"><strong>deportistas de \u00e9lite<\/strong><\/a>, la capital gallega atrae a personajes de todos los \u00e1mbitos.<\/p>\n<p class=\"ft-text\">Muchos de ellos llegan atra\u00eddos por el <a class=\"ft-link ft-link--decoration\" href=\"https:\/\/www.elcorreogallego.es\/santiago\/2026\/02\/01\/temporales-golpean-camino-cae-dato-126309533.html\" target=\"_blank\" rel=\"nofollow noopener\"><strong>Camino de Santiago<\/strong><\/a>, mientras que otros optan por una visita m\u00e1s relajada, sin afrontar las exigencias de la ruta, pero disfrutando igualmente de la capital gallega y, en especial, de la <a class=\"ft-link ft-link--decoration\" href=\"https:\/\/www.elcorreogallego.es\/tags\/catedral-de-santiago\/\" target=\"_blank\" rel=\"nofollow noopener\"><strong>Catedral<\/strong><\/a>.<\/p>\n<p class=\"ft-text\">La \u00faltima figura conocida en dejarse ver por las calles compostelanas ha sido el cantante venezolano <strong>Carlos Baute<\/strong>, que ha sorprendido a sus fans con una <strong>actuaci\u00f3n improvisada en pleno casco hist\u00f3rico<\/strong>.<\/p>\n<p><img decoding=\"async\" src=\"https:\/\/www.europesays.com\/es\/wp-content\/uploads\/2026\/02\/2b3ebc22-ea24-4777-88bf-7fb7ca2dbb64_alta-libre-aspect-ratio_default_0_x600y676.jpg\" width=\"1200\" height=\"2028\" alt=\"Carlos Baute en el Obradoiro\" class=\"ft-helper-img-rd\" loading=\"lazy\"\/><\/p>\n<p class=\"ft-helper-fontColor-quaternary ft-helper-fontSize-body-S ft-helper-spacer-t-xxs\">Carlos Baute en el Obradoiro  \/ Instagram<\/p>\n<p>Carlos Baute en Santiago<\/p>\n<p class=\"ft-text\">El artista comparti\u00f3 en sus redes sociales un v\u00eddeo en el que aparece cantando y bailando uno de sus temas m\u00e1s recientes &#8216;<strong>\u00bfQui\u00e9n mejor que t\u00fa?<\/strong>&#8216;.<\/p>\n<p class=\"ft-text\">\u00ab<strong>Si la vida fuera una canci\u00f3n, \u00bfcu\u00e1l ser\u00eda la tuya?<\/strong>\u00ab, escribi\u00f3 Baute junto a la publicaci\u00f3n, que r\u00e1pidamente llam\u00f3 la atenci\u00f3n de sus miles de fans.<\/p>\n<p class=\"ft-text\">Sin embargo, lo que m\u00e1s llam\u00f3 la atenci\u00f3n, especialmente entre el p\u00fablico gallego, es el <strong>lugar elegido para grabar el v\u00eddeo<\/strong>: la <a class=\"ft-link ft-link--decoration\" href=\"https:\/\/www.elcorreogallego.es\/tags\/praza-do-obradoiro\/\" target=\"_blank\" rel=\"nofollow noopener\"><strong>Praza do Obradoiro<\/strong><\/a>, con la Catedral de fondo.<\/p>\n<p class=\"ft-text\">Esta no es la primera vez que Carlos Baute visita <a class=\"ft-link ft-link--decoration\" href=\"https:\/\/www.elcorreogallego.es\/tags\/galicia\/\" target=\"_blank\" rel=\"nofollow noopener\"><strong>Galicia<\/strong><\/a> fuera de los escenarios para disfrutar de su tiempo libre. El cantante mantiene un <strong>v\u00ednculo especial con la comunidad<\/strong>, ya que cuenta con ra\u00edces gallegas por parte de su abuela, nacida en <a class=\"ft-link ft-link--decoration\" href=\"https:\/\/www.elcorreogallego.es\/tags\/o-carballino\/\" target=\"_blank\" rel=\"nofollow noopener\"><strong>O Carballi\u00f1o<\/strong><\/a> y que emigr\u00f3 posteriormente a Venezuela<\/p>\n","protected":false},"excerpt":{"rendered":"Cada vez son m\u00e1s las figuras reconocidas del panorama nacional e internacional que eligen Santiago como un destino&hellip;\n","protected":false},"author":2,"featured_media":375495,"comment_status":"","ping_status":"","sticky":false,"template":"","format":"standard","meta":{"footnotes":""},"categories":[174],"tags":[74768,415,74822,62948,255,146,147,25,24,256,10281,82659,82660,2450,23,2338],"class_list":["post-375494","post","type-post","status-publish","format-standard","has-post-thumbnail","category-famosos","tag-baute","tag-carlos","tag-carlos-baute","tag-catedral-de-santiago","tag-celebrities","tag-entertainment","tag-entretenimiento","tag-es","tag-espana","tag-famosos","tag-obradoiro","tag-praza","tag-praza-do-obradoiro","tag-santiago","tag-spain","tag-video"],"share_on_mastodon":{"url":"https:\/\/pubeurope.com\/@es\/116002491327482776","error":""},"_links":{"self":[{"href":"https:\/\/www.europesays.com\/es\/wp-json\/wp\/v2\/posts\/375494","targetHints":{"allow":["GET"]}}],"collection":[{"href":"https:\/\/www.europesays.com\/es\/wp-json\/wp\/v2\/posts"}],"about":[{"href":"https:\/\/www.europesays.com\/es\/wp-json\/wp\/v2\/types\/post"}],"author":[{"embeddable":true,"href":"https:\/\/www.europesays.com\/es\/wp-json\/wp\/v2\/users\/2"}],"replies":[{"embeddable":true,"href":"https:\/\/www.europesays.com\/es\/wp-json\/wp\/v2\/comments?post=375494"}],"version-history":[{"count":0,"href":"https:\/\/www.europesays.com\/es\/wp-json\/wp\/v2\/posts\/375494\/revisions"}],"wp:featuredmedia":[{"embeddable":true,"href":"https:\/\/www.europesays.com\/es\/wp-json\/wp\/v2\/media\/375495"}],"wp:attachment":[{"href":"https:\/\/www.europesays.com\/es\/wp-json\/wp\/v2\/media?parent=375494"}],"wp:term":[{"taxonomy":"category","embeddable":true,"href":"https:\/\/www.europesays.com\/es\/wp-json\/wp\/v2\/categories?post=375494"},{"taxonomy":"post_tag","embeddable":true,"href":"https:\/\/www.europesays.com\/es\/wp-json\/wp\/v2\/tags?post=375494"}],"curies":[{"name":"wp","href":"https:\/\/api.w.org\/{rel}","templated":true}]}}