{"id":375653,"date":"2026-02-02T20:31:08","date_gmt":"2026-02-02T20:31:08","guid":{"rendered":"https:\/\/www.europesays.com\/es\/375653\/"},"modified":"2026-02-02T20:31:08","modified_gmt":"2026-02-02T20:31:08","slug":"el-mallorca-se-une-al-interes-por-bakambu-que-sigue-reacio-a-salir-del-betis","status":"publish","type":"post","link":"https:\/\/www.europesays.com\/es\/375653\/","title":{"rendered":"El Mallorca se une al inter\u00e9s por Bakambu, que sigue reacio a salir del Betis"},"content":{"rendered":"<p style=\"\">El <strong>Betis<\/strong> ha recibido el inter\u00e9s del <strong>Mallorca<\/strong> en hacerse con los servicios de Cedric <strong>Bakambu<\/strong> hasta el final de la temporada pero el delantero congole\u00f1o sigue firme en su decisi\u00f3n de no dejar Heli\u00f3polis hasta el final de la temporada. Los  &#8230; responsables del club verdiblanco est\u00e1n reunidos en la ciudad deportiva Luis del Sol tratando todos los temas de esta tarde finald el mercado de fichajes a la espera de poder tramitar alguna salida, con Bakambu como preferencia, para poder rematar el dise\u00f1o de la plantilla de cara a lo que resta del curso.<\/p>\n<p class=\"voc-p\" style=\"\">As\u00ed, el Mallorca, como ha publicado el diario \u00daltima Hora, se ha unido a los clubes que han mostrado inter\u00e9s por Bakambu como <strong>Oviedo, Alav\u00e9s y Genoa<\/strong>, que han seguido apretando en los d\u00edas finales pero todos han visto c\u00f3mo el jugador se ha ido negando a salir del club b\u00e9tico.<\/p>\n<p class=\"voc-p\" style=\"\">El caso es que Bakambu se\u00f1ala a sus problemas familiares al estar su mujer embarazada para no irse de Sevilla y eso lo ha mantenido en la reuni\u00f3n en la que ha participado con gente de su entorno y los responsables del club verdiblanco en la ciudad deportiva.<\/p>\n<p class=\"voc-p\" style=\"\">Las propuestas de los clubes que quieren a Bakambu han ido subiendo en t\u00e9rminos econ\u00f3micos y algunas, como la de Arabia Saud\u00ed, incrementan en una cantidad notable su salario. El caso es que el jugador, a las puertas del Mundial y concluyendo su contrato el pr\u00f3ximo 30 de junio, tambi\u00e9n sabe que est\u00e1 ante un paso clave en lo que le queda de su carrera deportiva, ya dilatada a sus 34 a\u00f1os.<\/p>\n","protected":false},"excerpt":{"rendered":"El Betis ha recibido el inter\u00e9s del Mallorca en hacerse con los servicios de Cedric Bakambu hasta el&hellip;\n","protected":false},"author":2,"featured_media":375654,"comment_status":"","ping_status":"","sticky":false,"template":"","format":"standard","meta":{"footnotes":""},"categories":[268],"tags":[36138,291,168,25,24,280,282,9478,2457,82684,16427,1262,281,23,167,14874],"class_list":["post-375653","post","type-post","status-publish","format-standard","has-post-thumbnail","category-futbol","tag-bakambu","tag-betis","tag-deportes","tag-es","tag-espana","tag-football","tag-futbol","tag-interes","tag-mallorca","tag-reacio","tag-salir","tag-sigue","tag-soccer","tag-spain","tag-sports","tag-une"],"share_on_mastodon":{"url":"https:\/\/pubeurope.com\/@es\/116002939426504073","error":""},"_links":{"self":[{"href":"https:\/\/www.europesays.com\/es\/wp-json\/wp\/v2\/posts\/375653","targetHints":{"allow":["GET"]}}],"collection":[{"href":"https:\/\/www.europesays.com\/es\/wp-json\/wp\/v2\/posts"}],"about":[{"href":"https:\/\/www.europesays.com\/es\/wp-json\/wp\/v2\/types\/post"}],"author":[{"embeddable":true,"href":"https:\/\/www.europesays.com\/es\/wp-json\/wp\/v2\/users\/2"}],"replies":[{"embeddable":true,"href":"https:\/\/www.europesays.com\/es\/wp-json\/wp\/v2\/comments?post=375653"}],"version-history":[{"count":0,"href":"https:\/\/www.europesays.com\/es\/wp-json\/wp\/v2\/posts\/375653\/revisions"}],"wp:featuredmedia":[{"embeddable":true,"href":"https:\/\/www.europesays.com\/es\/wp-json\/wp\/v2\/media\/375654"}],"wp:attachment":[{"href":"https:\/\/www.europesays.com\/es\/wp-json\/wp\/v2\/media?parent=375653"}],"wp:term":[{"taxonomy":"category","embeddable":true,"href":"https:\/\/www.europesays.com\/es\/wp-json\/wp\/v2\/categories?post=375653"},{"taxonomy":"post_tag","embeddable":true,"href":"https:\/\/www.europesays.com\/es\/wp-json\/wp\/v2\/tags?post=375653"}],"curies":[{"name":"wp","href":"https:\/\/api.w.org\/{rel}","templated":true}]}}